{"id":152613,"date":"2026-08-30T09:42:56","date_gmt":"2026-08-30T14:42:56","guid":{"rendered":"https:\/\/elinformanteperu.com\/?p=152613"},"modified":"2026-08-30T09:42:56","modified_gmt":"2026-08-30T14:42:56","slug":"peter-cullen-murio-la-inolvidable-voz-de-optimus-prime-en-transformers","status":"publish","type":"post","link":"https:\/\/elinformanteperu.com\/index.php\/2026\/08\/30\/peter-cullen-murio-la-inolvidable-voz-de-optimus-prime-en-transformers\/","title":{"rendered":"Peter Cullen: Muri\u00f3 la inolvidable voz de Optimus Prime en &#8216;Transformers&#8217;"},"content":{"rendered":"<p><span style=\"color: #000000;\"><strong>Los \u00c1ngeles, 27 Agosto 2026.-<\/strong> El actor de doblaje canadiense Peter Cullen, conocido por dar vida al her\u00f3ico Optimus Prime en las pel\u00edculas, series y videojuegos de la franquicia &#8216;Transformers&#8217;, falleci\u00f3 a los 85 a\u00f1os.<\/span><\/p>\n<p><span style=\"color: #000000;\">Cullen muri\u00f3 el mi\u00e9rcoles en su casa de Los \u00c1ngeles, seg\u00fan confirm\u00f3 este jueves su agente, Kevin Motley, a la revista The Hollywood Reporter.<\/span><\/p>\n<p><span style=\"color: #000000;\">El int\u00e9rprete estuvo rodeado de su familia, indic\u00f3 por su parte la familia en un comunicado en el que evitaron revelar las causas de su fallecimiento.<\/span><\/p>\n<p><span style=\"color: #000000;\">Nacido en Montreal (Canad\u00e1), su papel m\u00e1s distintivo fue el de Optimus Prime en varias series, pel\u00edculas y videojuegos de &#8216;Transformers&#8217;.<\/span><\/p>\n<p><span style=\"color: #000000;\">Cullen fue el primero en prestar su voz en ingl\u00e9s al l\u00edder de los Autobots en la serie de animaci\u00f3n que se desarroll\u00f3 de 1984 a 1987.<\/span><\/p>\n<p><a href=\"https:\/\/elinformanteperu.com\/wp-content\/uploads\/2026\/08\/Peter-Cullen-voz-transformers1.jpg\"><img fetchpriority=\"high\" decoding=\"async\" class=\"size-full wp-image-152615 aligncenter\" src=\"https:\/\/elinformanteperu.com\/wp-content\/uploads\/2026\/08\/Peter-Cullen-voz-transformers1.jpg\" alt=\"\" width=\"830\" height=\"555\" srcset=\"https:\/\/elinformanteperu.com\/wp-content\/uploads\/2026\/08\/Peter-Cullen-voz-transformers1.jpg 830w, https:\/\/elinformanteperu.com\/wp-content\/uploads\/2026\/08\/Peter-Cullen-voz-transformers1-300x201.jpg 300w, https:\/\/elinformanteperu.com\/wp-content\/uploads\/2026\/08\/Peter-Cullen-voz-transformers1-768x514.jpg 768w\" sizes=\"(max-width: 830px) 100vw, 830px\" \/><\/a><span style=\"color: #000000;\">La muerte de Optimus Prime tras un duelo con el tit\u00e1nico Megatron en la pel\u00edcula de 1986 provoc\u00f3 tal revuelo entre los seguidores de la franquicia que llev\u00f3 a los productores a traer de vuelta al personaje y a Cullen para la cinta de 1987 &#8216;Transformers: The Return of Optimus Prime&#8217; (&#8216;Transformers: El regreso de Optimus Prime&#8217;).<\/span><\/p>\n<p><span style=\"color: #000000;\">Dos d\u00e9cadas despu\u00e9s volvi\u00f3 a prestar voz a su querido personaje cuando en 2007 el director Michael Bay resucit\u00f3 la franquicia para la gran pantalla.<\/span><\/p>\n<p><span style=\"color: #000000;\">M\u00e1s all\u00e1 de Optimus Prime, el personaje que le dio la fama, su voz encarn\u00f3 a personajes como el Igor, burro l\u00e1nguido de Winnie de Pooh o al malvado KARR en la serie de televisi\u00f3n estadounidense de la d\u00e9cada de 1980 &#8216;Knight Rider&#8217; (&#8216;El coche fant\u00e1stico&#8217;).<strong> (ANDINA).<\/strong><\/span><\/p>\n","protected":false},"excerpt":{"rendered":"<p>Los \u00c1ngeles, 27 Agosto 2026.- El actor de doblaje canadiense Peter Cullen, conocido por dar vida al her\u00f3ico Optimus Prime en las pel\u00edculas, series y videojuegos de la franquicia &#8216;Transformers&#8217;, falleci\u00f3 a los 85 a\u00f1os. Cullen muri\u00f3 el mi\u00e9rcoles en su casa de Los \u00c1ngeles, seg\u00fan confirm\u00f3 este jueves su agente, Kevin Motley, a la [&hellip;]<\/p>\n","protected":false},"author":1,"featured_media":152614,"comment_status":"closed","ping_status":"closed","sticky":false,"template":"","format":"standard","meta":{"rop_custom_images_group":[],"rop_custom_messages_group":[],"rop_publish_now":"initial","rop_publish_now_accounts":[],"rop_publish_now_history":[],"rop_publish_now_status":"pending","footnotes":""},"categories":[7],"tags":[498],"class_list":["post-152613","post","type-post","status-publish","format-standard","has-post-thumbnail","hentry","category-butaca","tag-transformers"],"_links":{"self":[{"href":"https:\/\/elinformanteperu.com\/index.php\/wp-json\/wp\/v2\/posts\/152613","targetHints":{"allow":["GET"]}}],"collection":[{"href":"https:\/\/elinformanteperu.com\/index.php\/wp-json\/wp\/v2\/posts"}],"about":[{"href":"https:\/\/elinformanteperu.com\/index.php\/wp-json\/wp\/v2\/types\/post"}],"author":[{"embeddable":true,"href":"https:\/\/elinformanteperu.com\/index.php\/wp-json\/wp\/v2\/users\/1"}],"replies":[{"embeddable":true,"href":"https:\/\/elinformanteperu.com\/index.php\/wp-json\/wp\/v2\/comments?post=152613"}],"version-history":[{"count":1,"href":"https:\/\/elinformanteperu.com\/index.php\/wp-json\/wp\/v2\/posts\/152613\/revisions"}],"predecessor-version":[{"id":152616,"href":"https:\/\/elinformanteperu.com\/index.php\/wp-json\/wp\/v2\/posts\/152613\/revisions\/152616"}],"wp:featuredmedia":[{"embeddable":true,"href":"https:\/\/elinformanteperu.com\/index.php\/wp-json\/wp\/v2\/media\/152614"}],"wp:attachment":[{"href":"https:\/\/elinformanteperu.com\/index.php\/wp-json\/wp\/v2\/media?parent=152613"}],"wp:term":[{"taxonomy":"category","embeddable":true,"href":"https:\/\/elinformanteperu.com\/index.php\/wp-json\/wp\/v2\/categories?post=152613"},{"taxonomy":"post_tag","embeddable":true,"href":"https:\/\/elinformanteperu.com\/index.php\/wp-json\/wp\/v2\/tags?post=152613"}],"curies":[{"name":"wp","href":"https:\/\/api.w.org\/{rel}","templated":true}]}}