{"id":1522,"date":"2016-11-21T01:52:17","date_gmt":"2016-11-21T06:52:17","guid":{"rendered":"http:\/\/elinformanteperu.com\/?p=1522"},"modified":"2016-11-21T01:52:17","modified_gmt":"2016-11-21T06:52:17","slug":"jefe-de-estado-agradece-participacion-de-lideres-en-cumbre-apec-de-lima","status":"publish","type":"post","link":"https:\/\/elinformanteperu.com\/index.php\/2016\/11\/21\/jefe-de-estado-agradece-participacion-de-lideres-en-cumbre-apec-de-lima\/","title":{"rendered":"Jefe de Estado agradece participaci\u00f3n de l\u00edderes en Cumbre APEC de Lima"},"content":{"rendered":"<p style=\"text-align: justify;\"><strong>El Presidente de la Rep\u00fablica, Pedro Pablo Kuczynski, agradeci\u00f3 a los l\u00edderes de las econom\u00edas del As\u00eda-Pac\u00edfico por su asistencia a la 24 edici\u00f3n de la Cumbre de APEC 2016.<\/strong><\/p>\n<p style=\"text-align: justify;\"><strong>Lima, 20 Noviembre 2016, (ANDINA).-<\/strong> El Presidente de la Rep\u00fablica, Pedro Pablo Kuczynski, agradeci\u00f3 a los l\u00edderes de las econom\u00edas del As\u00eda-Pac\u00edfico por su asistencia a la 24 edici\u00f3n de la Cumbre de APEC 2016, que se realiza en Lima.<\/p>\n<p style=\"text-align: justify;\">A trav\u00e9s de la red social Twitter, el Mandatario peruano destac\u00f3, adem\u00e1s, que la Cumbre de L\u00edderes se ha llevado a cabo con \u00e9xito.<\/p>\n<p style=\"text-align: justify;\">La Cumbre de L\u00edderes del Foro de Cooperaci\u00f3n Econ\u00f3mica Asia-Pac\u00edfico llega a su fin hoy con la participaci\u00f3n de los m\u00e1s altos representantes de las 21 econom\u00edas de la regi\u00f3n.<\/p>\n<p style=\"text-align: justify;\">Es la segunda vez que Per\u00fa organiza esta importante cita. La primera fue el 2008.<\/p>\n<p style=\"text-align: justify;\">El evento concluy\u00f3 hoy con la suscripci\u00f3n de la Declaraci\u00f3n de Lima.<\/p>\n<p style=\"text-align: justify;\"><img fetchpriority=\"high\" decoding=\"async\" class=\"alignnone size-full wp-image-1524\" src=\"http:\/\/elinformanteperu.com\/wp-content\/uploads\/2016\/11\/ppk-apec6.jpg\" alt=\"ppk-apec6\" width=\"1800\" height=\"1200\" srcset=\"https:\/\/elinformanteperu.com\/wp-content\/uploads\/2016\/11\/ppk-apec6.jpg 1800w, https:\/\/elinformanteperu.com\/wp-content\/uploads\/2016\/11\/ppk-apec6-300x200.jpg 300w, https:\/\/elinformanteperu.com\/wp-content\/uploads\/2016\/11\/ppk-apec6-768x512.jpg 768w, https:\/\/elinformanteperu.com\/wp-content\/uploads\/2016\/11\/ppk-apec6-1024x683.jpg 1024w, https:\/\/elinformanteperu.com\/wp-content\/uploads\/2016\/11\/ppk-apec6-128x85.jpg 128w, https:\/\/elinformanteperu.com\/wp-content\/uploads\/2016\/11\/ppk-apec6-32x21.jpg 32w\" sizes=\"(max-width: 1800px) 100vw, 1800px\" \/><\/p>\n","protected":false},"excerpt":{"rendered":"<p>El Presidente de la Rep\u00fablica, Pedro Pablo Kuczynski, agradeci\u00f3 a los l\u00edderes de las econom\u00edas del As\u00eda-Pac\u00edfico por su asistencia a la 24 edici\u00f3n de la Cumbre de APEC 2016. Lima, 20 Noviembre 2016, (ANDINA).- El Presidente de la Rep\u00fablica, Pedro Pablo Kuczynski, agradeci\u00f3 a los l\u00edderes de las econom\u00edas del As\u00eda-Pac\u00edfico por su asistencia [&hellip;]<\/p>\n","protected":false},"author":1,"featured_media":1523,"comment_status":"open","ping_status":"open","sticky":false,"template":"","format":"standard","meta":{"rop_custom_images_group":[],"rop_custom_messages_group":[],"rop_publish_now":"initial","rop_publish_now_accounts":[],"rop_publish_now_history":[],"rop_publish_now_status":"pending","footnotes":""},"categories":[5],"tags":[80,74,73],"class_list":["post-1522","post","type-post","status-publish","format-standard","has-post-thumbnail","hentry","category-actualidad-informativa","tag-apec","tag-pedro-pablo-kuczynski","tag-ppk"],"_links":{"self":[{"href":"https:\/\/elinformanteperu.com\/index.php\/wp-json\/wp\/v2\/posts\/1522","targetHints":{"allow":["GET"]}}],"collection":[{"href":"https:\/\/elinformanteperu.com\/index.php\/wp-json\/wp\/v2\/posts"}],"about":[{"href":"https:\/\/elinformanteperu.com\/index.php\/wp-json\/wp\/v2\/types\/post"}],"author":[{"embeddable":true,"href":"https:\/\/elinformanteperu.com\/index.php\/wp-json\/wp\/v2\/users\/1"}],"replies":[{"embeddable":true,"href":"https:\/\/elinformanteperu.com\/index.php\/wp-json\/wp\/v2\/comments?post=1522"}],"version-history":[{"count":1,"href":"https:\/\/elinformanteperu.com\/index.php\/wp-json\/wp\/v2\/posts\/1522\/revisions"}],"predecessor-version":[{"id":1525,"href":"https:\/\/elinformanteperu.com\/index.php\/wp-json\/wp\/v2\/posts\/1522\/revisions\/1525"}],"wp:featuredmedia":[{"embeddable":true,"href":"https:\/\/elinformanteperu.com\/index.php\/wp-json\/wp\/v2\/media\/1523"}],"wp:attachment":[{"href":"https:\/\/elinformanteperu.com\/index.php\/wp-json\/wp\/v2\/media?parent=1522"}],"wp:term":[{"taxonomy":"category","embeddable":true,"href":"https:\/\/elinformanteperu.com\/index.php\/wp-json\/wp\/v2\/categories?post=1522"},{"taxonomy":"post_tag","embeddable":true,"href":"https:\/\/elinformanteperu.com\/index.php\/wp-json\/wp\/v2\/tags?post=1522"}],"curies":[{"name":"wp","href":"https:\/\/api.w.org\/{rel}","templated":true}]}}