{"id":1518,"date":"2016-11-21T01:48:42","date_gmt":"2016-11-21T06:48:42","guid":{"rendered":"http:\/\/elinformanteperu.com\/?p=1518"},"modified":"2016-11-21T01:48:42","modified_gmt":"2016-11-21T06:48:42","slug":"lideres-de-economias-de-apec-se-tomaron-fotografia-oficial","status":"publish","type":"post","link":"https:\/\/elinformanteperu.com\/index.php\/2016\/11\/21\/lideres-de-economias-de-apec-se-tomaron-fotografia-oficial\/","title":{"rendered":"L\u00edderes de econom\u00edas de APEC se tomaron fotograf\u00eda oficial"},"content":{"rendered":"<p><strong>Los l\u00edderes de las 21 econom\u00edas miembro del Foro de Cooperaci\u00f3n Econ\u00f3mica Asia-Pac\u00edfico se tomaron la fotograf\u00eda oficial de la reuni\u00f3n cumbre, que se realiza en Lima.<\/strong><\/p>\n<p><strong>Lima, 20 Noviembre 2016, (ANDINA).-<\/strong> Los l\u00edderes de las 21 econom\u00edas miembro del Foro de Cooperaci\u00f3n Econ\u00f3mica Asia-Pac\u00edfico se tomaron la fotograf\u00eda oficial de la reuni\u00f3n cumbre, que se realiza en Lima.<\/p>\n<p>En esta oportunidad, los l\u00edderes de APEC lucieron para la fotograf\u00eda una prenda elaborada con lana de vicu\u00f1a, fibra que destaca en el mundo entero por su finura y alta calidad.<\/p>\n<p>La fotograf\u00eda fue tomada en el Centro de Convenciones 27 de Enero, de San Borja, sede de la Cumbre de L\u00edderes APEC y de las reuniones de este foro de integraci\u00f3n regional.<\/p>\n<p><img fetchpriority=\"high\" decoding=\"async\" class=\"alignnone size-full wp-image-1520\" src=\"http:\/\/elinformanteperu.com\/wp-content\/uploads\/2016\/11\/apec-lideres1.jpg\" alt=\"apec-lideres1\" width=\"1800\" height=\"1040\" srcset=\"https:\/\/elinformanteperu.com\/wp-content\/uploads\/2016\/11\/apec-lideres1.jpg 1800w, https:\/\/elinformanteperu.com\/wp-content\/uploads\/2016\/11\/apec-lideres1-300x173.jpg 300w, https:\/\/elinformanteperu.com\/wp-content\/uploads\/2016\/11\/apec-lideres1-768x444.jpg 768w, https:\/\/elinformanteperu.com\/wp-content\/uploads\/2016\/11\/apec-lideres1-1024x592.jpg 1024w, https:\/\/elinformanteperu.com\/wp-content\/uploads\/2016\/11\/apec-lideres1-128x74.jpg 128w, https:\/\/elinformanteperu.com\/wp-content\/uploads\/2016\/11\/apec-lideres1-32x18.jpg 32w\" sizes=\"(max-width: 1800px) 100vw, 1800px\" \/><\/p>\n","protected":false},"excerpt":{"rendered":"<p>Los l\u00edderes de las 21 econom\u00edas miembro del Foro de Cooperaci\u00f3n Econ\u00f3mica Asia-Pac\u00edfico se tomaron la fotograf\u00eda oficial de la reuni\u00f3n cumbre, que se realiza en Lima. Lima, 20 Noviembre 2016, (ANDINA).- Los l\u00edderes de las 21 econom\u00edas miembro del Foro de Cooperaci\u00f3n Econ\u00f3mica Asia-Pac\u00edfico se tomaron la fotograf\u00eda oficial de la reuni\u00f3n cumbre, que [&hellip;]<\/p>\n","protected":false},"author":1,"featured_media":1519,"comment_status":"open","ping_status":"open","sticky":false,"template":"","format":"standard","meta":{"rop_custom_images_group":[],"rop_custom_messages_group":[],"rop_publish_now":"initial","rop_publish_now_accounts":[],"rop_publish_now_history":[],"rop_publish_now_status":"pending","footnotes":""},"categories":[5],"tags":[80,160,74,210,211],"class_list":["post-1518","post","type-post","status-publish","format-standard","has-post-thumbnail","hentry","category-actualidad-informativa","tag-apec","tag-barack-obama","tag-pedro-pablo-kuczynski","tag-vladimir-putin","tag-xi-jinping"],"_links":{"self":[{"href":"https:\/\/elinformanteperu.com\/index.php\/wp-json\/wp\/v2\/posts\/1518","targetHints":{"allow":["GET"]}}],"collection":[{"href":"https:\/\/elinformanteperu.com\/index.php\/wp-json\/wp\/v2\/posts"}],"about":[{"href":"https:\/\/elinformanteperu.com\/index.php\/wp-json\/wp\/v2\/types\/post"}],"author":[{"embeddable":true,"href":"https:\/\/elinformanteperu.com\/index.php\/wp-json\/wp\/v2\/users\/1"}],"replies":[{"embeddable":true,"href":"https:\/\/elinformanteperu.com\/index.php\/wp-json\/wp\/v2\/comments?post=1518"}],"version-history":[{"count":1,"href":"https:\/\/elinformanteperu.com\/index.php\/wp-json\/wp\/v2\/posts\/1518\/revisions"}],"predecessor-version":[{"id":1521,"href":"https:\/\/elinformanteperu.com\/index.php\/wp-json\/wp\/v2\/posts\/1518\/revisions\/1521"}],"wp:featuredmedia":[{"embeddable":true,"href":"https:\/\/elinformanteperu.com\/index.php\/wp-json\/wp\/v2\/media\/1519"}],"wp:attachment":[{"href":"https:\/\/elinformanteperu.com\/index.php\/wp-json\/wp\/v2\/media?parent=1518"}],"wp:term":[{"taxonomy":"category","embeddable":true,"href":"https:\/\/elinformanteperu.com\/index.php\/wp-json\/wp\/v2\/categories?post=1518"},{"taxonomy":"post_tag","embeddable":true,"href":"https:\/\/elinformanteperu.com\/index.php\/wp-json\/wp\/v2\/tags?post=1518"}],"curies":[{"name":"wp","href":"https:\/\/api.w.org\/{rel}","templated":true}]}}