{"id":15111,"date":"2017-08-29T23:33:03","date_gmt":"2017-08-30T04:33:03","guid":{"rendered":"http:\/\/elinformanteperu.com\/?p=15111"},"modified":"2017-08-29T23:33:03","modified_gmt":"2017-08-30T04:33:03","slug":"natale-amprimo-el-tas-ratifica-que-peru-siempre-tuvo-la-razon","status":"publish","type":"post","link":"https:\/\/elinformanteperu.com\/index.php\/2017\/08\/29\/natale-amprimo-el-tas-ratifica-que-peru-siempre-tuvo-la-razon\/","title":{"rendered":"Natale Amprimo: \u00abEl TAS ratifica que Per\u00fa siempre tuvo la raz\u00f3n\u00bb"},"content":{"rendered":"<p><strong><span style=\"color: #000000;\">El asesor legal de la Federaci\u00f3n Peruana de F\u00fatbol, Natale Amprimo, asever\u00f3 que los bolivianos nunca pudieron justificar la alineaci\u00f3n del nacionalizado Nelson Cabrera ante TAS.<\/span><\/strong><\/p>\n<p><span style=\"color: #000000;\"><strong>Lima, 29 Agosto 2017, (ANDINA).-<\/strong> El asesor legal de la Federaci\u00f3n Peruana de F\u00fatbol, Natale Amprimo, asever\u00f3 que los bolivianos nunca pudieron justificar la alineaci\u00f3n del nacionalizado Nelson Cabrera ante Tribunal Arbitral del Deporte (TAS) y es por ello que ratificaron el fallo impuesto por la FIFA.<\/span><\/p>\n<p><span style=\"color: #000000;\">Amprimo destac\u00f3 el trabajo de la Federaci\u00f3n Peruana de F\u00fatbol al lograr el \u00e9xito en el fallo del TAS<\/span><\/p>\n<p><span style=\"color: #000000;\">\u00abPer\u00fa ha logrado el \u00e9xito que se busc\u00f3 gracias a tener la raz\u00f3n y al esfuerzo de la Federaci\u00f3n\u00bb, dijo Amprimo a &#8216;Toque y Taco&#8217; de Radio Ovaci\u00f3n.<\/span><\/p>\n<p><span style=\"color: #000000;\">\u00abLa inelegibilidad de Nelson Cabrera no pudo ser refutada por Bolivia, hicieron jugar a alguien que estaba prohibido de ser elegible. El TAS le dio la raz\u00f3n a Per\u00fa porque Bolivia no pudo justificar la falta cometida\u00bb, a\u00f1adi\u00f3.<\/span><\/p>\n<p><span style=\"color: #000000;\">Asimismo, manifest\u00f3 que ante el pesimismo de algunas voces se debe reconocer que la FPF hizo un trabajo correcto.<\/span><\/p>\n<p><span style=\"color: #000000;\">\u00abEsa voces negativas y pesimistas hoy tienen que reconocer que se hizo lo correcto y nuestra Federaci\u00f3in har\u00e1 valer todos sus derechos, como debi\u00f3 ser siempre\u00bb, finaliz\u00f3.<\/span><\/p>\n<p><strong><span style=\"color: #000000;\">Ratifican fallo<\/span><\/strong><\/p>\n<p><span style=\"color: #000000;\">El Tribunal Arbitral del Deporte (TAS) rechaz\u00f3 este martes sendas apelaciones realizadas por la Federaci\u00f3n de Bolivia de F\u00fatbol (FBF), y confirm\u00f3 las dos derrotas de su selecci\u00f3n ante Per\u00fa y Chile, ambas por 3-0, en eliminatorias del Mundial de Rusia-2018.<\/span><\/p>\n<p><span style=\"color: #000000;\">El 27 de octubre de 2016, la FIFA determin\u00f3 que Nelson Cabrera, nacido en Paraguay, no cumpl\u00eda los requisitos de elegibilidad para jugar con Bolivia, una decisi\u00f3n ratificada el 12 de enero de 2017 por la Comisi\u00f3n de Apelaci\u00f3n de la instancia mundial del f\u00fatbol.<\/span><\/p>\n<p><img fetchpriority=\"high\" decoding=\"async\" class=\"aligncenter size-full wp-image-15112\" src=\"http:\/\/elinformanteperu.com\/wp-content\/uploads\/2017\/08\/natale-amprimo.jpg\" alt=\"\" width=\"500\" height=\"337\" srcset=\"https:\/\/elinformanteperu.com\/wp-content\/uploads\/2017\/08\/natale-amprimo.jpg 500w, https:\/\/elinformanteperu.com\/wp-content\/uploads\/2017\/08\/natale-amprimo-300x202.jpg 300w, https:\/\/elinformanteperu.com\/wp-content\/uploads\/2017\/08\/natale-amprimo-128x86.jpg 128w, https:\/\/elinformanteperu.com\/wp-content\/uploads\/2017\/08\/natale-amprimo-32x22.jpg 32w\" sizes=\"(max-width: 500px) 100vw, 500px\" \/><\/p>\n","protected":false},"excerpt":{"rendered":"<p>El asesor legal de la Federaci\u00f3n Peruana de F\u00fatbol, Natale Amprimo, asever\u00f3 que los bolivianos nunca pudieron justificar la alineaci\u00f3n del nacionalizado Nelson Cabrera ante TAS. Lima, 29 Agosto 2017, (ANDINA).- El asesor legal de la Federaci\u00f3n Peruana de F\u00fatbol, Natale Amprimo, asever\u00f3 que los bolivianos nunca pudieron justificar la alineaci\u00f3n del nacionalizado Nelson Cabrera [&hellip;]<\/p>\n","protected":false},"author":1,"featured_media":13630,"comment_status":"open","ping_status":"open","sticky":false,"template":"","format":"standard","meta":{"rop_custom_images_group":[],"rop_custom_messages_group":[],"rop_publish_now":"initial","rop_publish_now_accounts":[],"rop_publish_now_history":[],"rop_publish_now_status":"pending","footnotes":""},"categories":[8],"tags":[175,137],"class_list":["post-15111","post","type-post","status-publish","format-standard","has-post-thumbnail","hentry","category-disciplinas-deportivas","tag-eliminatorias","tag-seleccion-peruana"],"_links":{"self":[{"href":"https:\/\/elinformanteperu.com\/index.php\/wp-json\/wp\/v2\/posts\/15111","targetHints":{"allow":["GET"]}}],"collection":[{"href":"https:\/\/elinformanteperu.com\/index.php\/wp-json\/wp\/v2\/posts"}],"about":[{"href":"https:\/\/elinformanteperu.com\/index.php\/wp-json\/wp\/v2\/types\/post"}],"author":[{"embeddable":true,"href":"https:\/\/elinformanteperu.com\/index.php\/wp-json\/wp\/v2\/users\/1"}],"replies":[{"embeddable":true,"href":"https:\/\/elinformanteperu.com\/index.php\/wp-json\/wp\/v2\/comments?post=15111"}],"version-history":[{"count":1,"href":"https:\/\/elinformanteperu.com\/index.php\/wp-json\/wp\/v2\/posts\/15111\/revisions"}],"predecessor-version":[{"id":15113,"href":"https:\/\/elinformanteperu.com\/index.php\/wp-json\/wp\/v2\/posts\/15111\/revisions\/15113"}],"wp:featuredmedia":[{"embeddable":true,"href":"https:\/\/elinformanteperu.com\/index.php\/wp-json\/wp\/v2\/media\/13630"}],"wp:attachment":[{"href":"https:\/\/elinformanteperu.com\/index.php\/wp-json\/wp\/v2\/media?parent=15111"}],"wp:term":[{"taxonomy":"category","embeddable":true,"href":"https:\/\/elinformanteperu.com\/index.php\/wp-json\/wp\/v2\/categories?post=15111"},{"taxonomy":"post_tag","embeddable":true,"href":"https:\/\/elinformanteperu.com\/index.php\/wp-json\/wp\/v2\/tags?post=15111"}],"curies":[{"name":"wp","href":"https:\/\/api.w.org\/{rel}","templated":true}]}}