{"id":150778,"date":"2026-07-23T21:19:45","date_gmt":"2026-07-24T02:19:45","guid":{"rendered":"https:\/\/elinformanteperu.com\/?p=150778"},"modified":"2026-07-23T21:19:45","modified_gmt":"2026-07-24T02:19:45","slug":"keiko-fujimori-dialogo-con-nuncio-apostolico-sobre-visita-del-papa-leon-xiv","status":"publish","type":"post","link":"https:\/\/elinformanteperu.com\/index.php\/2026\/07\/23\/keiko-fujimori-dialogo-con-nuncio-apostolico-sobre-visita-del-papa-leon-xiv\/","title":{"rendered":"Keiko Fujimori dialog\u00f3 con nuncio apost\u00f3lico sobre visita del papa Le\u00f3n XIV"},"content":{"rendered":"<p><strong><span style=\"color: #000000;\">Presidenta electa reafirm\u00f3 compromiso de brindarle una c\u00e1lida bienvenida<\/span><\/strong><\/p>\n<p><span style=\"color: #000000;\"><strong>Lima, 23 Julio 2026.-<\/strong> La presidenta electa, Keiko Fujimori, recibi\u00f3 al nuncio apost\u00f3lico en Per\u00fa, monse\u00f1or Paolo Rocco Gualtieri, con quien coordin\u00f3 aspectos relacionados con la pr\u00f3xima visita del papa Le\u00f3n XIV al pa\u00eds.<\/span><\/p>\n<p><span style=\"color: #000000;\">Durante el encuentro, la mandataria electa reafirm\u00f3 su compromiso de brindar una c\u00e1lida bienvenida al sumo pont\u00edfice.<\/span><\/p>\n<p><span style=\"color: #000000;\">Asimismo, Fujimori Higuchi destac\u00f3 que la visita de su santidad a suelo peruano es un \u201cregalo del Se\u00f1or\u201d, por lo que le pidi\u00f3 al nuncio apost\u00f3lico transmitirle sus buenos deseos al papa Le\u00f3n XIV para que este periplo sea de su agrado.<\/span><\/p>\n<p><span style=\"color: #000000;\">La visita fue confirmada oficialmente en febrero de este a\u00f1o durante una conferencia de prensa encabezada por la Conferencia Episcopal Peruana.<\/span><\/p>\n<p><span style=\"color: #000000;\">Posteriormente, el presidente de la Rep\u00fablica, Jos\u00e9 Mar\u00eda Balc\u00e1zar, viaj\u00f3 al Vaticano para sostener una audiencia con el sumo pont\u00edfice, tras lo cual anunci\u00f3 que el papa\u00a0Le\u00f3n XIV estar\u00eda en Per\u00fa durante ocho a diez d\u00edas en la primera quincena de noviembre de 2026.<\/span><\/p>\n<p><span style=\"color: #000000;\">Seg\u00fan se inform\u00f3, el m\u00e1ximo l\u00edder de la Iglesia cat\u00f3lica tiene previsto visitar las ciudades de Lima, Callao, Chiclayo, Cusco y Pucallpa. <strong>(ANDINA).<\/strong><\/span><\/p>\n<blockquote class=\"twitter-tweet\">\n<p dir=\"ltr\" lang=\"es\">La presidenta electa, Keiko Fujimori, recibi\u00f3 al nuncio apost\u00f3lico en el Per\u00fa, monse\u00f1or Paolo Rocco Gualtieri, con quien coordin\u00f3 aspectos relacionados con la pr\u00f3xima visita del Papa Le\u00f3n XIV al pa\u00eds. Durante el encuentro, reafirm\u00f3 su compromiso de brindar una c\u00e1lida bienvenida\u2026 <a href=\"https:\/\/t.co\/mF0LPZad6o\">pic.twitter.com\/mF0LPZad6o<\/a><\/p>\n<p>\u2014 Oficina de la Presidenta Electa (@ope_peru) <a href=\"https:\/\/x.com\/ope_peru\/status\/2080369870210761177?ref_src=twsrc%5Etfw\">July 23, 2026<\/a><\/p><\/blockquote>\n<p><script async src=\"https:\/\/platform.x.com\/widgets.js\" charset=\"utf-8\"><\/script><\/p>\n","protected":false},"excerpt":{"rendered":"<p>Presidenta electa reafirm\u00f3 compromiso de brindarle una c\u00e1lida bienvenida Lima, 23 Julio 2026.- La presidenta electa, Keiko Fujimori, recibi\u00f3 al nuncio apost\u00f3lico en Per\u00fa, monse\u00f1or Paolo Rocco Gualtieri, con quien coordin\u00f3 aspectos relacionados con la pr\u00f3xima visita del papa Le\u00f3n XIV al pa\u00eds. Durante el encuentro, la mandataria electa reafirm\u00f3 su compromiso de brindar una [&hellip;]<\/p>\n","protected":false},"author":1,"featured_media":150779,"comment_status":"closed","ping_status":"closed","sticky":false,"template":"","format":"standard","meta":{"rop_custom_images_group":[],"rop_custom_messages_group":[],"rop_publish_now":"initial","rop_publish_now_accounts":[],"rop_publish_now_history":[],"rop_publish_now_status":"pending","footnotes":""},"categories":[5],"tags":[557,8825],"class_list":["post-150778","post","type-post","status-publish","format-standard","has-post-thumbnail","hentry","category-actualidad-informativa","tag-keiko-fujimori","tag-visita-papa-leon-xiv"],"_links":{"self":[{"href":"https:\/\/elinformanteperu.com\/index.php\/wp-json\/wp\/v2\/posts\/150778","targetHints":{"allow":["GET"]}}],"collection":[{"href":"https:\/\/elinformanteperu.com\/index.php\/wp-json\/wp\/v2\/posts"}],"about":[{"href":"https:\/\/elinformanteperu.com\/index.php\/wp-json\/wp\/v2\/types\/post"}],"author":[{"embeddable":true,"href":"https:\/\/elinformanteperu.com\/index.php\/wp-json\/wp\/v2\/users\/1"}],"replies":[{"embeddable":true,"href":"https:\/\/elinformanteperu.com\/index.php\/wp-json\/wp\/v2\/comments?post=150778"}],"version-history":[{"count":1,"href":"https:\/\/elinformanteperu.com\/index.php\/wp-json\/wp\/v2\/posts\/150778\/revisions"}],"predecessor-version":[{"id":150780,"href":"https:\/\/elinformanteperu.com\/index.php\/wp-json\/wp\/v2\/posts\/150778\/revisions\/150780"}],"wp:featuredmedia":[{"embeddable":true,"href":"https:\/\/elinformanteperu.com\/index.php\/wp-json\/wp\/v2\/media\/150779"}],"wp:attachment":[{"href":"https:\/\/elinformanteperu.com\/index.php\/wp-json\/wp\/v2\/media?parent=150778"}],"wp:term":[{"taxonomy":"category","embeddable":true,"href":"https:\/\/elinformanteperu.com\/index.php\/wp-json\/wp\/v2\/categories?post=150778"},{"taxonomy":"post_tag","embeddable":true,"href":"https:\/\/elinformanteperu.com\/index.php\/wp-json\/wp\/v2\/tags?post=150778"}],"curies":[{"name":"wp","href":"https:\/\/api.w.org\/{rel}","templated":true}]}}