{"id":150728,"date":"2026-07-23T19:35:19","date_gmt":"2026-07-24T00:35:19","guid":{"rendered":"https:\/\/elinformanteperu.com\/?p=150728"},"modified":"2026-07-23T19:35:19","modified_gmt":"2026-07-24T00:35:19","slug":"municipalidad-de-lima-y-policia-nacional-recuperan-espacios-publicos-en-la-av-dansey-en-el-cercado-de-lima","status":"publish","type":"post","link":"https:\/\/elinformanteperu.com\/index.php\/2026\/07\/23\/municipalidad-de-lima-y-policia-nacional-recuperan-espacios-publicos-en-la-av-dansey-en-el-cercado-de-lima\/","title":{"rendered":"Municipalidad de Lima y Polic\u00eda Nacional recuperan espacios p\u00fablicos en la av. Dansey en el Cercado de Lima"},"content":{"rendered":"<p><span style=\"color: #000000;\"><strong>Lima, 23 Julio 2026 (El Informante Per\u00fa).-<\/strong> La intervenci\u00f3n permiti\u00f3 liberar pistas y veredas ocupadas de manera indebida, ordenar el tr\u00e1nsito y reforzar la seguridad en la zona. Las autoridades informaron que las acciones de control y fiscalizaci\u00f3n se mantendr\u00e1n de forma permanente<\/span><\/p>\n<p><span style=\"color: #000000;\">Por disposici\u00f3n del alcalde de Lima, Renzo Reggiardo, la Municipalidad de Lima ejecut\u00f3 un importante operativo de recuperaci\u00f3n de espacios p\u00fablicos en la avenida Guillermo Dansey, en el tramo comprendido entre las avenidas Ram\u00f3n C\u00e1rcamo y Alfonso Ugarte, con el objetivo de restablecer el orden, garantizar el libre tr\u00e1nsito de peatones y veh\u00edculos, y evitar la ocupaci\u00f3n indebida de la v\u00eda p\u00fablica.<\/span><\/p>\n<p><span style=\"color: #000000;\">Desde las primeras horas de este martes 21 de julio, un contingente integrado por fiscalizadores, serenos y operarios de la comuna lime\u00f1a, con el apoyo de efectivos de la Polic\u00eda Nacional del Per\u00fa (PNP), intervino la zona para retirar mercader\u00eda, toldos, m\u00f3dulos y otros elementos instalados de manera informal sobre pistas y veredas.<\/span><\/p>\n<p><span style=\"color: #000000;\">La intervenci\u00f3n tambi\u00e9n comprendi\u00f3 la liberaci\u00f3n de los jirones Huarochir\u00ed, Ascope, Pacasmayo, Acomayo y Garc\u00eda Vill\u00f3n. Asimismo, inspectores de tr\u00e1nsito y efectivos policiales realizaron acciones de fiscalizaci\u00f3n contra veh\u00edculos estacionados en zonas prohibidas o que obstaculizaban la circulaci\u00f3n, aplicando las sanciones correspondientes de acuerdo con la normativa vigente.<\/span><\/p>\n<p><span style=\"color: #000000;\">La gerente de Fiscalizaci\u00f3n y Control de la Municipalidad de Lima, Mariella Falla, destac\u00f3 que el operativo marca el inicio del ordenamiento permanente en la zona.<\/span><\/p>\n<p><span style=\"color: #000000;\">\u00abCuando se da el trabajo coordinado entre la Polic\u00eda Nacional del Per\u00fa y la Municipalidad, se ven los resultados. Hemos empezado desde las cinco y media de la ma\u00f1ana y es el comienzo para ordenar toda la zona las 24 horas del d\u00eda, los siete d\u00edas de la semana. Ya no va a haber comercio ambulatorio, solo comercios autorizados, no habr\u00e1 estacionamiento indiscriminado de veh\u00edculos y garantizaremos orden, seguridad y transitabilidad\u00bb, se\u00f1al\u00f3.<\/span><\/p>\n<p><a href=\"https:\/\/elinformanteperu.com\/wp-content\/uploads\/2026\/07\/lima-guillermo-damsey1.jpg\"><img fetchpriority=\"high\" decoding=\"async\" class=\"size-full wp-image-150730 aligncenter\" src=\"https:\/\/elinformanteperu.com\/wp-content\/uploads\/2026\/07\/lima-guillermo-damsey1.jpg\" alt=\"\" width=\"981\" height=\"730\" srcset=\"https:\/\/elinformanteperu.com\/wp-content\/uploads\/2026\/07\/lima-guillermo-damsey1.jpg 981w, https:\/\/elinformanteperu.com\/wp-content\/uploads\/2026\/07\/lima-guillermo-damsey1-300x223.jpg 300w, https:\/\/elinformanteperu.com\/wp-content\/uploads\/2026\/07\/lima-guillermo-damsey1-768x571.jpg 768w\" sizes=\"(max-width: 981px) 100vw, 981px\" \/><\/a><span style=\"color: #000000;\">La funcionaria inform\u00f3 que, una vez culminada la intervenci\u00f3n, se mantendr\u00e1 un trabajo permanente de vigilancia para evitar la reocupaci\u00f3n de los espacios p\u00fablicos.<\/span><\/p>\n<p><span style=\"color: #000000;\">\u00abHabr\u00e1 un sostenimiento permanente, coordinado con la DIVPOL Centro y la Regi\u00f3n Policial Lima. La presencia de la Polic\u00eda Nacional garantiza la efectividad del operativo todos los d\u00edas. Fiscalizaci\u00f3n verificar\u00e1 que solo permanezcan los comercios autorizados, que las galer\u00edas no ocupen la v\u00eda p\u00fablica con mercader\u00eda, la Gerencia de Movilidad Urbana evitar\u00e1 el estacionamiento indebido y la Polic\u00eda Nacional, junto con Serenazgo, garantizar\u00e1 la seguridad\u00bb, manifest\u00f3.<\/span><\/p>\n<p><span style=\"color: #000000;\">\u00abExhortamos a cumplir la normativa y evitar la retenci\u00f3n de productos y las multas. En un trabajo coordinado con la Polic\u00eda Nacional no vamos a bajar la guardia y vamos a ser firmes para garantizar el orden y la transitabilidad en esta zona\u00bb, agreg\u00f3.<\/span><\/p>\n<p><span style=\"color: #000000;\">Por su parte, el coronel PNP Marcial Flores inform\u00f3 que la Polic\u00eda Nacional mantendr\u00e1 presencia permanente en la zona. \u00abTenemos aproximadamente 80 efectivos destinados para este operativo y para realizar las acciones de sostenimiento durante estos d\u00edas\u00bb, dijo.<\/span><\/p>\n<p><span style=\"color: #000000;\">Adem\u00e1s, indic\u00f3 que se ejecutar\u00e1n operativos complementarios para reforzar la seguridad. \u00abLa Polic\u00eda Nacional, a trav\u00e9s de su \u00f3rgano de inteligencia, viene adoptando las medidas correspondientes para desarrollar operativos de control de identidad, operativos de impacto y otras acciones que permitan mantener el orden y la seguridad\u00bb, explic\u00f3.<\/span><\/p>\n<p><span style=\"color: #000000;\">Estas acciones forman parte de la estrategia de la Municipalidad Metropolitana de Lima para recuperar y preservar los espacios p\u00fablicos en los principales conglomerados comerciales de la capital. A la fecha, ya se han intervenido zonas como Las Malvinas, Mesa Redonda, el Mercado Central, la Alameda Chabuca Granda, el Tri\u00e1ngulo Grau, la avenida Grau, la avenida Aviaci\u00f3n, la Carretera Central en Ate y el paradero Grau, entre otros.<\/span><\/p>\n<p><span style=\"color: #000000;\">Como parte de las medidas adoptadas, personal municipal y efectivos de la Polic\u00eda Nacional permanecer\u00e1n de manera permanente en las v\u00edas recuperadas para impedir el retorno del comercio informal y preservar el orden, la seguridad y la libre circulaci\u00f3n de vecinos y visitantes.<\/span><\/p>\n<p><a href=\"https:\/\/elinformanteperu.com\/wp-content\/uploads\/2026\/07\/lima-guillermo-damsey2.jpg\"><img decoding=\"async\" class=\"wp-image-150731 aligncenter\" src=\"https:\/\/elinformanteperu.com\/wp-content\/uploads\/2026\/07\/lima-guillermo-damsey2-1024x682.jpg\" alt=\"\" width=\"976\" height=\"650\" srcset=\"https:\/\/elinformanteperu.com\/wp-content\/uploads\/2026\/07\/lima-guillermo-damsey2-1024x682.jpg 1024w, https:\/\/elinformanteperu.com\/wp-content\/uploads\/2026\/07\/lima-guillermo-damsey2-300x200.jpg 300w, https:\/\/elinformanteperu.com\/wp-content\/uploads\/2026\/07\/lima-guillermo-damsey2-768x512.jpg 768w, https:\/\/elinformanteperu.com\/wp-content\/uploads\/2026\/07\/lima-guillermo-damsey2.jpg 1102w\" sizes=\"(max-width: 976px) 100vw, 976px\" \/><\/a><\/p>\n","protected":false},"excerpt":{"rendered":"<p>Lima, 23 Julio 2026 (El Informante Per\u00fa).- La intervenci\u00f3n permiti\u00f3 liberar pistas y veredas ocupadas de manera indebida, ordenar el tr\u00e1nsito y reforzar la seguridad en la zona. Las autoridades informaron que las acciones de control y fiscalizaci\u00f3n se mantendr\u00e1n de forma permanente Por disposici\u00f3n del alcalde de Lima, Renzo Reggiardo, la Municipalidad de Lima [&hellip;]<\/p>\n","protected":false},"author":1,"featured_media":150729,"comment_status":"closed","ping_status":"closed","sticky":false,"template":"","format":"standard","meta":{"rop_custom_images_group":[],"rop_custom_messages_group":[],"rop_publish_now":"initial","rop_publish_now_accounts":[],"rop_publish_now_history":[],"rop_publish_now_status":"pending","footnotes":""},"categories":[10],"tags":[122,438,281],"class_list":["post-150728","post","type-post","status-publish","format-standard","has-post-thumbnail","hentry","category-actualidad-municipal","tag-municipalidad-de-lima","tag-pnp","tag-policia-nacional"],"_links":{"self":[{"href":"https:\/\/elinformanteperu.com\/index.php\/wp-json\/wp\/v2\/posts\/150728","targetHints":{"allow":["GET"]}}],"collection":[{"href":"https:\/\/elinformanteperu.com\/index.php\/wp-json\/wp\/v2\/posts"}],"about":[{"href":"https:\/\/elinformanteperu.com\/index.php\/wp-json\/wp\/v2\/types\/post"}],"author":[{"embeddable":true,"href":"https:\/\/elinformanteperu.com\/index.php\/wp-json\/wp\/v2\/users\/1"}],"replies":[{"embeddable":true,"href":"https:\/\/elinformanteperu.com\/index.php\/wp-json\/wp\/v2\/comments?post=150728"}],"version-history":[{"count":1,"href":"https:\/\/elinformanteperu.com\/index.php\/wp-json\/wp\/v2\/posts\/150728\/revisions"}],"predecessor-version":[{"id":150732,"href":"https:\/\/elinformanteperu.com\/index.php\/wp-json\/wp\/v2\/posts\/150728\/revisions\/150732"}],"wp:featuredmedia":[{"embeddable":true,"href":"https:\/\/elinformanteperu.com\/index.php\/wp-json\/wp\/v2\/media\/150729"}],"wp:attachment":[{"href":"https:\/\/elinformanteperu.com\/index.php\/wp-json\/wp\/v2\/media?parent=150728"}],"wp:term":[{"taxonomy":"category","embeddable":true,"href":"https:\/\/elinformanteperu.com\/index.php\/wp-json\/wp\/v2\/categories?post=150728"},{"taxonomy":"post_tag","embeddable":true,"href":"https:\/\/elinformanteperu.com\/index.php\/wp-json\/wp\/v2\/tags?post=150728"}],"curies":[{"name":"wp","href":"https:\/\/api.w.org\/{rel}","templated":true}]}}