{"id":15070,"date":"2017-08-29T20:59:01","date_gmt":"2017-08-30T01:59:01","guid":{"rendered":"http:\/\/elinformanteperu.com\/?p=15070"},"modified":"2017-08-29T20:59:01","modified_gmt":"2017-08-30T01:59:01","slug":"presentan-adelanto-del-thriller-madre-de-darren-aronofsky","status":"publish","type":"post","link":"https:\/\/elinformanteperu.com\/index.php\/2017\/08\/29\/presentan-adelanto-del-thriller-madre-de-darren-aronofsky\/","title":{"rendered":"Presentan adelanto del thriller \u00a1Madre!, de Darren Aronofsky"},"content":{"rendered":"<p><span style=\"color: #000000;\"><strong>Los principales percances de una relaci\u00f3n a prueba entre un poeta y su esposa, cargados de terror psicol\u00f3gico, son los elementos m\u00e1s llamativos del adelanto de \u00a1Madre!.<\/strong><\/span><\/p>\n<p><span style=\"color: #000000;\"><strong>Los \u00c1ngeles, 29 Agosto 2017, (PL).-<\/strong> Los principales percances de una relaci\u00f3n a prueba entre un poeta y su esposa, cargados de terror psicol\u00f3gico, resultan hoy los elementos m\u00e1s llamativos del adelanto de \u00a1Madre!, pel\u00edcula escrita y dirigida por Darren Aronofsky.<\/span><\/p>\n<p><span style=\"color: #000000;\">Pr\u00f3ximo a su estreno, el 29 de septiembre, el tr\u00e1iler del filme recrea el ambiente sombr\u00edo en torno a la pareja, encarnada por dos ganadores del Oscar, Jennifer Lawrence y Javier Bardem, que recibe en su casa de campo una visita inesperada de otro matrimonio.<\/span><\/p>\n<p><span style=\"color: #000000;\">En ese punto, el poeta recuperar\u00e1 la inspiraci\u00f3n que hab\u00eda perdido y escribir\u00e1 la obra que le traer\u00e1 la ansiada fama, mientras, el personaje interpretado por Lawrence se sumergir\u00e1 en un viaje hasta los anillos m\u00e1s profundos del infierno.<\/span><\/p>\n<p><span style=\"color: #000000;\">Completan el elenco Ed Harris y Michelle Pfeiffer en los papeles de la segunda pareja, as\u00ed como los actores irlandeses Brian y Domhnall Gleeson.<\/span><\/p>\n<p><span style=\"color: #000000;\">Antes de su estreno, Madre! ser\u00e1 proyectada como parte de la secci\u00f3n de presentaciones especiales del Festival Internacional de Cine de Toronto, previsto del 7 al 17 de septiembre, y figura adem\u00e1s en el apartado Perlas de la cita f\u00edlmica de San Sebasti\u00e1n.<\/span><\/p>\n<p><span style=\"color: #000000;\">Enmarcado en este mismo g\u00e9nero, en 2010, Aronofsky termin\u00f3 Black Swan, otro thriller psicol\u00f3gico, en el cual capta todo el perfil obsesivo y exigente asociado al mundo de la danza como disciplina y por el que, adem\u00e1s, Natalie Portman gan\u00f3 una estatuilla como mejor actriz.<\/span><\/p>\n<p><iframe src=\"https:\/\/www.youtube-nocookie.com\/embed\/4XpK3NqkqY0?rel=0&amp;controls=0&amp;showinfo=0\" width=\"560\" height=\"315\" frameborder=\"0\" allowfullscreen=\"allowfullscreen\"><\/iframe><\/p>\n","protected":false},"excerpt":{"rendered":"<p>Los principales percances de una relaci\u00f3n a prueba entre un poeta y su esposa, cargados de terror psicol\u00f3gico, son los elementos m\u00e1s llamativos del adelanto de \u00a1Madre!. Los \u00c1ngeles, 29 Agosto 2017, (PL).- Los principales percances de una relaci\u00f3n a prueba entre un poeta y su esposa, cargados de terror psicol\u00f3gico, resultan hoy los elementos [&hellip;]<\/p>\n","protected":false},"author":1,"featured_media":15071,"comment_status":"open","ping_status":"open","sticky":false,"template":"","format":"standard","meta":{"rop_custom_images_group":[],"rop_custom_messages_group":[],"rop_publish_now":"initial","rop_publish_now_accounts":[],"rop_publish_now_history":[],"rop_publish_now_status":"pending","footnotes":""},"categories":[7],"tags":[488,736,681,2096],"class_list":["post-15070","post","type-post","status-publish","format-standard","has-post-thumbnail","hentry","category-butaca","tag-cine","tag-javier-bardem","tag-jennifer-lawrence","tag-madre"],"_links":{"self":[{"href":"https:\/\/elinformanteperu.com\/index.php\/wp-json\/wp\/v2\/posts\/15070","targetHints":{"allow":["GET"]}}],"collection":[{"href":"https:\/\/elinformanteperu.com\/index.php\/wp-json\/wp\/v2\/posts"}],"about":[{"href":"https:\/\/elinformanteperu.com\/index.php\/wp-json\/wp\/v2\/types\/post"}],"author":[{"embeddable":true,"href":"https:\/\/elinformanteperu.com\/index.php\/wp-json\/wp\/v2\/users\/1"}],"replies":[{"embeddable":true,"href":"https:\/\/elinformanteperu.com\/index.php\/wp-json\/wp\/v2\/comments?post=15070"}],"version-history":[{"count":1,"href":"https:\/\/elinformanteperu.com\/index.php\/wp-json\/wp\/v2\/posts\/15070\/revisions"}],"predecessor-version":[{"id":15072,"href":"https:\/\/elinformanteperu.com\/index.php\/wp-json\/wp\/v2\/posts\/15070\/revisions\/15072"}],"wp:featuredmedia":[{"embeddable":true,"href":"https:\/\/elinformanteperu.com\/index.php\/wp-json\/wp\/v2\/media\/15071"}],"wp:attachment":[{"href":"https:\/\/elinformanteperu.com\/index.php\/wp-json\/wp\/v2\/media?parent=15070"}],"wp:term":[{"taxonomy":"category","embeddable":true,"href":"https:\/\/elinformanteperu.com\/index.php\/wp-json\/wp\/v2\/categories?post=15070"},{"taxonomy":"post_tag","embeddable":true,"href":"https:\/\/elinformanteperu.com\/index.php\/wp-json\/wp\/v2\/tags?post=15070"}],"curies":[{"name":"wp","href":"https:\/\/api.w.org\/{rel}","templated":true}]}}