{"id":15051,"date":"2017-08-29T00:48:45","date_gmt":"2017-08-29T05:48:45","guid":{"rendered":"http:\/\/elinformanteperu.com\/?p=15051"},"modified":"2017-08-29T00:49:21","modified_gmt":"2017-08-29T05:49:21","slug":"susalud-investigara-causas-de-fallecimiento-de-madre-de-exministra-ana-jara","status":"publish","type":"post","link":"https:\/\/elinformanteperu.com\/index.php\/2017\/08\/29\/susalud-investigara-causas-de-fallecimiento-de-madre-de-exministra-ana-jara\/","title":{"rendered":"Susalud investigar\u00e1 causas de fallecimiento de madre de exministra Ana Jara"},"content":{"rendered":"<p><strong><span style=\"color: #000000;\">La Superintendencia Nacional de Salud (Susalud) investigar\u00e1 las causas del fallecimiento de la mam\u00e1 de la exministra Ana Jara en un hospital de EsSalud.<\/span><\/strong><\/p>\n<p><span style=\"color: #000000;\"><strong>Lima, 28 Agosto 2017, (ANDINA).-<\/strong> La Superintendencia Nacional de Salud (Susalud) investigar\u00e1 las causas del fallecimiento de la mam\u00e1 de la exministra Ana Jara en un hospital de EsSalud y record\u00f3 que las entidades del Estado no pueden exigir copia de DNI para un tr\u00e1mite administrativo.<\/span><\/p>\n<p><span style=\"color: #000000;\">Marco Iv\u00e1n C\u00e1rdenas, intendente de Protecci\u00f3n de Derechos de Salud de dicha entidad, explic\u00f3 que se investigar\u00e1 qu\u00e9 pas\u00f3 con la madre de Jara en el hospital Rebagliati para luego \u00abtomar las acciones correspondientes\u00bb.<\/span><\/p>\n<p><span style=\"color: #000000;\">Jara, expresidenta del Consejo de Ministros, denunci\u00f3 que su madre ten\u00eda un cuadro muy avanzado de fibrosis pulmonar que se le complic\u00f3 con una neumon\u00eda. Ella estaba internada en Ica con diagn\u00f3stico reservado.<\/span><\/p>\n<p><span style=\"color: #000000;\">Coment\u00f3 que los m\u00e9dicos del Rebagliati le aseguraron que pod\u00edan darle una mejor atenci\u00f3n y por eso enviaron una ambulancia para trasladarla a Lima, \u00abdonde empez\u00f3 nuestro calvario\u00bb.<\/span><\/p>\n<p><span style=\"color: #000000;\">Seg\u00fan dijo, los m\u00e9dicos se demoraron en pasarla a UCI a su mam\u00e1 solo porque no ten\u00eda el DNI f\u00edsico. Mientras tanto, la mantuvieron en Traumashock. Pero minutos despu\u00e9s le informaron que hizo un paro cardiorespiratorio y hab\u00eda muerto.<\/span><\/p>\n<p><span style=\"color: #000000;\">\u00abLos tr\u00e1mites administrativos no pueden anteponerse a una atenci\u00f3n de emergencia, en ning\u00fan caso\u00bb, enfatiz\u00f3 C\u00e1rdenas al ser entrevistado por una televisora local.<\/span><\/p>\n<p><span style=\"color: #000000;\">El representante de Susalud record\u00f3 que los usuarios pueden hacer sus consultas o quejas a trav\u00e9s del 0800 14900, las 24 horas del d\u00eda.<\/span><\/p>\n<p><span style=\"color: #000000;\">Adem\u00e1s, a\u00f1adi\u00f3, el Decreto Legislativo N 1246 obliga a las entidades del Estado a no pedir copia de DNI, y otros, para tr\u00e1mites administrativos.<\/span><\/p>\n","protected":false},"excerpt":{"rendered":"<p>La Superintendencia Nacional de Salud (Susalud) investigar\u00e1 las causas del fallecimiento de la mam\u00e1 de la exministra Ana Jara en un hospital de EsSalud. Lima, 28 Agosto 2017, (ANDINA).- La Superintendencia Nacional de Salud (Susalud) investigar\u00e1 las causas del fallecimiento de la mam\u00e1 de la exministra Ana Jara en un hospital de EsSalud y record\u00f3 [&hellip;]<\/p>\n","protected":false},"author":1,"featured_media":15052,"comment_status":"open","ping_status":"open","sticky":false,"template":"","format":"standard","meta":{"rop_custom_images_group":[],"rop_custom_messages_group":[],"rop_publish_now":"initial","rop_publish_now_accounts":[],"rop_publish_now_history":[],"rop_publish_now_status":"pending","footnotes":""},"categories":[10],"tags":[2091,451,1517],"class_list":["post-15051","post","type-post","status-publish","format-standard","has-post-thumbnail","hentry","category-actualidad-municipal","tag-ana-jara","tag-essalud","tag-susalud"],"_links":{"self":[{"href":"https:\/\/elinformanteperu.com\/index.php\/wp-json\/wp\/v2\/posts\/15051","targetHints":{"allow":["GET"]}}],"collection":[{"href":"https:\/\/elinformanteperu.com\/index.php\/wp-json\/wp\/v2\/posts"}],"about":[{"href":"https:\/\/elinformanteperu.com\/index.php\/wp-json\/wp\/v2\/types\/post"}],"author":[{"embeddable":true,"href":"https:\/\/elinformanteperu.com\/index.php\/wp-json\/wp\/v2\/users\/1"}],"replies":[{"embeddable":true,"href":"https:\/\/elinformanteperu.com\/index.php\/wp-json\/wp\/v2\/comments?post=15051"}],"version-history":[{"count":1,"href":"https:\/\/elinformanteperu.com\/index.php\/wp-json\/wp\/v2\/posts\/15051\/revisions"}],"predecessor-version":[{"id":15053,"href":"https:\/\/elinformanteperu.com\/index.php\/wp-json\/wp\/v2\/posts\/15051\/revisions\/15053"}],"wp:featuredmedia":[{"embeddable":true,"href":"https:\/\/elinformanteperu.com\/index.php\/wp-json\/wp\/v2\/media\/15052"}],"wp:attachment":[{"href":"https:\/\/elinformanteperu.com\/index.php\/wp-json\/wp\/v2\/media?parent=15051"}],"wp:term":[{"taxonomy":"category","embeddable":true,"href":"https:\/\/elinformanteperu.com\/index.php\/wp-json\/wp\/v2\/categories?post=15051"},{"taxonomy":"post_tag","embeddable":true,"href":"https:\/\/elinformanteperu.com\/index.php\/wp-json\/wp\/v2\/tags?post=15051"}],"curies":[{"name":"wp","href":"https:\/\/api.w.org\/{rel}","templated":true}]}}