{"id":150230,"date":"2026-07-16T23:23:22","date_gmt":"2026-07-17T04:23:22","guid":{"rendered":"https:\/\/elinformanteperu.com\/?p=150230"},"modified":"2026-07-16T23:23:22","modified_gmt":"2026-07-17T04:23:22","slug":"trump-asistira-el-domingo-a-la-final-del-mundial-2026-confirmo-la-casa-blanca","status":"publish","type":"post","link":"https:\/\/elinformanteperu.com\/index.php\/2026\/07\/16\/trump-asistira-el-domingo-a-la-final-del-mundial-2026-confirmo-la-casa-blanca\/","title":{"rendered":"Trump asistir\u00e1 el domingo a la final del Mundial 2026, confirm\u00f3 la Casa Blanca"},"content":{"rendered":"<p><strong><span style=\"color: #000000;\">Aseguran que la presencia del presidente de Estados Unidos pondr\u00e1 el broche final del Mundial m\u00e1s exitoso<\/span><\/strong><\/p>\n<p><span style=\"color: #000000;\"><strong>Lima, 16 Julio 2026 (ANDINA).-<\/strong> El presidente de Estados Unidos, Donald Trump, asistir\u00e1 el domingo a la final de la Copa del Mundo entre Espa\u00f1a y Argentina, inform\u00f3 el jueves la secretaria de prensa de la Casa Blanca, Karoline Leavitt.<\/span><\/p>\n<p><span style=\"color: #000000;\">\u00abSu presencia pondr\u00e1 el broche final a lo que ha sido el Mundial m\u00e1s visto, m\u00e1s seguro y m\u00e1s exitoso de la historia de Estados Unidos\u00bb, dijo Leavitt en rueda de prensa.<\/span><\/p>\n<p><span style=\"color: #000000;\">\u00abEs una conclusi\u00f3n apropiada para un torneo que ha demostrado la capacidad de Estados Unidos para acoger al mundo en el escenario m\u00e1s grandioso\u00bb, insisti\u00f3 Leavitt.<\/span><\/p>\n<p><span style=\"color: #000000;\">El mandatario estadounidense tambi\u00e9n asistir\u00e1 el viernes a una recepci\u00f3n que la FIFA organizar\u00e1 en la Torre Trump en Nueva York, agreg\u00f3 Leavitt.<\/span><\/p>\n<p><span style=\"color: #000000;\">El presidente del organismo rector del f\u00fatbol mundial, Gianni Infantino, ya anunci\u00f3 en junio que Trump acudir\u00eda a la final y que entregar\u00eda el trofeo al equipo vencedor, pero la Casa Blanca a\u00fan no lo hab\u00eda confirmado.<\/span><\/p>\n<p><span style=\"color: #000000;\">Leavitt dijo que no sab\u00eda si Trump apoyar\u00eda a Argentina oa Espa\u00f1a, despu\u00e9s de que criticara al socio europeo en una cumbre de la OTAN la semana pasada por no ayudar en la guerra contra Ir\u00e1n.<\/span><\/p>\n<p><span style=\"color: #000000;\">Aunque Trump no ha asistido a ning\u00fan partido del Mundial hasta ahora, se involucr\u00f3 en el torneo de una manera m\u00e1s pol\u00e9mica cuando a principios de julio admiti\u00f3 haber llamado a Infantino para que la FIFA revisara la decisi\u00f3n de suspender al delantero estadounidense Folarin Balogun por su expulsi\u00f3n frente a Bosnia y Herzegovina, por los dieciseisavos de final.<\/span><\/p>\n<p><span style=\"color: #000000;\">Estados Unidos fue eliminado por B\u00e9lgica, que lo gole\u00f3 4-1 en los octavos.<\/span><\/p>\n<p><span style=\"color: #000000;\">Trump ha reclamado en repetidas ocasiones el m\u00e9rito de haber asegurado para Estados Unidos el derecho a ser coanfitri\u00f3n del Mundial de 2026 junto con Canad\u00e1 y M\u00e9xico, una decisi\u00f3n tomada por la FIFA durante su primer mandato.<\/span><\/p>\n<p><span style=\"color: #000000;\">Mientras tanto, Infantino ha cultivado una estrecha relaci\u00f3n con Trump, otorg\u00e1ndole un premio de la paz de la FIFA creado expresamente para ser entregado durante el sorteo del Mundial en Washington en diciembre, meses antes de que Estados Unidos iniciara acciones contra Venezuela e Ir\u00e1n.<\/span><\/p>\n<p><span style=\"color: #000000;\">Trump ya hab\u00eda entregado el trofeo en la primera edici\u00f3n del Mundial de Clubes disputada el a\u00f1o pasado en Estados Unidos.<\/span><\/p>\n<p><span style=\"color: #000000;\">Tras dar la copa al capit\u00e1n del Chelsea, Reece James, el mandatario se qued\u00f3 en el escenario, robando el protagonismo a los futbolistas del club londinense, que observaban at\u00f3nitos la presencia de Trump junto a ellos en las celebraciones.<\/span><\/p>\n<p><a href=\"https:\/\/elinformanteperu.com\/wp-content\/uploads\/2026\/07\/FIFA-Trump-e-Infantino.jpg\"><img fetchpriority=\"high\" decoding=\"async\" class=\"size-full wp-image-149605 aligncenter\" src=\"https:\/\/elinformanteperu.com\/wp-content\/uploads\/2026\/07\/FIFA-Trump-e-Infantino.jpg\" alt=\"\" width=\"841\" height=\"561\" srcset=\"https:\/\/elinformanteperu.com\/wp-content\/uploads\/2026\/07\/FIFA-Trump-e-Infantino.jpg 841w, https:\/\/elinformanteperu.com\/wp-content\/uploads\/2026\/07\/FIFA-Trump-e-Infantino-300x200.jpg 300w, https:\/\/elinformanteperu.com\/wp-content\/uploads\/2026\/07\/FIFA-Trump-e-Infantino-768x512.jpg 768w\" sizes=\"(max-width: 841px) 100vw, 841px\" \/><\/a><\/p>\n","protected":false},"excerpt":{"rendered":"<p>Aseguran que la presencia del presidente de Estados Unidos pondr\u00e1 el broche final del Mundial m\u00e1s exitoso Lima, 16 Julio 2026 (ANDINA).- El presidente de Estados Unidos, Donald Trump, asistir\u00e1 el domingo a la final de la Copa del Mundo entre Espa\u00f1a y Argentina, inform\u00f3 el jueves la secretaria de prensa de la Casa Blanca, [&hellip;]<\/p>\n","protected":false},"author":1,"featured_media":148976,"comment_status":"closed","ping_status":"closed","sticky":false,"template":"","format":"standard","meta":{"rop_custom_images_group":[],"rop_custom_messages_group":[],"rop_publish_now":"initial","rop_publish_now_accounts":[],"rop_publish_now_history":[],"rop_publish_now_status":"pending","footnotes":""},"categories":[8],"tags":[8508],"class_list":["post-150230","post","type-post","status-publish","format-standard","has-post-thumbnail","hentry","category-disciplinas-deportivas","tag-mundial-de-futbol-2026"],"_links":{"self":[{"href":"https:\/\/elinformanteperu.com\/index.php\/wp-json\/wp\/v2\/posts\/150230","targetHints":{"allow":["GET"]}}],"collection":[{"href":"https:\/\/elinformanteperu.com\/index.php\/wp-json\/wp\/v2\/posts"}],"about":[{"href":"https:\/\/elinformanteperu.com\/index.php\/wp-json\/wp\/v2\/types\/post"}],"author":[{"embeddable":true,"href":"https:\/\/elinformanteperu.com\/index.php\/wp-json\/wp\/v2\/users\/1"}],"replies":[{"embeddable":true,"href":"https:\/\/elinformanteperu.com\/index.php\/wp-json\/wp\/v2\/comments?post=150230"}],"version-history":[{"count":1,"href":"https:\/\/elinformanteperu.com\/index.php\/wp-json\/wp\/v2\/posts\/150230\/revisions"}],"predecessor-version":[{"id":150231,"href":"https:\/\/elinformanteperu.com\/index.php\/wp-json\/wp\/v2\/posts\/150230\/revisions\/150231"}],"wp:featuredmedia":[{"embeddable":true,"href":"https:\/\/elinformanteperu.com\/index.php\/wp-json\/wp\/v2\/media\/148976"}],"wp:attachment":[{"href":"https:\/\/elinformanteperu.com\/index.php\/wp-json\/wp\/v2\/media?parent=150230"}],"wp:term":[{"taxonomy":"category","embeddable":true,"href":"https:\/\/elinformanteperu.com\/index.php\/wp-json\/wp\/v2\/categories?post=150230"},{"taxonomy":"post_tag","embeddable":true,"href":"https:\/\/elinformanteperu.com\/index.php\/wp-json\/wp\/v2\/tags?post=150230"}],"curies":[{"name":"wp","href":"https:\/\/api.w.org\/{rel}","templated":true}]}}