{"id":14915,"date":"2017-08-26T01:36:17","date_gmt":"2017-08-26T06:36:17","guid":{"rendered":"http:\/\/elinformanteperu.com\/?p=14915"},"modified":"2017-08-26T01:36:17","modified_gmt":"2017-08-26T06:36:17","slug":"seleccion-peruana-vea-el-video-motivacional-previo-al-partido-ante-bolivia","status":"publish","type":"post","link":"https:\/\/elinformanteperu.com\/index.php\/2017\/08\/26\/seleccion-peruana-vea-el-video-motivacional-previo-al-partido-ante-bolivia\/","title":{"rendered":"Selecci\u00f3n peruana: vea el video motivacional previo al partido ante Bolivia"},"content":{"rendered":"<p><span style=\"color: #000000;\"><strong>Con el fondo musical de \u00aby se llama Per\u00fa\u00bb de Arturo \u00abZambo\u00bb Cavero, la Federaci\u00f3n Peruana de F\u00fatbol elabor\u00f3 un video para motivar a la selecci\u00f3n previo al partido ante Bolivia.<\/strong><\/span><\/p>\n<p><span style=\"color: #000000;\"><strong>Lima, 25 Agosto 2017, (ANDINA).-<\/strong> Con el fondo m\u00fasica de la canci\u00f3n \u00aby se llama Per\u00fa\u00bb de Arturo \u00abZambo\u00bb Cavero, la Federaci\u00f3n Peruana de F\u00fatbol elabor\u00f3 un video para motivar a la selecci\u00f3n nacional previo al partido ante Bolivia, que se jugar\u00e1 el jueves 31 de agosto, por las eliminatorias.<\/span><\/p>\n<p><span style=\"color: #000000;\">En el video se observa a personajes del \u00e1mbito deportivo y del espect\u00e1culo que no nacieron en el Per\u00fa, pero que llegaron a este pa\u00eds y se enamoraron de sus costumbres y tradiciones.<\/span><\/p>\n<p><img fetchpriority=\"high\" decoding=\"async\" class=\"aligncenter size-full wp-image-14917\" src=\"http:\/\/elinformanteperu.com\/wp-content\/uploads\/2017\/08\/peru-gol1.jpeg\" alt=\"\" width=\"830\" height=\"470\" srcset=\"https:\/\/elinformanteperu.com\/wp-content\/uploads\/2017\/08\/peru-gol1.jpeg 830w, https:\/\/elinformanteperu.com\/wp-content\/uploads\/2017\/08\/peru-gol1-300x170.jpeg 300w, https:\/\/elinformanteperu.com\/wp-content\/uploads\/2017\/08\/peru-gol1-768x435.jpeg 768w, https:\/\/elinformanteperu.com\/wp-content\/uploads\/2017\/08\/peru-gol1-128x72.jpeg 128w, https:\/\/elinformanteperu.com\/wp-content\/uploads\/2017\/08\/peru-gol1-32x18.jpeg 32w, https:\/\/elinformanteperu.com\/wp-content\/uploads\/2017\/08\/peru-gol1-620x350.jpeg 620w\" sizes=\"(max-width: 830px) 100vw, 830px\" \/><span style=\"color: #000000;\">Del mundo deportivo destacan los exfutbolistas como Julinho, Ram\u00f3n Quiroga y \u00d3scar Iba\u00f1ez. Tambi\u00e9n se aprecia al jugador japon\u00e9s Masakatsu Sawa. Todos entonaron estrofas de la canci\u00f3n \u00aby se llama Per\u00fa\u00bb y dejaron el mensaje de que cuando juega la selecci\u00f3n \u00abyo tambi\u00e9n me llamo Per\u00fa\u00bb.<\/span><\/p>\n<p><span style=\"color: #000000;\">Per\u00fa enfrenta a Bolivia, el jueves 31 de agosto, en el estadio Monumental de Ate, en un partido crucial para las aspiraciones de la \u00abblanquirroja\u00bb en las eliminatorias al Mundial de Rusia 2018.<\/span><\/p>\n<p>https:\/\/www.facebook.com\/federacionperuanadefutbol\/videos\/1407996499237896\/<\/p>\n","protected":false},"excerpt":{"rendered":"<p>Con el fondo musical de \u00aby se llama Per\u00fa\u00bb de Arturo \u00abZambo\u00bb Cavero, la Federaci\u00f3n Peruana de F\u00fatbol elabor\u00f3 un video para motivar a la selecci\u00f3n previo al partido ante Bolivia. Lima, 25 Agosto 2017, (ANDINA).- Con el fondo m\u00fasica de la canci\u00f3n \u00aby se llama Per\u00fa\u00bb de Arturo \u00abZambo\u00bb Cavero, la Federaci\u00f3n Peruana de [&hellip;]<\/p>\n","protected":false},"author":1,"featured_media":14916,"comment_status":"open","ping_status":"open","sticky":false,"template":"","format":"standard","meta":{"rop_custom_images_group":[],"rop_custom_messages_group":[],"rop_publish_now":"initial","rop_publish_now_accounts":[],"rop_publish_now_history":[],"rop_publish_now_status":"pending","footnotes":""},"categories":[8],"tags":[175,137],"class_list":["post-14915","post","type-post","status-publish","format-standard","has-post-thumbnail","hentry","category-disciplinas-deportivas","tag-eliminatorias","tag-seleccion-peruana"],"_links":{"self":[{"href":"https:\/\/elinformanteperu.com\/index.php\/wp-json\/wp\/v2\/posts\/14915","targetHints":{"allow":["GET"]}}],"collection":[{"href":"https:\/\/elinformanteperu.com\/index.php\/wp-json\/wp\/v2\/posts"}],"about":[{"href":"https:\/\/elinformanteperu.com\/index.php\/wp-json\/wp\/v2\/types\/post"}],"author":[{"embeddable":true,"href":"https:\/\/elinformanteperu.com\/index.php\/wp-json\/wp\/v2\/users\/1"}],"replies":[{"embeddable":true,"href":"https:\/\/elinformanteperu.com\/index.php\/wp-json\/wp\/v2\/comments?post=14915"}],"version-history":[{"count":1,"href":"https:\/\/elinformanteperu.com\/index.php\/wp-json\/wp\/v2\/posts\/14915\/revisions"}],"predecessor-version":[{"id":14918,"href":"https:\/\/elinformanteperu.com\/index.php\/wp-json\/wp\/v2\/posts\/14915\/revisions\/14918"}],"wp:featuredmedia":[{"embeddable":true,"href":"https:\/\/elinformanteperu.com\/index.php\/wp-json\/wp\/v2\/media\/14916"}],"wp:attachment":[{"href":"https:\/\/elinformanteperu.com\/index.php\/wp-json\/wp\/v2\/media?parent=14915"}],"wp:term":[{"taxonomy":"category","embeddable":true,"href":"https:\/\/elinformanteperu.com\/index.php\/wp-json\/wp\/v2\/categories?post=14915"},{"taxonomy":"post_tag","embeddable":true,"href":"https:\/\/elinformanteperu.com\/index.php\/wp-json\/wp\/v2\/tags?post=14915"}],"curies":[{"name":"wp","href":"https:\/\/api.w.org\/{rel}","templated":true}]}}