{"id":149111,"date":"2026-06-25T01:25:17","date_gmt":"2026-06-25T06:25:17","guid":{"rendered":"https:\/\/elinformanteperu.com\/?p=149111"},"modified":"2026-06-25T01:25:17","modified_gmt":"2026-06-25T06:25:17","slug":"mexico-golea-3-0-a-republica-checa-y-mantiene-racha-perfecta-en-el-mundial-2026","status":"publish","type":"post","link":"https:\/\/elinformanteperu.com\/index.php\/2026\/06\/25\/mexico-golea-3-0-a-republica-checa-y-mantiene-racha-perfecta-en-el-mundial-2026\/","title":{"rendered":"M\u00e9xico golea 3-0 a Rep\u00fablica Checa y mantiene racha perfecta en el Mundial 2026"},"content":{"rendered":"<p><strong><span style=\"color: #000000;\">El conjunto azteca acab\u00f3 la fase de grupos con 9 puntos y enfrentar\u00e1 con uno de los mejores terceros<\/span><\/strong><\/p>\n<p><span style=\"color: #000000;\"><strong>Ciudad de M\u00e9xico, 24 Junio 2026 (ANDINA).-<\/strong> M\u00e9xico cerr\u00f3 el mi\u00e9rcoles la fase de grupos del Mundial 2026 con tres victorias, al golear en su \u00faltimo partido del Grupo A a la Rep\u00fablica Checa por 3-0.<\/span><\/p>\n<p><span style=\"color: #000000;\">Anfitriones del Mundial por tercera vez, el Tri cerr\u00f3 con 9 puntos al frente del Grupo A y se enfrentar\u00e1 a uno de los mejores terceros en los dieciseisavos, a\u00fan por definir.<\/span><\/p>\n<p><span style=\"color: #000000;\">Mateo Ch\u00e1vez abri\u00f3 el marcador en el minuto 55, seguido por el estelar Luis Qui\u00f1ones a los 61&#8242; y \u00c1lvaro Fidalgo en el descuento (90+4&#8242;).<\/span><\/p>\n<p><span style=\"color: #000000;\">Los goles llegaron en la segunda mitad porque M\u00e9xico cambi\u00f3 la actitud despu\u00e9s del descanso, tras una primera parte sosa, con pocas oportunidades.<\/span><\/p>\n<p><span style=\"color: #000000;\">El juego signific\u00f3 adem\u00e1s el regreso del portero Guillermo &#8216;Memo&#8217; Ochoa, que entr\u00f3 en sustituci\u00f3n del titular, Jos\u00e9 Rangel, faltando 13 minutos para el final del tiempo reglamentario: ese es precisamente el dorsal del veterano arquero, que participa en su sexto Mundial con el Tri.<\/span><\/p>\n<p><span style=\"color: #000000;\">\u00ab\u00a1Memo, Memo!\u00bb, gritaron al entrar al campo con l\u00e1grimas en los ojos y bes\u00f3 los postes del arco al finalizar el partido.<\/span><\/p>\n<p><span style=\"color: #000000;\">Sus compa\u00f1eros luego lo cargaron y mantearon en celebraci\u00f3n.<\/span><\/p>\n<p><span style=\"color: #000000;\">La Rep\u00fablica Checa qued\u00f3 eliminada del Mundial.<\/span><\/p>\n<blockquote class=\"twitter-tweet\">\n<p dir=\"ltr\" lang=\"es\">\u00a1AL FIN LLEG\u00d3 EL GOL EN EL AZTECA!<\/p>\n<p>M\u00e9xico abri\u00f3 el marcador ante Rep\u00fablica Checa gracias a una linda definici\u00f3n de Mateo Ch\u00e1vez.<a href=\"https:\/\/x.com\/hashtag\/MundialEnDSPORTS?src=hash&amp;ref_src=twsrc%5Etfw\">#MundialEnDSPORTS<\/a> <a href=\"https:\/\/x.com\/hashtag\/FIFAWorldCup?src=hash&amp;ref_src=twsrc%5Etfw\">#FIFAWorldCup<\/a> <a href=\"https:\/\/t.co\/RG1rZJXaRQ\">pic.twitter.com\/RG1rZJXaRQ<\/a><\/p>\n<p>\u2014 DSPORTS (@DSports) <a href=\"https:\/\/x.com\/DSports\/status\/2069968506959921364?ref_src=twsrc%5Etfw\">June 25, 2026<\/a><\/p><\/blockquote>\n<p><script async src=\"https:\/\/platform.x.com\/widgets.js\" charset=\"utf-8\"><\/script><\/p>\n","protected":false},"excerpt":{"rendered":"<p>El conjunto azteca acab\u00f3 la fase de grupos con 9 puntos y enfrentar\u00e1 con uno de los mejores terceros Ciudad de M\u00e9xico, 24 Junio 2026 (ANDINA).- M\u00e9xico cerr\u00f3 el mi\u00e9rcoles la fase de grupos del Mundial 2026 con tres victorias, al golear en su \u00faltimo partido del Grupo A a la Rep\u00fablica Checa por 3-0. [&hellip;]<\/p>\n","protected":false},"author":1,"featured_media":149112,"comment_status":"closed","ping_status":"closed","sticky":false,"template":"","format":"standard","meta":{"rop_custom_images_group":[],"rop_custom_messages_group":[],"rop_publish_now":"initial","rop_publish_now_accounts":[],"rop_publish_now_history":[],"rop_publish_now_status":"pending","footnotes":""},"categories":[8],"tags":[8508],"class_list":["post-149111","post","type-post","status-publish","format-standard","has-post-thumbnail","hentry","category-disciplinas-deportivas","tag-mundial-de-futbol-2026"],"_links":{"self":[{"href":"https:\/\/elinformanteperu.com\/index.php\/wp-json\/wp\/v2\/posts\/149111","targetHints":{"allow":["GET"]}}],"collection":[{"href":"https:\/\/elinformanteperu.com\/index.php\/wp-json\/wp\/v2\/posts"}],"about":[{"href":"https:\/\/elinformanteperu.com\/index.php\/wp-json\/wp\/v2\/types\/post"}],"author":[{"embeddable":true,"href":"https:\/\/elinformanteperu.com\/index.php\/wp-json\/wp\/v2\/users\/1"}],"replies":[{"embeddable":true,"href":"https:\/\/elinformanteperu.com\/index.php\/wp-json\/wp\/v2\/comments?post=149111"}],"version-history":[{"count":1,"href":"https:\/\/elinformanteperu.com\/index.php\/wp-json\/wp\/v2\/posts\/149111\/revisions"}],"predecessor-version":[{"id":149113,"href":"https:\/\/elinformanteperu.com\/index.php\/wp-json\/wp\/v2\/posts\/149111\/revisions\/149113"}],"wp:featuredmedia":[{"embeddable":true,"href":"https:\/\/elinformanteperu.com\/index.php\/wp-json\/wp\/v2\/media\/149112"}],"wp:attachment":[{"href":"https:\/\/elinformanteperu.com\/index.php\/wp-json\/wp\/v2\/media?parent=149111"}],"wp:term":[{"taxonomy":"category","embeddable":true,"href":"https:\/\/elinformanteperu.com\/index.php\/wp-json\/wp\/v2\/categories?post=149111"},{"taxonomy":"post_tag","embeddable":true,"href":"https:\/\/elinformanteperu.com\/index.php\/wp-json\/wp\/v2\/tags?post=149111"}],"curies":[{"name":"wp","href":"https:\/\/api.w.org\/{rel}","templated":true}]}}