{"id":14906,"date":"2017-08-26T01:13:41","date_gmt":"2017-08-26T06:13:41","guid":{"rendered":"http:\/\/elinformanteperu.com\/?p=14906"},"modified":"2017-08-26T01:13:41","modified_gmt":"2017-08-26T06:13:41","slug":"gallese-fue-operado-con-exito-y-estara-fuera-de-los-campos-de-juego-por-tres-meses","status":"publish","type":"post","link":"https:\/\/elinformanteperu.com\/index.php\/2017\/08\/26\/gallese-fue-operado-con-exito-y-estara-fuera-de-los-campos-de-juego-por-tres-meses\/","title":{"rendered":"Gallese fue operado con \u00e9xito y estar\u00e1 fuera de los campos de juego por tres meses"},"content":{"rendered":"<p><strong><span style=\"color: #000000;\">Tras un exitosa operaci\u00f3n a uno de sus dedos, el arquero peruano Pedro Gallese fue dado de alta y se confirm\u00f3 que por la complejidad de su lesi\u00f3n su recuperaci\u00f3n tardar\u00e1.<\/span><\/strong><\/p>\n<p><span style=\"color: #000000;\"><strong>Lima, 25 Agosto 2017, (ANDINA).-<\/strong> Tras un exitosa operaci\u00f3n a uno de sus dedos, el arquero peruano Pedro Gallese fue dado de alta y se confirm\u00f3 que por la complejidad de su lesi\u00f3n su recuperaci\u00f3n tardar\u00e1 un m\u00e1ximo de tres meses por lo que qued\u00f3 descartada su presencia en la selecci\u00f3n peruana en la presente eliminatorias. <\/span><\/p>\n<p><span style=\"color: #000000;\">Una vez que dej\u00f3 la cl\u00ednica donde fue operado, Gallese visit\u00f3 a sus compa\u00f1eros de Tiburones Rojos de Veracruz.<\/span><\/p>\n<p><span style=\"color: #000000;\">Seg\u00fan el parte m\u00e9dico del jefe de servicios m\u00e9dicos del Veracruz, Juan Jos\u00e9 P\u00e9rez, Perdro Gallese tiene una luxaci\u00f3n expuesta de la segunda falange del dedo \u00edndice.<\/span><\/p>\n<p><span style=\"color: #000000;\">Fue intervenido de manera urgente por un traumatol\u00f3gico de la ciudad de Pachuca Y todo sali\u00f3 con \u00e9xito. Le dieron los cuidados que ten\u00edan que darse.<\/span><\/p>\n<p><span style=\"color: #000000;\">\u00abVamos a esperar unos d\u00edas para cicatrice la herida que se le realiz\u00f3 y sobre eso empezar la rehabilitaci\u00f3n que requiere sobre esta lesi\u00f3n\u201d, declar\u00f3 P\u00e9rez.<\/span><\/p>\n<p><span style=\"color: #000000;\">El mismo doctor se\u00f1al\u00f3 que el tiempo de recuperaci\u00f3n normal como m\u00ednimo es de dos meses para que quede bien consolidada su operaci\u00f3n. Luego se debe sumar de dos semanas a tres para que inicie los con trabajos con bal\u00f3n.<\/span><\/p>\n<p><img fetchpriority=\"high\" decoding=\"async\" class=\"aligncenter size-full wp-image-14810\" src=\"http:\/\/elinformanteperu.com\/wp-content\/uploads\/2017\/08\/pedro-gallese1.jpg\" alt=\"\" width=\"1800\" height=\"1200\" srcset=\"https:\/\/elinformanteperu.com\/wp-content\/uploads\/2017\/08\/pedro-gallese1.jpg 1800w, https:\/\/elinformanteperu.com\/wp-content\/uploads\/2017\/08\/pedro-gallese1-300x200.jpg 300w, https:\/\/elinformanteperu.com\/wp-content\/uploads\/2017\/08\/pedro-gallese1-768x512.jpg 768w, https:\/\/elinformanteperu.com\/wp-content\/uploads\/2017\/08\/pedro-gallese1-1024x683.jpg 1024w, https:\/\/elinformanteperu.com\/wp-content\/uploads\/2017\/08\/pedro-gallese1-128x85.jpg 128w, https:\/\/elinformanteperu.com\/wp-content\/uploads\/2017\/08\/pedro-gallese1-32x21.jpg 32w\" sizes=\"(max-width: 1800px) 100vw, 1800px\" \/><\/p>\n","protected":false},"excerpt":{"rendered":"<p>Tras un exitosa operaci\u00f3n a uno de sus dedos, el arquero peruano Pedro Gallese fue dado de alta y se confirm\u00f3 que por la complejidad de su lesi\u00f3n su recuperaci\u00f3n tardar\u00e1. Lima, 25 Agosto 2017, (ANDINA).- Tras un exitosa operaci\u00f3n a uno de sus dedos, el arquero peruano Pedro Gallese fue dado de alta y [&hellip;]<\/p>\n","protected":false},"author":1,"featured_media":14907,"comment_status":"open","ping_status":"open","sticky":false,"template":"","format":"standard","meta":{"rop_custom_images_group":[],"rop_custom_messages_group":[],"rop_publish_now":"initial","rop_publish_now_accounts":[],"rop_publish_now_history":[],"rop_publish_now_status":"pending","footnotes":""},"categories":[8],"tags":[1198],"class_list":["post-14906","post","type-post","status-publish","format-standard","has-post-thumbnail","hentry","category-disciplinas-deportivas","tag-pedro-gallese"],"_links":{"self":[{"href":"https:\/\/elinformanteperu.com\/index.php\/wp-json\/wp\/v2\/posts\/14906","targetHints":{"allow":["GET"]}}],"collection":[{"href":"https:\/\/elinformanteperu.com\/index.php\/wp-json\/wp\/v2\/posts"}],"about":[{"href":"https:\/\/elinformanteperu.com\/index.php\/wp-json\/wp\/v2\/types\/post"}],"author":[{"embeddable":true,"href":"https:\/\/elinformanteperu.com\/index.php\/wp-json\/wp\/v2\/users\/1"}],"replies":[{"embeddable":true,"href":"https:\/\/elinformanteperu.com\/index.php\/wp-json\/wp\/v2\/comments?post=14906"}],"version-history":[{"count":1,"href":"https:\/\/elinformanteperu.com\/index.php\/wp-json\/wp\/v2\/posts\/14906\/revisions"}],"predecessor-version":[{"id":14908,"href":"https:\/\/elinformanteperu.com\/index.php\/wp-json\/wp\/v2\/posts\/14906\/revisions\/14908"}],"wp:featuredmedia":[{"embeddable":true,"href":"https:\/\/elinformanteperu.com\/index.php\/wp-json\/wp\/v2\/media\/14907"}],"wp:attachment":[{"href":"https:\/\/elinformanteperu.com\/index.php\/wp-json\/wp\/v2\/media?parent=14906"}],"wp:term":[{"taxonomy":"category","embeddable":true,"href":"https:\/\/elinformanteperu.com\/index.php\/wp-json\/wp\/v2\/categories?post=14906"},{"taxonomy":"post_tag","embeddable":true,"href":"https:\/\/elinformanteperu.com\/index.php\/wp-json\/wp\/v2\/tags?post=14906"}],"curies":[{"name":"wp","href":"https:\/\/api.w.org\/{rel}","templated":true}]}}