{"id":14888,"date":"2017-08-25T02:04:03","date_gmt":"2017-08-25T07:04:03","guid":{"rendered":"http:\/\/elinformanteperu.com\/?p=14888"},"modified":"2017-08-25T02:04:03","modified_gmt":"2017-08-25T07:04:03","slug":"mocion-para-interpelar-a-martens-es-inoportuna-sostiene-sheput","status":"publish","type":"post","link":"https:\/\/elinformanteperu.com\/index.php\/2017\/08\/25\/mocion-para-interpelar-a-martens-es-inoportuna-sostiene-sheput\/","title":{"rendered":"Moci\u00f3n para interpelar a Martens es inoportuna, sostiene Sheput"},"content":{"rendered":"<p><strong><span style=\"color: #000000;\">La moci\u00f3n presentada en el pleno del Congreso para interpelar a la ministra de Educaci\u00f3n, Maril\u00fa Martens, es completamente inoportuna y fortalece a los dirigentes en huelga, dijo Juan Sheput.<\/span><\/strong><\/p>\n<p><span style=\"color: #000000;\"><strong>Lima, 24 Agosto 2017, (ANDINA).-<\/strong> La moci\u00f3n presentada en el pleno del Congreso para interpelar a la ministra de Educaci\u00f3n, Maril\u00fa Martens, es completamente inoportuna y fortalece a los dirigentes en huelga, dijo el vocero alterno de Peruanos por el Kambio (PPK), Juan Sheput.<\/span><\/p>\n<p><span style=\"color: #000000;\">Tras resaltar que la bancada PPK y el Gobierno han estado siempre de acuerdo con el control pol\u00edtico del Parlamento, se\u00f1al\u00f3 que en esta ocasi\u00f3n su grupo se opone a dicha interpelaci\u00f3n.<\/span><\/p>\n<p><span style=\"color: #000000;\">\u201cEs completamente inoportuna, porque lo \u00fanico que hace es fortalecer y consolidar al grupo de maestros radicales, extremos y violentistas que buscan una serie de pretextos para no reincorporarse a clases\u201d, declar\u00f3 a la Agencia Andina.<\/span><\/p>\n<p><span style=\"color: #000000;\">Para Sheput, ir por el camino de la interpelaci\u00f3n y una eventual censura convertir\u00eda a quienes la plantean en c\u00f3mplices involuntarios de los dirigentes que no quieren solucionar la huelga y, a su juicio, solo buscan fortalecerse como alternativa pol\u00edtica extrema.<\/span><\/p>\n<p><span style=\"color: #000000;\">\u201cEspero que los colegas del Congreso entiendan que planteando una interpelaci\u00f3n o eventual censura no est\u00e1n censurando a la ministra, sino al futuro de la educaci\u00f3n, porque fortalecer\u00edan a los grupos extremistas y violentistas\u201d, coment\u00f3.<\/span><\/p>\n<p><span style=\"color: #000000;\">\u201cY (el dirigente) Pedro Castillo ser\u00eda el primero en celebrar la posibilidad de que se vaya a una interpelaci\u00f3n\u201d, expres\u00f3 el legislador, quien inst\u00f3 a las bancadas a reflexionar y a que prime la cordura en esta coyuntura.<\/span><\/p>\n<p><span style=\"color: #000000;\">El pleno del Congreso dio cuenta de la moci\u00f3n de interpelaci\u00f3n para que la ministra de Educaci\u00f3n se presente ante la representaci\u00f3n nacional, a fin de responder las preguntas sobre la huelga de los docentes. <\/span><\/p>\n<p><span style=\"color: #000000;\">La citada moci\u00f3n, que contiene 40 preguntas, fue presentada por las bancadas de Fuerza Popular, Frente Amplio, Partido Aprista, Acci\u00f3n Popular y los no agrupados.<\/span><\/p>\n<p><span style=\"color: #000000;\">Seg\u00fan el Reglamento del Congreso, corresponde que el pedido sea sometido a voto en la siguiente sesi\u00f3n plenaria, la cual ha sido programada para ma\u00f1ana viernes.<\/span><\/p>\n","protected":false},"excerpt":{"rendered":"<p>La moci\u00f3n presentada en el pleno del Congreso para interpelar a la ministra de Educaci\u00f3n, Maril\u00fa Martens, es completamente inoportuna y fortalece a los dirigentes en huelga, dijo Juan Sheput. Lima, 24 Agosto 2017, (ANDINA).- La moci\u00f3n presentada en el pleno del Congreso para interpelar a la ministra de Educaci\u00f3n, Maril\u00fa Martens, es completamente inoportuna [&hellip;]<\/p>\n","protected":false},"author":1,"featured_media":2251,"comment_status":"open","ping_status":"open","sticky":false,"template":"","format":"standard","meta":{"rop_custom_images_group":[],"rop_custom_messages_group":[],"rop_publish_now":"initial","rop_publish_now_accounts":[],"rop_publish_now_history":[],"rop_publish_now_status":"pending","footnotes":""},"categories":[5],"tags":[567,328],"class_list":["post-14888","post","type-post","status-publish","format-standard","has-post-thumbnail","hentry","category-actualidad-informativa","tag-marilu-martens","tag-ministerio-de-de-educacion"],"_links":{"self":[{"href":"https:\/\/elinformanteperu.com\/index.php\/wp-json\/wp\/v2\/posts\/14888","targetHints":{"allow":["GET"]}}],"collection":[{"href":"https:\/\/elinformanteperu.com\/index.php\/wp-json\/wp\/v2\/posts"}],"about":[{"href":"https:\/\/elinformanteperu.com\/index.php\/wp-json\/wp\/v2\/types\/post"}],"author":[{"embeddable":true,"href":"https:\/\/elinformanteperu.com\/index.php\/wp-json\/wp\/v2\/users\/1"}],"replies":[{"embeddable":true,"href":"https:\/\/elinformanteperu.com\/index.php\/wp-json\/wp\/v2\/comments?post=14888"}],"version-history":[{"count":1,"href":"https:\/\/elinformanteperu.com\/index.php\/wp-json\/wp\/v2\/posts\/14888\/revisions"}],"predecessor-version":[{"id":14889,"href":"https:\/\/elinformanteperu.com\/index.php\/wp-json\/wp\/v2\/posts\/14888\/revisions\/14889"}],"wp:featuredmedia":[{"embeddable":true,"href":"https:\/\/elinformanteperu.com\/index.php\/wp-json\/wp\/v2\/media\/2251"}],"wp:attachment":[{"href":"https:\/\/elinformanteperu.com\/index.php\/wp-json\/wp\/v2\/media?parent=14888"}],"wp:term":[{"taxonomy":"category","embeddable":true,"href":"https:\/\/elinformanteperu.com\/index.php\/wp-json\/wp\/v2\/categories?post=14888"},{"taxonomy":"post_tag","embeddable":true,"href":"https:\/\/elinformanteperu.com\/index.php\/wp-json\/wp\/v2\/tags?post=14888"}],"curies":[{"name":"wp","href":"https:\/\/api.w.org\/{rel}","templated":true}]}}