{"id":14885,"date":"2017-08-25T01:58:13","date_gmt":"2017-08-25T06:58:13","guid":{"rendered":"http:\/\/elinformanteperu.com\/?p=14885"},"modified":"2017-08-25T01:58:13","modified_gmt":"2017-08-25T06:58:13","slug":"fujimorismo-boicoteo-solucion-con-maestros-asegura-del-castillo","status":"publish","type":"post","link":"https:\/\/elinformanteperu.com\/index.php\/2017\/08\/25\/fujimorismo-boicoteo-solucion-con-maestros-asegura-del-castillo\/","title":{"rendered":"Fujimorismo boicote\u00f3 soluci\u00f3n con maestros, asegura Del Castillo"},"content":{"rendered":"<p><strong><span style=\"color: #000000;\">La bancada de Fuerza Popular boicote\u00f3 una soluci\u00f3n a la huelga de los maestros, aunque a\u00fan no se puede determinar con qu\u00e9 prop\u00f3sito, asegur\u00f3 el congresista del Apra Jorge del Castillo.<\/span><\/strong><\/p>\n<p><span style=\"color: #000000;\"><strong>Lima, 24 Agosto 2017, (ANDINA).-<\/strong> La bancada de Fuerza Popular boicote\u00f3 una soluci\u00f3n a la huelga de los maestros, aunque a\u00fan no se puede determinar con qu\u00e9 prop\u00f3sito, asegur\u00f3 el congresista del Apra Jorge del Castillo.<\/span><\/p>\n<p><span style=\"color: #000000;\">Del Castillo consider\u00f3 estupendo que el Gobierno publicara, a trav\u00e9s de un decreto de urgencia, los beneficios que se les otorgar\u00e1 a los docentes como el aumento del piso salarial a 2,000 soles, entre otras medidas.<\/span><\/p>\n<p><span style=\"color: #000000;\">\u201c(Los fujimoristas) estaban calladitos, hablando por lo bajo (con las dirigencias gremiales), mientras hab\u00eda di\u00e1logo y parec\u00eda que se resolv\u00eda y apenas se produce la no firma, otra vez sacan las u\u00f1as. Realmente han boicoteado una soluci\u00f3n. \u00bfCon qu\u00e9 prop\u00f3sito? No s\u00e9. Francamente es incre\u00edble\u201d, consider\u00f3 en \u00abCanal N\u00bb.<\/span><\/p>\n<p><span style=\"color: #000000;\">Del Castillo afirm\u00f3 que existe un dicho en pol\u00edtica sobre \u201clos extremos que se juntan\u201d. En este caso, explic\u00f3, la derecha que representa a Fuerza Popular y la \u201csuperextrema izquierda\u201d en algunas dirigencias del magisterio, \u00ablas cuales no permitieron llegar a un buen acuerdo\u201d.<\/span><\/p>\n<p><span style=\"color: #000000;\">\u201cPero qui\u00e9n impide que se firme, \u00bfqui\u00e9n impide?, hay dos respuestas: quiz\u00e1s alg\u00fan ofrecimiento que les ha hecho (H\u00e9ctor) Becerril o que los dirigentes prefieren mantener su puesto antes de que alguien los acuse de haber traicionado a las bases\u201d, precis\u00f3.<\/span><\/p>\n<p><span style=\"color: #000000;\">Del Castillo coment\u00f3 en la v\u00edspera que el dirigente Pedro Castillo afirm\u00f3 que legisladores fujimoristas, entre ellos Becerril, prometieron otorgar facultades al Gobierno para resolver los reclamos de los maestros. <\/span><\/p>\n<p><span style=\"color: #000000;\">En respuesta, el vocero de la bancada fujimorista sostuvo que el congresista aprista fue \u201cel responsable\u201d de que el di\u00e1logo se rompiera \u201cpor haber ofrecido falsas expectativas\u201d a los docentes.<\/span><\/p>\n","protected":false},"excerpt":{"rendered":"<p>La bancada de Fuerza Popular boicote\u00f3 una soluci\u00f3n a la huelga de los maestros, aunque a\u00fan no se puede determinar con qu\u00e9 prop\u00f3sito, asegur\u00f3 el congresista del Apra Jorge del Castillo. Lima, 24 Agosto 2017, (ANDINA).- La bancada de Fuerza Popular boicote\u00f3 una soluci\u00f3n a la huelga de los maestros, aunque a\u00fan no se puede [&hellip;]<\/p>\n","protected":false},"author":1,"featured_media":14886,"comment_status":"open","ping_status":"open","sticky":false,"template":"","format":"standard","meta":{"rop_custom_images_group":[],"rop_custom_messages_group":[],"rop_publish_now":"initial","rop_publish_now_accounts":[],"rop_publish_now_history":[],"rop_publish_now_status":"pending","footnotes":""},"categories":[5],"tags":[555,554],"class_list":["post-14885","post","type-post","status-publish","format-standard","has-post-thumbnail","hentry","category-actualidad-informativa","tag-apra","tag-jorge-del-castillo"],"_links":{"self":[{"href":"https:\/\/elinformanteperu.com\/index.php\/wp-json\/wp\/v2\/posts\/14885","targetHints":{"allow":["GET"]}}],"collection":[{"href":"https:\/\/elinformanteperu.com\/index.php\/wp-json\/wp\/v2\/posts"}],"about":[{"href":"https:\/\/elinformanteperu.com\/index.php\/wp-json\/wp\/v2\/types\/post"}],"author":[{"embeddable":true,"href":"https:\/\/elinformanteperu.com\/index.php\/wp-json\/wp\/v2\/users\/1"}],"replies":[{"embeddable":true,"href":"https:\/\/elinformanteperu.com\/index.php\/wp-json\/wp\/v2\/comments?post=14885"}],"version-history":[{"count":1,"href":"https:\/\/elinformanteperu.com\/index.php\/wp-json\/wp\/v2\/posts\/14885\/revisions"}],"predecessor-version":[{"id":14887,"href":"https:\/\/elinformanteperu.com\/index.php\/wp-json\/wp\/v2\/posts\/14885\/revisions\/14887"}],"wp:featuredmedia":[{"embeddable":true,"href":"https:\/\/elinformanteperu.com\/index.php\/wp-json\/wp\/v2\/media\/14886"}],"wp:attachment":[{"href":"https:\/\/elinformanteperu.com\/index.php\/wp-json\/wp\/v2\/media?parent=14885"}],"wp:term":[{"taxonomy":"category","embeddable":true,"href":"https:\/\/elinformanteperu.com\/index.php\/wp-json\/wp\/v2\/categories?post=14885"},{"taxonomy":"post_tag","embeddable":true,"href":"https:\/\/elinformanteperu.com\/index.php\/wp-json\/wp\/v2\/tags?post=14885"}],"curies":[{"name":"wp","href":"https:\/\/api.w.org\/{rel}","templated":true}]}}