{"id":148582,"date":"2026-05-01T03:12:46","date_gmt":"2026-05-01T08:12:46","guid":{"rendered":"https:\/\/elinformanteperu.com\/?p=148582"},"modified":"2026-05-01T03:12:46","modified_gmt":"2026-05-01T08:12:46","slug":"retablo-del-peru-para-el-mundo-buenos-aires-vibro-al-ritmo-de-musica-y-danza-peruana","status":"publish","type":"post","link":"https:\/\/elinformanteperu.com\/index.php\/2026\/05\/01\/retablo-del-peru-para-el-mundo-buenos-aires-vibro-al-ritmo-de-musica-y-danza-peruana\/","title":{"rendered":"\u201cRetablo del Per\u00fa para el mundo\u201d: Buenos Aires vibr\u00f3 al ritmo de m\u00fasica y danza peruana"},"content":{"rendered":"<p><strong><span style=\"color: #000000;\">\u2022 Ballet Folcl\u00f3rico Nacional y la Orquesta Sinf\u00f3nica Nacional llevaron por primera vez a Argentina este emblem\u00e1tico espect\u00e1culo, en el marco de la participaci\u00f3n del Per\u00fa como Pa\u00eds Invitado de Honor en la Feria Internacional del Libro de Buenos Aires.<\/span><\/strong><\/p>\n<p><span style=\"color: #000000;\"><strong>Lima, 30 de abril 2026 (El Informante Per\u00fa).-<\/strong> Buenos Aires vivi\u00f3 una noche memorable con la presentaci\u00f3n de \u201cRetablo del Per\u00fa para el mundo\u201d, el espect\u00e1culo m\u00e1s aclamado del Ballet Folcl\u00f3rico Nacional del Per\u00fa, que se present\u00f3 por primera vez en Argentina junto a la Orquesta Sinf\u00f3nica Nacional del Per\u00fa.<\/span><\/p>\n<p><span style=\"color: #000000;\">La funci\u00f3n se realiz\u00f3 en el Anfiteatro del Parque Centenario, donde asistieron cientos de personas que disfrutaron gratuitamente del espect\u00e1culo, como parte de las actividades del pa\u00eds en la Feria Internacional del Libro de Buenos Aires.<\/span><\/p>\n<p><span style=\"color: #000000;\">\u201cRetablo del Per\u00fa para el mundo\u201d es una propuesta esc\u00e9nica de gran formato que integra danza, m\u00fasica en vivo, teatro y proyecciones audiovisuales. Inspirada en el retablo andino, una de las expresiones m\u00e1s representativas del arte popular peruano, la puesta en escena propone un recorrido art\u00edstico por diversas regiones del pa\u00eds, resaltando su riqueza cultural y diversidad de tradiciones.<\/span><\/p>\n<p><a href=\"https:\/\/elinformanteperu.com\/wp-content\/uploads\/2026\/05\/feria-libro-buenos-aires-retablo1.jpg\"><img fetchpriority=\"high\" decoding=\"async\" class=\"size-large wp-image-148584 aligncenter\" src=\"https:\/\/elinformanteperu.com\/wp-content\/uploads\/2026\/05\/feria-libro-buenos-aires-retablo1-1024x675.jpg\" alt=\"\" width=\"615\" height=\"405\" srcset=\"https:\/\/elinformanteperu.com\/wp-content\/uploads\/2026\/05\/feria-libro-buenos-aires-retablo1-1024x675.jpg 1024w, https:\/\/elinformanteperu.com\/wp-content\/uploads\/2026\/05\/feria-libro-buenos-aires-retablo1-300x198.jpg 300w, https:\/\/elinformanteperu.com\/wp-content\/uploads\/2026\/05\/feria-libro-buenos-aires-retablo1-768x506.jpg 768w, https:\/\/elinformanteperu.com\/wp-content\/uploads\/2026\/05\/feria-libro-buenos-aires-retablo1.jpg 1104w\" sizes=\"(max-width: 615px) 100vw, 615px\" \/><\/a><span style=\"color: #000000;\">M\u00e1s de 50 artistas del Ballet Folcl\u00f3rico Nacional del Per\u00fa y de la Orquesta Sinf\u00f3nica Nacional del Per\u00fa dieron vida a esta espectacular presentaci\u00f3n, que destac\u00f3 por su potencia art\u00edstica y su capacidad de di\u00e1logo con distintas audiencias, reafirmando el valor del arte peruano en escenarios internacionales.<\/span><br \/>\n<span style=\"color: #000000;\">Durante la presentaci\u00f3n, el p\u00fablico disfrut\u00f3 y se emocion\u00f3 con un vibrante repertorio que incluy\u00f3 danzas como la marinera norte\u00f1a, el huaylarsh y la tuntuna, entre otras danzas tradicionales peruanas que reflejan la diversidad cultural de nuestro pa\u00eds.<\/span><\/p>\n<p><span style=\"color: #000000;\">El espect\u00e1culo cont\u00f3 con la direcci\u00f3n art\u00edstica del maestro \u00c1ngel G\u00f3mez, la direcci\u00f3n orquestal del maestro Anthony Puppo y la direcci\u00f3n musical del maestro Eddy S\u00e1nchez.<\/span><br \/>\n<span style=\"color: #000000;\">Sobre los Elencos Nacionales<\/span><\/p>\n<p><span style=\"color: #000000;\">El Ballet Folcl\u00f3rico Nacional del Per\u00fa, fundado a finales de 2008, es el elenco oficial dedicado a la creaci\u00f3n y difusi\u00f3n de espect\u00e1culos basados en las danzas y tradiciones del pa\u00eds. Sus producciones esc\u00e9nicas proponen un encuentro con las ra\u00edces culturales del Per\u00fa, articulando investigaci\u00f3n, creaci\u00f3n coreogr\u00e1fica y puesta en escena contempor\u00e1nea, consolid\u00e1ndose como un referente en la proyecci\u00f3n esc\u00e9nica del patrimonio cultural peruano.<\/span><\/p>\n<p><a href=\"https:\/\/elinformanteperu.com\/wp-content\/uploads\/2026\/05\/feria-libro-buenos-aires-retablo2.jpg\"><img decoding=\"async\" class=\"size-large wp-image-148585 aligncenter\" src=\"https:\/\/elinformanteperu.com\/wp-content\/uploads\/2026\/05\/feria-libro-buenos-aires-retablo2-1024x689.jpg\" alt=\"\" width=\"615\" height=\"414\" srcset=\"https:\/\/elinformanteperu.com\/wp-content\/uploads\/2026\/05\/feria-libro-buenos-aires-retablo2-1024x689.jpg 1024w, https:\/\/elinformanteperu.com\/wp-content\/uploads\/2026\/05\/feria-libro-buenos-aires-retablo2-300x202.jpg 300w, https:\/\/elinformanteperu.com\/wp-content\/uploads\/2026\/05\/feria-libro-buenos-aires-retablo2-768x516.jpg 768w, https:\/\/elinformanteperu.com\/wp-content\/uploads\/2026\/05\/feria-libro-buenos-aires-retablo2.jpg 1102w\" sizes=\"(max-width: 615px) 100vw, 615px\" \/><\/a><span style=\"color: #000000;\">Por su parte, la Orquesta Sinf\u00f3nica Nacional del Per\u00fa, fundada en 1938, es el elenco sinf\u00f3nico de mayor trayectoria del pa\u00eds y un referente en la promoci\u00f3n de la m\u00fasica acad\u00e9mica nacional e internacional. Su repertorio abarca tanto el canon universal como obras de compositores peruanos contempor\u00e1neos, contribuyendo a difundir los imaginarios sonoros del Per\u00fa y el mundo.<\/span><\/p>\n<p><span style=\"color: #000000;\">En reconocimiento a su destacada contribuci\u00f3n al desarrollo art\u00edstico y cultural del Per\u00fa, ambos elencos, junto a los dem\u00e1s Elencos Nacionales del Ministerio de Cultura, recibieron en junio de 2021 la Orden Al M\u00e9rito por Servicios Distinguidos.<\/span><\/p>\n<p><a href=\"https:\/\/elinformanteperu.com\/wp-content\/uploads\/2026\/05\/feria-libro-buenos-aires-retablo3.jpg\"><img decoding=\"async\" class=\"size-large wp-image-148586 aligncenter\" src=\"https:\/\/elinformanteperu.com\/wp-content\/uploads\/2026\/05\/feria-libro-buenos-aires-retablo3-1024x682.jpg\" alt=\"\" width=\"615\" height=\"410\" srcset=\"https:\/\/elinformanteperu.com\/wp-content\/uploads\/2026\/05\/feria-libro-buenos-aires-retablo3-1024x682.jpg 1024w, https:\/\/elinformanteperu.com\/wp-content\/uploads\/2026\/05\/feria-libro-buenos-aires-retablo3-300x200.jpg 300w, https:\/\/elinformanteperu.com\/wp-content\/uploads\/2026\/05\/feria-libro-buenos-aires-retablo3-768x512.jpg 768w, https:\/\/elinformanteperu.com\/wp-content\/uploads\/2026\/05\/feria-libro-buenos-aires-retablo3.jpg 1100w\" sizes=\"(max-width: 615px) 100vw, 615px\" \/><\/a><\/p>\n","protected":false},"excerpt":{"rendered":"<p>\u2022 Ballet Folcl\u00f3rico Nacional y la Orquesta Sinf\u00f3nica Nacional llevaron por primera vez a Argentina este emblem\u00e1tico espect\u00e1culo, en el marco de la participaci\u00f3n del Per\u00fa como Pa\u00eds Invitado de Honor en la Feria Internacional del Libro de Buenos Aires. Lima, 30 de abril 2026 (El Informante Per\u00fa).- Buenos Aires vivi\u00f3 una noche memorable con [&hellip;]<\/p>\n","protected":false},"author":1,"featured_media":148583,"comment_status":"closed","ping_status":"closed","sticky":false,"template":"","format":"standard","meta":{"rop_custom_images_group":[],"rop_custom_messages_group":[],"rop_publish_now":"initial","rop_publish_now_accounts":[],"rop_publish_now_history":[],"rop_publish_now_status":"pending","footnotes":""},"categories":[10],"tags":[8805,105],"class_list":["post-148582","post","type-post","status-publish","format-standard","has-post-thumbnail","hentry","category-actualidad-municipal","tag-feria-del-libro-buenos-aires-2026","tag-ministerio-de-cultura"],"_links":{"self":[{"href":"https:\/\/elinformanteperu.com\/index.php\/wp-json\/wp\/v2\/posts\/148582","targetHints":{"allow":["GET"]}}],"collection":[{"href":"https:\/\/elinformanteperu.com\/index.php\/wp-json\/wp\/v2\/posts"}],"about":[{"href":"https:\/\/elinformanteperu.com\/index.php\/wp-json\/wp\/v2\/types\/post"}],"author":[{"embeddable":true,"href":"https:\/\/elinformanteperu.com\/index.php\/wp-json\/wp\/v2\/users\/1"}],"replies":[{"embeddable":true,"href":"https:\/\/elinformanteperu.com\/index.php\/wp-json\/wp\/v2\/comments?post=148582"}],"version-history":[{"count":1,"href":"https:\/\/elinformanteperu.com\/index.php\/wp-json\/wp\/v2\/posts\/148582\/revisions"}],"predecessor-version":[{"id":148587,"href":"https:\/\/elinformanteperu.com\/index.php\/wp-json\/wp\/v2\/posts\/148582\/revisions\/148587"}],"wp:featuredmedia":[{"embeddable":true,"href":"https:\/\/elinformanteperu.com\/index.php\/wp-json\/wp\/v2\/media\/148583"}],"wp:attachment":[{"href":"https:\/\/elinformanteperu.com\/index.php\/wp-json\/wp\/v2\/media?parent=148582"}],"wp:term":[{"taxonomy":"category","embeddable":true,"href":"https:\/\/elinformanteperu.com\/index.php\/wp-json\/wp\/v2\/categories?post=148582"},{"taxonomy":"post_tag","embeddable":true,"href":"https:\/\/elinformanteperu.com\/index.php\/wp-json\/wp\/v2\/tags?post=148582"}],"curies":[{"name":"wp","href":"https:\/\/api.w.org\/{rel}","templated":true}]}}