{"id":148571,"date":"2026-05-01T02:35:39","date_gmt":"2026-05-01T07:35:39","guid":{"rendered":"https:\/\/elinformanteperu.com\/?p=148571"},"modified":"2026-05-01T02:35:39","modified_gmt":"2026-05-01T07:35:39","slug":"cancer-de-colon-como-detectarlo-a-tiempo-y-reducir-el-riesgo","status":"publish","type":"post","link":"https:\/\/elinformanteperu.com\/index.php\/2026\/05\/01\/cancer-de-colon-como-detectarlo-a-tiempo-y-reducir-el-riesgo\/","title":{"rendered":"C\u00e1ncer de colon: c\u00f3mo detectarlo a tiempo y reducir el riesgo"},"content":{"rendered":"<p><strong><span style=\"color: #000000;\">Director de la carrera de Medicina de la UTP advierte que esta enfermedad puede desarrollarse sin s\u00edntomas durante a\u00f1os, pero es posible evitarla y tratarla con \u00e9xito si se identifican factores de riesgo y se realizan controles oportunos.<\/span><\/strong><\/p>\n<p><span style=\"color: #000000;\"><strong>Lima, 30 de abril 2026 (El Informante Per\u00fa).-<\/strong> El c\u00e1ncer de colon es una enfermedad prevenible y tratable si se detecta de manera oportuna. Sin embargo, su desarrollo silencioso hace que muchas personas no busquen atenci\u00f3n m\u00e9dica hasta etapas avanzadas.<\/span><\/p>\n<p><span style=\"color: #000000;\">\u201cEl c\u00e1ncer de colon es un crecimiento desordenado y descontrolado de las c\u00e9lulas del intestino grueso. Se inicia con peque\u00f1os grupos de c\u00e9lulas llamados p\u00f3lipos que, con el tiempo, pueden convertirse en c\u00e1ncer\u201d, explica el doctor Alejandro Piscoya, director de la carrera de Medicina de la Universidad Tecnol\u00f3gica del Per\u00fa (UTP).<\/span><\/p>\n<p><span style=\"color: #000000;\">\u00c9l destaca que esta enfermedad tiene una \u201cventaja\u201d frente a otros tipos de c\u00e1ncer: puede prevenirse. \u201cEn principio, el c\u00e1ncer de colon se puede evitar y, en una segunda instancia, se puede detectar de manera temprana. En la mayor\u00eda de los casos, el tratamiento puede curarlo o controlarlo\u201d, precisa.<\/span><\/p>\n<p><strong><span style=\"color: #000000;\">Un enemigo silencioso<\/span><\/strong><\/p>\n<p><span style=\"color: #000000;\">Una de las principales dificultades en la detecci\u00f3n del c\u00e1ncer de colon es que, en sus etapas iniciales, no presenta s\u00edntomas. \u201cLos p\u00f3lipos del colon y el c\u00e1ncer en sus etapas iniciales no dan s\u00edntomas, por lo que deben buscarse mediante ex\u00e1menes espec\u00edficos\u201d, advierte Piscoya.<\/span><\/p>\n<p><span style=\"color: #000000;\">Cuando la enfermedad ya est\u00e1 avanzada, pueden aparecer se\u00f1ales de alerta como sangrado en las heces, p\u00e9rdida de peso involuntaria o cambios recientes en la frecuencia o consistencia de las deposiciones. Adem\u00e1s, la p\u00e9rdida constante de sangre puede provocar anemia, generando debilidad y cansancio.<\/span><\/p>\n<p><strong><span style=\"color: #000000;\">\u00bfQui\u00e9nes deben prestar mayor atenci\u00f3n?<\/span><\/strong><\/p>\n<p><span style=\"color: #000000;\">El especialista se\u00f1ala que, en general, los chequeos deben iniciarse a partir de los 50 a\u00f1os. No obstante, existen grupos que requieren una evaluaci\u00f3n m\u00e1s temprana.<\/span><\/p>\n<p><span style=\"color: #000000;\">Entre ellos se encuentran las personas con antecedentes familiares de c\u00e1ncer de colon en primer grado, como padres, hermanos e hijos, especialmente si el diagn\u00f3stico ocurri\u00f3 antes de los 50 a\u00f1os. Asimismo, quienes han tenido p\u00f3lipos, enfermedades inflamatorias intestinales o s\u00edndromes hereditarios asociados.<\/span><\/p>\n<p><span style=\"color: #000000;\">\u201cEn estos casos, el programa de detecci\u00f3n debe iniciarse antes y bajo supervisi\u00f3n m\u00e9dica\u201d, indica.<\/span><\/p>\n<p><strong><span style=\"color: #000000;\">H\u00e1bitos que marcan la diferencia<\/span><\/strong><\/p>\n<p><span style=\"color: #000000;\">Adem\u00e1s de los controles m\u00e9dicos, el estilo de vida cumple un rol clave en la reducci\u00f3n del riesgo.<\/span><\/p>\n<p><span style=\"color: #000000;\">El director de la UTP recomienda evitar el tabaco, realizar actividad f\u00edsica, mantener un peso saludable, consumir alimentos ricos en fibra, como frutas y verduras, moderar el consumo de alcohol y reducir la ingesta de carnes rojas.<\/span><\/p>\n<p><span style=\"color: #000000;\">Adem\u00e1s, el m\u00e9dico sugiere no esperar a tener s\u00edntomas para actuar. \u201cLos ex\u00e1menes no son dif\u00edciles de realizar y pueden prevenir el desarrollo del c\u00e1ncer o mejorar significativamente su tratamiento al detectarlo en etapas tempranas\u201d, concluye.<\/span><\/p>\n","protected":false},"excerpt":{"rendered":"<p>Director de la carrera de Medicina de la UTP advierte que esta enfermedad puede desarrollarse sin s\u00edntomas durante a\u00f1os, pero es posible evitarla y tratarla con \u00e9xito si se identifican factores de riesgo y se realizan controles oportunos. Lima, 30 de abril 2026 (El Informante Per\u00fa).- El c\u00e1ncer de colon es una enfermedad prevenible y [&hellip;]<\/p>\n","protected":false},"author":1,"featured_media":148572,"comment_status":"closed","ping_status":"closed","sticky":false,"template":"","format":"standard","meta":{"rop_custom_images_group":[],"rop_custom_messages_group":[],"rop_publish_now":"initial","rop_publish_now_accounts":[],"rop_publish_now_history":[],"rop_publish_now_status":"pending","footnotes":""},"categories":[10,5746,21],"tags":[493],"class_list":["post-148571","post","type-post","status-publish","format-standard","has-post-thumbnail","hentry","category-actualidad-municipal","category-foto-noticias","category-orientacion","tag-utp"],"_links":{"self":[{"href":"https:\/\/elinformanteperu.com\/index.php\/wp-json\/wp\/v2\/posts\/148571","targetHints":{"allow":["GET"]}}],"collection":[{"href":"https:\/\/elinformanteperu.com\/index.php\/wp-json\/wp\/v2\/posts"}],"about":[{"href":"https:\/\/elinformanteperu.com\/index.php\/wp-json\/wp\/v2\/types\/post"}],"author":[{"embeddable":true,"href":"https:\/\/elinformanteperu.com\/index.php\/wp-json\/wp\/v2\/users\/1"}],"replies":[{"embeddable":true,"href":"https:\/\/elinformanteperu.com\/index.php\/wp-json\/wp\/v2\/comments?post=148571"}],"version-history":[{"count":1,"href":"https:\/\/elinformanteperu.com\/index.php\/wp-json\/wp\/v2\/posts\/148571\/revisions"}],"predecessor-version":[{"id":148573,"href":"https:\/\/elinformanteperu.com\/index.php\/wp-json\/wp\/v2\/posts\/148571\/revisions\/148573"}],"wp:featuredmedia":[{"embeddable":true,"href":"https:\/\/elinformanteperu.com\/index.php\/wp-json\/wp\/v2\/media\/148572"}],"wp:attachment":[{"href":"https:\/\/elinformanteperu.com\/index.php\/wp-json\/wp\/v2\/media?parent=148571"}],"wp:term":[{"taxonomy":"category","embeddable":true,"href":"https:\/\/elinformanteperu.com\/index.php\/wp-json\/wp\/v2\/categories?post=148571"},{"taxonomy":"post_tag","embeddable":true,"href":"https:\/\/elinformanteperu.com\/index.php\/wp-json\/wp\/v2\/tags?post=148571"}],"curies":[{"name":"wp","href":"https:\/\/api.w.org\/{rel}","templated":true}]}}