{"id":148553,"date":"2026-05-01T02:07:57","date_gmt":"2026-05-01T07:07:57","guid":{"rendered":"https:\/\/elinformanteperu.com\/?p=148553"},"modified":"2026-05-01T02:07:57","modified_gmt":"2026-05-01T07:07:57","slug":"atu-nuevos-buses-se-incorporan-para-conectar-el-callao-con-el-centro-de-lima","status":"publish","type":"post","link":"https:\/\/elinformanteperu.com\/index.php\/2026\/05\/01\/atu-nuevos-buses-se-incorporan-para-conectar-el-callao-con-el-centro-de-lima\/","title":{"rendered":"ATU: nuevos buses se incorporan para conectar el Callao con el Centro de Lima"},"content":{"rendered":"<p><strong><span style=\"color: #000000;\">Las unidades cuentan con c\u00e1maras de seguridad, admiten pagos con billeteras digitales.<\/span><\/strong><\/p>\n<p><span style=\"color: #000000;\"><strong>Lima, 29 de abril 2026 (El Informante Per\u00fa).-<\/strong> Con el objetivo de mejorar la conectividad y optimizar los tiempos de viaje de miles de usuarios, nuevos buses entrar\u00e1n en operaci\u00f3n desde este lunes para cubrir la ruta 1445,que une el Callao con el Centro de Lima, inform\u00f3 la Autoridad de Transporte Urbano para Lima y Callao (ATU), entidad adscrita al Ministerio de Transportes y Comunicaciones (MTC).<\/span><\/p>\n<p><span style=\"color: #000000;\">Las unidades, con sistema de gas natural, aceptan pagos mediante billeteras digitales y est\u00e1n equipadas con c\u00e1maras de seguridad conectadas al centro de monitoreo de la Municipalidad del Callao, lo que permitir\u00e1 reforzar la vigilancia y contribuir a prevenir delitos como robos y extorsiones.<\/span><\/p>\n<p><a href=\"https:\/\/elinformanteperu.com\/wp-content\/uploads\/2026\/05\/atu-buses-lima-y-callao1.jpg\"><img fetchpriority=\"high\" decoding=\"async\" class=\"size-full wp-image-148555 aligncenter\" src=\"https:\/\/elinformanteperu.com\/wp-content\/uploads\/2026\/05\/atu-buses-lima-y-callao1.jpg\" alt=\"\" width=\"656\" height=\"373\" srcset=\"https:\/\/elinformanteperu.com\/wp-content\/uploads\/2026\/05\/atu-buses-lima-y-callao1.jpg 656w, https:\/\/elinformanteperu.com\/wp-content\/uploads\/2026\/05\/atu-buses-lima-y-callao1-300x171.jpg 300w\" sizes=\"(max-width: 656px) 100vw, 656px\" \/><\/a><span style=\"color: #000000;\">La nueva flota cubrir\u00e1 un recorrido aproximado de 40 kil\u00f3metros. Su recorrido inicia en Mi Per\u00fa (Ventanilla), contin\u00faa por las avenidas N\u00e9stor Gambetta, Elmer Faucett y Colonial, luego conecta con Dos de Mayo, hasta llegar al Centro de Lima.<\/span><\/p>\n<p><span style=\"color: #000000;\">\u201cSi nos ordenamos en un modelo donde las autoridades pol\u00edticas respalden el trabajo t\u00e9cnico, se logran objetivos concretos como el ingreso de esta nueva flota. Hemos abierto el camino, a trav\u00e9s de la entrega de t\u00edtulos habilitantes, para que los operadores encuentren al fin la capacidad financiera respaldada por la banca, para sumar flota a sus rutas\u201d, destac\u00f3 David Hern\u00e1ndez, durante la ceremonia de presentaci\u00f3n.<\/span><\/p>\n<p><strong><span style=\"color: #000000;\">Mejoras<\/span><\/strong><\/p>\n<p><a href=\"https:\/\/elinformanteperu.com\/wp-content\/uploads\/2026\/05\/atu-buses-lima-y-callao2.jpg\"><img decoding=\"async\" class=\"size-full wp-image-148556 aligncenter\" src=\"https:\/\/elinformanteperu.com\/wp-content\/uploads\/2026\/05\/atu-buses-lima-y-callao2.jpg\" alt=\"\" width=\"656\" height=\"368\" srcset=\"https:\/\/elinformanteperu.com\/wp-content\/uploads\/2026\/05\/atu-buses-lima-y-callao2.jpg 656w, https:\/\/elinformanteperu.com\/wp-content\/uploads\/2026\/05\/atu-buses-lima-y-callao2-300x168.jpg 300w\" sizes=\"(max-width: 656px) 100vw, 656px\" \/><\/a><span style=\"color: #000000;\">La incorporaci\u00f3n de esta flota se suma a las mejoras en infraestructura vial implementadas en la provincia del Callao, como la puesta en marcha del primer carril bus rosado, un sistema de carriles exclusivos para el transporte p\u00fablico que contribuye a optimizar la circulaci\u00f3n, ordenar el flujo vehicular y reducir los tiempos de viaje.<\/span><\/p>\n<p><span style=\"color: #000000;\">Esta medida beneficia a usuarios de 57 rutas autorizadas que transitan por esta v\u00eda, las cuales ahora cuentan con un carril exclusivo, ubicado al lado derecho en ambos sentidos, permitiendo un desplazamiento m\u00e1s fluido, seguro y eficiente.<\/span><\/p>\n<p><span style=\"color: #000000;\">\u201cLos carriles segregados permiten mejorar la velocidad comercial de los buses. Gracias a esta infraestructura, los tiempos de viaje se han reducido hasta en 45 minutos\u201d, destac\u00f3 el presidente ejecutivo de la ATU.<\/span><\/p>\n<p><a href=\"https:\/\/elinformanteperu.com\/wp-content\/uploads\/2026\/05\/atu-buses-lima-y-callao3.jpg\"><img decoding=\"async\" class=\"size-full wp-image-148557 aligncenter\" src=\"https:\/\/elinformanteperu.com\/wp-content\/uploads\/2026\/05\/atu-buses-lima-y-callao3.jpg\" alt=\"\" width=\"654\" height=\"369\" srcset=\"https:\/\/elinformanteperu.com\/wp-content\/uploads\/2026\/05\/atu-buses-lima-y-callao3.jpg 654w, https:\/\/elinformanteperu.com\/wp-content\/uploads\/2026\/05\/atu-buses-lima-y-callao3-300x169.jpg 300w, https:\/\/elinformanteperu.com\/wp-content\/uploads\/2026\/05\/atu-buses-lima-y-callao3-620x350.jpg 620w\" sizes=\"(max-width: 654px) 100vw, 654px\" \/><\/a><\/p>\n","protected":false},"excerpt":{"rendered":"<p>Las unidades cuentan con c\u00e1maras de seguridad, admiten pagos con billeteras digitales. Lima, 29 de abril 2026 (El Informante Per\u00fa).- Con el objetivo de mejorar la conectividad y optimizar los tiempos de viaje de miles de usuarios, nuevos buses entrar\u00e1n en operaci\u00f3n desde este lunes para cubrir la ruta 1445,que une el Callao con el [&hellip;]<\/p>\n","protected":false},"author":1,"featured_media":148554,"comment_status":"closed","ping_status":"closed","sticky":false,"template":"","format":"standard","meta":{"rop_custom_images_group":[],"rop_custom_messages_group":[],"rop_publish_now":"initial","rop_publish_now_accounts":[],"rop_publish_now_history":[],"rop_publish_now_status":"pending","footnotes":""},"categories":[10,5745],"tags":[5422,535,1613],"class_list":["post-148553","post","type-post","status-publish","format-standard","has-post-thumbnail","hentry","category-actualidad-municipal","category-lo-ultimo","tag-atu","tag-callao","tag-lima"],"_links":{"self":[{"href":"https:\/\/elinformanteperu.com\/index.php\/wp-json\/wp\/v2\/posts\/148553","targetHints":{"allow":["GET"]}}],"collection":[{"href":"https:\/\/elinformanteperu.com\/index.php\/wp-json\/wp\/v2\/posts"}],"about":[{"href":"https:\/\/elinformanteperu.com\/index.php\/wp-json\/wp\/v2\/types\/post"}],"author":[{"embeddable":true,"href":"https:\/\/elinformanteperu.com\/index.php\/wp-json\/wp\/v2\/users\/1"}],"replies":[{"embeddable":true,"href":"https:\/\/elinformanteperu.com\/index.php\/wp-json\/wp\/v2\/comments?post=148553"}],"version-history":[{"count":1,"href":"https:\/\/elinformanteperu.com\/index.php\/wp-json\/wp\/v2\/posts\/148553\/revisions"}],"predecessor-version":[{"id":148558,"href":"https:\/\/elinformanteperu.com\/index.php\/wp-json\/wp\/v2\/posts\/148553\/revisions\/148558"}],"wp:featuredmedia":[{"embeddable":true,"href":"https:\/\/elinformanteperu.com\/index.php\/wp-json\/wp\/v2\/media\/148554"}],"wp:attachment":[{"href":"https:\/\/elinformanteperu.com\/index.php\/wp-json\/wp\/v2\/media?parent=148553"}],"wp:term":[{"taxonomy":"category","embeddable":true,"href":"https:\/\/elinformanteperu.com\/index.php\/wp-json\/wp\/v2\/categories?post=148553"},{"taxonomy":"post_tag","embeddable":true,"href":"https:\/\/elinformanteperu.com\/index.php\/wp-json\/wp\/v2\/tags?post=148553"}],"curies":[{"name":"wp","href":"https:\/\/api.w.org\/{rel}","templated":true}]}}