{"id":14855,"date":"2017-08-24T23:39:47","date_gmt":"2017-08-25T04:39:47","guid":{"rendered":"http:\/\/elinformanteperu.com\/?p=14855"},"modified":"2017-08-24T23:39:47","modified_gmt":"2017-08-25T04:39:47","slug":"liga-de-campeones-psg-y-bayern-amplios-favoritos-en-el-grupo-b","status":"publish","type":"post","link":"https:\/\/elinformanteperu.com\/index.php\/2017\/08\/24\/liga-de-campeones-psg-y-bayern-amplios-favoritos-en-el-grupo-b\/","title":{"rendered":"Liga de Campeones: PSG y Bayern amplios favoritos en el grupo B"},"content":{"rendered":"<p><strong><span style=\"color: #000000;\">El Par\u00eds Saint Germain con la estrella brasile\u00f1a Neymar ha quedado encuadrado en el grupo B de la Liga de Campeones de Europa junto a Bayern de M\u00fanich, Anderlecht y Celtic de Glasgow.<\/span><\/strong><\/p>\n<p><span style=\"color: #000000;\"><strong>Lima, 24 Agosto 2017, (ANDINA).-<\/strong> El Par\u00eds Saint Germain con la estrella brasile\u00f1a Neymar ha quedado encuadrado en el grupo B de la Liga de Campeones de Europa junto a Bayern de M\u00fanich, Anderlecht y Celtic de Glasgow.<\/span><\/p>\n<p><span style=\"color: #000000;\">Neymar volver\u00e1 a pisar el Allianz Arena de M\u00fanich, del que guarda un buen recuerdo ya que anot\u00f3 dos goles en las semifinales de 2015 que sirvieron para corroborar el pase del Barcelona a la final de Berl\u00edn.<\/span><\/p>\n<p><span style=\"color: #000000;\">Tambi\u00e9n del Celtic de Glasgow tiene buenas sensaciones el brasile\u00f1o, ya que ante los escoceses logr\u00f3 su primer hat-trick en la Liga de Campeones.<\/span><\/p>\n<p><span style=\"color: #000000;\">Hay pocos precedentes entre PSG y Bayern en Europa. La \u00faltima vez que se enfrentaron fue en la fase de grupos de la temporada 2000-01. En Par\u00eds ganaron los locales por 1-0 y en Alemania hizo lo propio el Bayern por 2-0. El cuadro germano, que acabar\u00eda siendo campe\u00f3n de Europa aquella temporada, termin\u00f3 como primero de grupo mientras que el PSG se clasific\u00f3 segundo.<\/span><\/p>\n<p><span style=\"color: #000000;\">El Anderlecht, campe\u00f3n de B\u00e9lgica pero que ha perdido a su estrella Tielemans, y el Celtic escoc\u00e9s, con Moussa Dembele como goleador y m\u00e1s peligroso en Glasgow que fuera de Escocia, redondean un grupo en el que PSG y Bayern se disputar\u00e1n la primera plaza sin reservas. No hay tregua.<\/span><\/p>\n<p><img fetchpriority=\"high\" decoding=\"async\" class=\"aligncenter size-full wp-image-14857\" src=\"http:\/\/elinformanteperu.com\/wp-content\/uploads\/2017\/08\/neymar-barza.jpg\" alt=\"\" width=\"1800\" height=\"1200\" srcset=\"https:\/\/elinformanteperu.com\/wp-content\/uploads\/2017\/08\/neymar-barza.jpg 1800w, https:\/\/elinformanteperu.com\/wp-content\/uploads\/2017\/08\/neymar-barza-300x200.jpg 300w, https:\/\/elinformanteperu.com\/wp-content\/uploads\/2017\/08\/neymar-barza-768x512.jpg 768w, https:\/\/elinformanteperu.com\/wp-content\/uploads\/2017\/08\/neymar-barza-1024x683.jpg 1024w, https:\/\/elinformanteperu.com\/wp-content\/uploads\/2017\/08\/neymar-barza-128x85.jpg 128w, https:\/\/elinformanteperu.com\/wp-content\/uploads\/2017\/08\/neymar-barza-32x21.jpg 32w\" sizes=\"(max-width: 1800px) 100vw, 1800px\" \/><\/p>\n","protected":false},"excerpt":{"rendered":"<p>El Par\u00eds Saint Germain con la estrella brasile\u00f1a Neymar ha quedado encuadrado en el grupo B de la Liga de Campeones de Europa junto a Bayern de M\u00fanich, Anderlecht y Celtic de Glasgow. Lima, 24 Agosto 2017, (ANDINA).- El Par\u00eds Saint Germain con la estrella brasile\u00f1a Neymar ha quedado encuadrado en el grupo B de [&hellip;]<\/p>\n","protected":false},"author":1,"featured_media":14856,"comment_status":"open","ping_status":"open","sticky":false,"template":"","format":"standard","meta":{"rop_custom_images_group":[],"rop_custom_messages_group":[],"rop_publish_now":"initial","rop_publish_now_accounts":[],"rop_publish_now_history":[],"rop_publish_now_status":"pending","footnotes":""},"categories":[8],"tags":[1130],"class_list":["post-14855","post","type-post","status-publish","format-standard","has-post-thumbnail","hentry","category-disciplinas-deportivas","tag-liga-de-campeones-2017"],"_links":{"self":[{"href":"https:\/\/elinformanteperu.com\/index.php\/wp-json\/wp\/v2\/posts\/14855","targetHints":{"allow":["GET"]}}],"collection":[{"href":"https:\/\/elinformanteperu.com\/index.php\/wp-json\/wp\/v2\/posts"}],"about":[{"href":"https:\/\/elinformanteperu.com\/index.php\/wp-json\/wp\/v2\/types\/post"}],"author":[{"embeddable":true,"href":"https:\/\/elinformanteperu.com\/index.php\/wp-json\/wp\/v2\/users\/1"}],"replies":[{"embeddable":true,"href":"https:\/\/elinformanteperu.com\/index.php\/wp-json\/wp\/v2\/comments?post=14855"}],"version-history":[{"count":1,"href":"https:\/\/elinformanteperu.com\/index.php\/wp-json\/wp\/v2\/posts\/14855\/revisions"}],"predecessor-version":[{"id":14858,"href":"https:\/\/elinformanteperu.com\/index.php\/wp-json\/wp\/v2\/posts\/14855\/revisions\/14858"}],"wp:featuredmedia":[{"embeddable":true,"href":"https:\/\/elinformanteperu.com\/index.php\/wp-json\/wp\/v2\/media\/14856"}],"wp:attachment":[{"href":"https:\/\/elinformanteperu.com\/index.php\/wp-json\/wp\/v2\/media?parent=14855"}],"wp:term":[{"taxonomy":"category","embeddable":true,"href":"https:\/\/elinformanteperu.com\/index.php\/wp-json\/wp\/v2\/categories?post=14855"},{"taxonomy":"post_tag","embeddable":true,"href":"https:\/\/elinformanteperu.com\/index.php\/wp-json\/wp\/v2\/tags?post=14855"}],"curies":[{"name":"wp","href":"https:\/\/api.w.org\/{rel}","templated":true}]}}