{"id":148546,"date":"2026-05-01T01:57:02","date_gmt":"2026-05-01T06:57:02","guid":{"rendered":"https:\/\/elinformanteperu.com\/?p=148546"},"modified":"2026-05-01T01:57:02","modified_gmt":"2026-05-01T06:57:02","slug":"nuevo-corredor-de-la-via-expresa-grau-alcanza-90-de-avance-e-iniciara-marcha-blanca-en-60-dias","status":"publish","type":"post","link":"https:\/\/elinformanteperu.com\/index.php\/2026\/05\/01\/nuevo-corredor-de-la-via-expresa-grau-alcanza-90-de-avance-e-iniciara-marcha-blanca-en-60-dias\/","title":{"rendered":"Nuevo corredor de la V\u00eda Expresa Grau alcanza 90 % de avance e iniciar\u00e1 marcha blanca en 60 d\u00edas"},"content":{"rendered":"<p><strong><span style=\"color: #000000;\">La obra permitir\u00e1 conectar el Metropolitano con la L\u00ednea 1 del Metro de Lima y reducir\u00e1 los tiempos de viaje entre Carabayllo y la Estaci\u00f3n Grau a solo 30 minutos.<\/span><\/strong><\/p>\n<p><span style=\"color: #000000;\"><strong>Lima, 29 de abril 2026 (El Informante Per\u00fa).-<\/strong> El alcalde de Lima, Renzo Reggiardo, supervis\u00f3 los avances del nuevo corredor de la V\u00eda Expresa Grau, una obra estrat\u00e9gica orientada a mejorar la movilidad urbana e integrar el Metropolitano con la L\u00ednea 1 del Metro de Lima.<\/span><\/p>\n<p><span style=\"color: #000000;\">Durante la inspecci\u00f3n, el burgomaestre inform\u00f3 que el proyecto se encuentra en su fase final y anunci\u00f3 el inicio de su operaci\u00f3n progresiva en las pr\u00f3ximas semanas.<\/span><\/p>\n<p><span style=\"color: #000000;\">\u201cYa se encuentra pr\u00e1cticamente al 90 por ciento de ejecuci\u00f3n. Estamos calculando que en 60 d\u00edas podemos iniciar ya una marcha blanca\u201d, indic\u00f3.<\/span><\/p>\n<p><a href=\"https:\/\/elinformanteperu.com\/wp-content\/uploads\/2026\/05\/via-expresa-grau.jpg\"><img fetchpriority=\"high\" decoding=\"async\" class=\"size-full wp-image-148548 aligncenter\" src=\"https:\/\/elinformanteperu.com\/wp-content\/uploads\/2026\/05\/via-expresa-grau.jpg\" alt=\"\" width=\"979\" height=\"646\" srcset=\"https:\/\/elinformanteperu.com\/wp-content\/uploads\/2026\/05\/via-expresa-grau.jpg 979w, https:\/\/elinformanteperu.com\/wp-content\/uploads\/2026\/05\/via-expresa-grau-300x198.jpg 300w, https:\/\/elinformanteperu.com\/wp-content\/uploads\/2026\/05\/via-expresa-grau-768x507.jpg 768w\" sizes=\"(max-width: 979px) 100vw, 979px\" \/><\/a><span style=\"color: #000000;\">El corredor, que contempla una extensi\u00f3n de 2.8 kil\u00f3metros, permitir\u00e1 por primera vez la conexi\u00f3n directa entre la Estaci\u00f3n Central del Metropolitano y la L\u00ednea 1, optimizando los desplazamientos en la ciudad<\/span><\/p>\n<p><span style=\"color: #000000;\">Gracias a esta interconexi\u00f3n, se estima que los ciudadanos podr\u00e1n trasladarse desde Carabayllo hasta la Estaci\u00f3n Grau en aproximadamente 30 minutos, reduciendo de manera significativa los tiempos de viaje.<\/span><\/p>\n<p><span style=\"color: #000000;\">A la fecha, se han ejecutado 46,000 m\u00b2 de pavimento, 5,000 m\u00b2 de veredas y 7,000 metros lineales de sardineles. Asimismo, se han implementado 500 \u00e1rboles y 9,100 m\u00b2 de \u00e1reas verdes, junto con la instalaci\u00f3n de cercos, bolardos y se\u00f1alizaci\u00f3n podot\u00e1ctil.<\/span><\/p>\n<p><a href=\"https:\/\/elinformanteperu.com\/wp-content\/uploads\/2026\/05\/via-expresa-grau1.jpg\"><img decoding=\"async\" class=\"size-full wp-image-148549 aligncenter\" src=\"https:\/\/elinformanteperu.com\/wp-content\/uploads\/2026\/05\/via-expresa-grau1.jpg\" alt=\"\" width=\"979\" height=\"651\" srcset=\"https:\/\/elinformanteperu.com\/wp-content\/uploads\/2026\/05\/via-expresa-grau1.jpg 979w, https:\/\/elinformanteperu.com\/wp-content\/uploads\/2026\/05\/via-expresa-grau1-300x199.jpg 300w, https:\/\/elinformanteperu.com\/wp-content\/uploads\/2026\/05\/via-expresa-grau1-768x511.jpg 768w\" sizes=\"(max-width: 979px) 100vw, 979px\" \/><\/a><span style=\"color: #000000;\">En cuanto a la infraestructura, las estaciones Abancay, Andahuaylas y Parinacochas ya cuentan con estructuras culminadas al 100 %, mientras se ultiman los acabados en pisos, techos, rampas, vidrios y se\u00f1alizaci\u00f3n.<\/span><\/p>\n<p><span style=\"color: #000000;\">El alcalde resalt\u00f3 la inversi\u00f3n destinada al proyecto y su impacto en la ciudad. \u201cEsta obra ha costado 115 millones de soles y, sin duda, es una gran infraestructura que fundamentalmente permitir\u00e1 tener una adecuada transitabilidad en nuestra ciudad de Lima\u201d, expres\u00f3.<\/span><\/p>\n<p><span style=\"color: #000000;\">El corredor tambi\u00e9n incorpora riego tecnificado y sistemas de seguridad, consolid\u00e1ndose como una infraestructura moderna que busca marcar un antes y un despu\u00e9s en la movilidad urbana de la capital. La autoridad edil tambi\u00e9n destac\u00f3 la incorporaci\u00f3n de tecnolog\u00eda para mejorar la gesti\u00f3n del tr\u00e1nsito. \u201cEn esta obra vamos a tener un sistema de semaforizaci\u00f3n inteligente\u201d, se\u00f1al\u00f3.<\/span><\/p>\n<p><a href=\"https:\/\/elinformanteperu.com\/wp-content\/uploads\/2026\/05\/via-expresa-grau2.jpg\"><img decoding=\"async\" class=\"size-full wp-image-148550 aligncenter\" src=\"https:\/\/elinformanteperu.com\/wp-content\/uploads\/2026\/05\/via-expresa-grau2.jpg\" alt=\"\" width=\"981\" height=\"649\" srcset=\"https:\/\/elinformanteperu.com\/wp-content\/uploads\/2026\/05\/via-expresa-grau2.jpg 981w, https:\/\/elinformanteperu.com\/wp-content\/uploads\/2026\/05\/via-expresa-grau2-300x198.jpg 300w, https:\/\/elinformanteperu.com\/wp-content\/uploads\/2026\/05\/via-expresa-grau2-768x508.jpg 768w\" sizes=\"(max-width: 981px) 100vw, 981px\" \/><\/a><span style=\"color: #000000;\">El proyecto incluye estaciones modernas con puertas con sensores y se\u00f1alizaci\u00f3n integral, lo que permitir\u00e1 un servicio m\u00e1s ordenado, seguro y eficiente. Asimismo, la intervenci\u00f3n contempla la recuperaci\u00f3n del entorno urbano a lo largo del corredor, espacios que durante a\u00f1os no hab\u00edan sido intervenidos por las autoridades.<\/span><\/p>\n<p><span style=\"color: #000000;\">Durante la inspecci\u00f3n, Renzo Reggiardo estuvo acompa\u00f1ado del gerente de EMAPE, Edgar Lara y el gerente de Movilidad Urbana, Alberto Peralta.<\/span><\/p>\n<p><a href=\"https:\/\/elinformanteperu.com\/wp-content\/uploads\/2026\/05\/via-expresa-grau3.jpg\"><img loading=\"lazy\" decoding=\"async\" class=\"size-full wp-image-148551 aligncenter\" src=\"https:\/\/elinformanteperu.com\/wp-content\/uploads\/2026\/05\/via-expresa-grau3.jpg\" alt=\"\" width=\"981\" height=\"653\" srcset=\"https:\/\/elinformanteperu.com\/wp-content\/uploads\/2026\/05\/via-expresa-grau3.jpg 981w, https:\/\/elinformanteperu.com\/wp-content\/uploads\/2026\/05\/via-expresa-grau3-300x200.jpg 300w, https:\/\/elinformanteperu.com\/wp-content\/uploads\/2026\/05\/via-expresa-grau3-768x511.jpg 768w\" sizes=\"(max-width: 981px) 100vw, 981px\" \/><\/a><\/p>\n","protected":false},"excerpt":{"rendered":"<p>La obra permitir\u00e1 conectar el Metropolitano con la L\u00ednea 1 del Metro de Lima y reducir\u00e1 los tiempos de viaje entre Carabayllo y la Estaci\u00f3n Grau a solo 30 minutos. Lima, 29 de abril 2026 (El Informante Per\u00fa).- El alcalde de Lima, Renzo Reggiardo, supervis\u00f3 los avances del nuevo corredor de la V\u00eda Expresa Grau, [&hellip;]<\/p>\n","protected":false},"author":1,"featured_media":148547,"comment_status":"closed","ping_status":"closed","sticky":false,"template":"","format":"standard","meta":{"rop_custom_images_group":[],"rop_custom_messages_group":[],"rop_publish_now":"initial","rop_publish_now_accounts":[],"rop_publish_now_history":[],"rop_publish_now_status":"pending","footnotes":""},"categories":[10,5745],"tags":[122,3440,7819],"class_list":["post-148546","post","type-post","status-publish","format-standard","has-post-thumbnail","hentry","category-actualidad-municipal","category-lo-ultimo","tag-municipalidad-de-lima","tag-renzo-reggiardo","tag-via-expresa-grau"],"_links":{"self":[{"href":"https:\/\/elinformanteperu.com\/index.php\/wp-json\/wp\/v2\/posts\/148546","targetHints":{"allow":["GET"]}}],"collection":[{"href":"https:\/\/elinformanteperu.com\/index.php\/wp-json\/wp\/v2\/posts"}],"about":[{"href":"https:\/\/elinformanteperu.com\/index.php\/wp-json\/wp\/v2\/types\/post"}],"author":[{"embeddable":true,"href":"https:\/\/elinformanteperu.com\/index.php\/wp-json\/wp\/v2\/users\/1"}],"replies":[{"embeddable":true,"href":"https:\/\/elinformanteperu.com\/index.php\/wp-json\/wp\/v2\/comments?post=148546"}],"version-history":[{"count":1,"href":"https:\/\/elinformanteperu.com\/index.php\/wp-json\/wp\/v2\/posts\/148546\/revisions"}],"predecessor-version":[{"id":148552,"href":"https:\/\/elinformanteperu.com\/index.php\/wp-json\/wp\/v2\/posts\/148546\/revisions\/148552"}],"wp:featuredmedia":[{"embeddable":true,"href":"https:\/\/elinformanteperu.com\/index.php\/wp-json\/wp\/v2\/media\/148547"}],"wp:attachment":[{"href":"https:\/\/elinformanteperu.com\/index.php\/wp-json\/wp\/v2\/media?parent=148546"}],"wp:term":[{"taxonomy":"category","embeddable":true,"href":"https:\/\/elinformanteperu.com\/index.php\/wp-json\/wp\/v2\/categories?post=148546"},{"taxonomy":"post_tag","embeddable":true,"href":"https:\/\/elinformanteperu.com\/index.php\/wp-json\/wp\/v2\/tags?post=148546"}],"curies":[{"name":"wp","href":"https:\/\/api.w.org\/{rel}","templated":true}]}}