{"id":148525,"date":"2026-04-30T23:19:27","date_gmt":"2026-05-01T04:19:27","guid":{"rendered":"https:\/\/elinformanteperu.com\/?p=148525"},"modified":"2026-05-01T03:07:17","modified_gmt":"2026-05-01T08:07:17","slug":"expoalimentaria-impulsa-agroexportaciones-que-alcanzarian-los-us-15300-millones-al-ano","status":"publish","type":"post","link":"https:\/\/elinformanteperu.com\/index.php\/2026\/04\/30\/expoalimentaria-impulsa-agroexportaciones-que-alcanzarian-los-us-15300-millones-al-ano\/","title":{"rendered":"Expoalimentaria impulsa agroexportaciones que alcanzar\u00edan los US$ 15,300 millones al a\u00f1o"},"content":{"rendered":"<p><strong><span style=\"color: #000000;\">\u201cPer\u00fa debe persistir en el reto de ampliar la escala de su presencia en la mayor\u00eda de los mercados\u201d, se\u00f1al\u00f3 el presidente de ADEX, C\u00e9sar Tello Ram\u00edrez.<\/span><\/strong><\/p>\n<p><span style=\"color: #000000;\"><strong>Lima, 29 de abril 2026 (Por: Jeanette Garc\u00eda \/ El Informante Per\u00fa).-<\/strong> El 92% de las proyecciones de ventas de la Expoalimentaria 2024 se concret\u00f3 en operaciones reales, de acuerdo con la empresa Perfiles y Consumidores de Mercado, lo que confirma su aporte en la generaci\u00f3n de oportunidades y el impulso de las agroexportaciones, que este a\u00f1o alcanzar\u00edan los US$ 15 mil 300 millones, marcando otro r\u00e9cord.<\/span><\/p>\n<p><span style=\"color: #000000;\">Durante el lanzamiento de la feria, el presidente de la Asociaci\u00f3n de Exportadores (ADEX), C\u00e9sar Tello Ram\u00edrez, record\u00f3 que el sector alcanz\u00f3 los US$ 14 mil 579 millones en el 2025, con un crecimiento de 18% respecto al a\u00f1o previo y presencia en 123 mercados.<\/span><\/p>\n<p><span style=\"color: #000000;\">Asimismo, resalt\u00f3 su contribuci\u00f3n a la reducci\u00f3n de la pobreza, especialmente en Ica, Piura y La Libertad, regiones que disminuyeron sus niveles en los \u00faltimos a\u00f1os y que hoy destacan como importantes polos de desarrollo descentralizado. \u201cDetr\u00e1s de estas cifras hay inversi\u00f3n, innovaci\u00f3n, sostenibilidad y empleo. El a\u00f1o pasado se generaron 876 mil puestos de trabajo en todo el pa\u00eds\u201d, a\u00f1adi\u00f3.<\/span><\/p>\n<p><strong><span style=\"color: #000000;\">Ampliar presencia<\/span><\/strong><\/p>\n<p><a href=\"https:\/\/elinformanteperu.com\/wp-content\/uploads\/2026\/04\/expoalimentaria-2026-3.jpg\"><img fetchpriority=\"high\" decoding=\"async\" class=\"size-large wp-image-148527 aligncenter\" src=\"https:\/\/elinformanteperu.com\/wp-content\/uploads\/2026\/04\/expoalimentaria-2026-3-1024x640.jpg\" alt=\"\" width=\"615\" height=\"384\" srcset=\"https:\/\/elinformanteperu.com\/wp-content\/uploads\/2026\/04\/expoalimentaria-2026-3-1024x640.jpg 1024w, https:\/\/elinformanteperu.com\/wp-content\/uploads\/2026\/04\/expoalimentaria-2026-3-300x188.jpg 300w, https:\/\/elinformanteperu.com\/wp-content\/uploads\/2026\/04\/expoalimentaria-2026-3-768x480.jpg 768w, https:\/\/elinformanteperu.com\/wp-content\/uploads\/2026\/04\/expoalimentaria-2026-3.jpg 1150w\" sizes=\"(max-width: 615px) 100vw, 615px\" \/><\/a><span style=\"color: #000000;\">El l\u00edder gremial indic\u00f3 que Per\u00fa debe persistir en el reto de ampliar la escala de su presencia en los mercados internacionales. En el 2025, cinco destinos concentraron el 63% de los env\u00edos \u2013EE.UU., Pa\u00edses Bajos, Espa\u00f1a, M\u00e9xico y Reino Unido\u2013, mientras que cinco productos explicaron el 58% del valor total: ar\u00e1ndanos, uvas, caf\u00e9 verde, paltas y cacao en grano.<\/span><\/p>\n<p><span style=\"color: #000000;\">Agreg\u00f3 que esta actividad articula una amplia red que incluye envases, transporte, log\u00edstica, cadena de fr\u00edo, insumos, infraestructura h\u00eddrica, innovaci\u00f3n tecnol\u00f3gica, financiamiento y diversos servicios, generando valor y dinamizando la econom\u00eda.<\/span><\/p>\n<p><span style=\"color: #000000;\">\u201cEs en ese contexto donde espacios como la Expoalimentaria cumplen un rol fundamental\u201d, afirm\u00f3 en el evento, que cont\u00f3 con la participaci\u00f3n del ministro de Comercio Exterior y Turismo, Jos\u00e9 Reyes Llanos, y el director del CIEN-ADEX, Edgar V\u00e1squez Vela.<\/span><\/p>\n<p><span style=\"color: #000000;\">Resalt\u00f3 que el pa\u00eds ha logrado posicionarse en los principales mercados internacionales, siendo el primer exportador mundial de ar\u00e1ndanos, uvas, esp\u00e1rragos frescos y quinua, y el segundo de palta, mango fresco, palmito en conserva y nueces amaz\u00f3nicas. \u201cEn los pr\u00f3ximos a\u00f1os veremos m\u00e1s productos peruanos en posiciones de liderazgo\u201d, puntualiz\u00f3.<\/span><\/p>\n<p><span style=\"color: #000000;\">Agreg\u00f3 que la feria conecta la oferta nacional con la demanda global, abre oportunidades y fortalece la productividad, consolid\u00e1ndose como un hub estrat\u00e9gico de negocios, innovaci\u00f3n y posicionamiento.<\/span><\/p>\n<p><strong><span style=\"color: #000000;\">Nuevos retos<\/span><\/strong><\/p>\n<p><a href=\"https:\/\/elinformanteperu.com\/wp-content\/uploads\/2026\/04\/expoalimentaria-2026-4.jpg\"><img decoding=\"async\" class=\"size-large wp-image-148528 aligncenter\" src=\"https:\/\/elinformanteperu.com\/wp-content\/uploads\/2026\/04\/expoalimentaria-2026-4-1024x648.jpg\" alt=\"\" width=\"615\" height=\"389\" srcset=\"https:\/\/elinformanteperu.com\/wp-content\/uploads\/2026\/04\/expoalimentaria-2026-4-1024x648.jpg 1024w, https:\/\/elinformanteperu.com\/wp-content\/uploads\/2026\/04\/expoalimentaria-2026-4-300x190.jpg 300w, https:\/\/elinformanteperu.com\/wp-content\/uploads\/2026\/04\/expoalimentaria-2026-4-768x486.jpg 768w, https:\/\/elinformanteperu.com\/wp-content\/uploads\/2026\/04\/expoalimentaria-2026-4.jpg 1145w\" sizes=\"(max-width: 615px) 100vw, 615px\" \/><\/a><span style=\"color: #000000;\">La Expoalimentaria 2026 se realizar\u00e1 del 23 al 25 de septiembre en el Centro de Exposiciones Jockey y proyecta superar los 31 mil visitantes, reunir a 240 expositores y contar con una participaci\u00f3n internacional cada vez m\u00e1s s\u00f3lida. Adem\u00e1s, incluir\u00e1 ruedas especializadas, visitas a plantas productivas y otros mecanismos orientados a facilitar acuerdos comerciales de alto valor.<\/span><\/p>\n<p><span style=\"color: #000000;\">\u201cEsta edici\u00f3n tendr\u00e1 un enfoque claro: consolidar y especializar los sectores. No se trata solo de crecer en volumen, sino en calidad, elevar la sofisticaci\u00f3n de la oferta, fortalecer el v\u00ednculo con los compradores y generar mejores oportunidades para las empresas. Competir hoy exige diferenciaci\u00f3n, innovaci\u00f3n y generaci\u00f3n de valor\u201d, sostuvo Tello Ram\u00edrez.<\/span><\/p>\n<p><span style=\"color: #000000;\">En la edici\u00f3n 2025 participaron m\u00e1s de 700 empresas expositoras, 1,600 compradores internacionales y se realizaron m\u00e1s de 3 mil citas comerciales, generando expectativas de negocios superiores a los US$ 905 millones en los 12 meses siguientes.<\/span><\/p>\n<p><a href=\"https:\/\/elinformanteperu.com\/wp-content\/uploads\/2026\/04\/expoalimentaria-2026-1.jpg\"><img decoding=\"async\" class=\"size-full wp-image-148529 aligncenter\" src=\"https:\/\/elinformanteperu.com\/wp-content\/uploads\/2026\/04\/expoalimentaria-2026-1.jpg\" alt=\"\" width=\"1022\" height=\"768\" srcset=\"https:\/\/elinformanteperu.com\/wp-content\/uploads\/2026\/04\/expoalimentaria-2026-1.jpg 1022w, https:\/\/elinformanteperu.com\/wp-content\/uploads\/2026\/04\/expoalimentaria-2026-1-300x225.jpg 300w, https:\/\/elinformanteperu.com\/wp-content\/uploads\/2026\/04\/expoalimentaria-2026-1-768x577.jpg 768w\" sizes=\"(max-width: 1022px) 100vw, 1022px\" \/><\/a><strong><span style=\"color: #000000;\">Datos<\/span><\/strong><\/p>\n<p><span style=\"color: #000000;\">-En la Expoalimentaria se realizar\u00e1 una nueva versi\u00f3n del Concurso de Innovaci\u00f3n, adem\u00e1s de conferencias magistrales, charlas especializadas y \u2018Saborea\u2019, una experiencia que proyecta la oferta peruana desde lo sensorial, cultural y vivencial.<\/span><br \/>\n<span style=\"color: #000000;\">-Los auspiciadores son: Evergreen Line, Talma, Alfosac, Interbank, Garant\u00eda Capital, Coface y Universidad de Lima.<\/span><\/p>\n<p><iframe title=\"Discurso del presidente de Adex en la Expoalimentaria 2026\" width=\"615\" height=\"346\" src=\"https:\/\/www.youtube.com\/embed\/E3sK3isP2Z8?feature=oembed\" frameborder=\"0\" allow=\"accelerometer; autoplay; clipboard-write; encrypted-media; gyroscope; picture-in-picture; web-share\" referrerpolicy=\"strict-origin-when-cross-origin\" allowfullscreen><\/iframe><\/p>\n<p>&nbsp;<\/p>\n","protected":false},"excerpt":{"rendered":"<p>\u201cPer\u00fa debe persistir en el reto de ampliar la escala de su presencia en la mayor\u00eda de los mercados\u201d, se\u00f1al\u00f3 el presidente de ADEX, C\u00e9sar Tello Ram\u00edrez. Lima, 29 de abril 2026 (Por: Jeanette Garc\u00eda \/ El Informante Per\u00fa).- El 92% de las proyecciones de ventas de la Expoalimentaria 2024 se concret\u00f3 en operaciones reales, [&hellip;]<\/p>\n","protected":false},"author":1,"featured_media":148526,"comment_status":"closed","ping_status":"closed","sticky":false,"template":"","format":"standard","meta":{"rop_custom_images_group":[],"rop_custom_messages_group":[],"rop_publish_now":"initial","rop_publish_now_accounts":[],"rop_publish_now_history":[],"rop_publish_now_status":"pending","footnotes":""},"categories":[10,5745],"tags":[1749,4568,8806],"class_list":["post-148525","post","type-post","status-publish","format-standard","has-post-thumbnail","hentry","category-actualidad-municipal","category-lo-ultimo","tag-adex","tag-expoalimentaria-2019","tag-expoalimentaria-2026"],"_links":{"self":[{"href":"https:\/\/elinformanteperu.com\/index.php\/wp-json\/wp\/v2\/posts\/148525","targetHints":{"allow":["GET"]}}],"collection":[{"href":"https:\/\/elinformanteperu.com\/index.php\/wp-json\/wp\/v2\/posts"}],"about":[{"href":"https:\/\/elinformanteperu.com\/index.php\/wp-json\/wp\/v2\/types\/post"}],"author":[{"embeddable":true,"href":"https:\/\/elinformanteperu.com\/index.php\/wp-json\/wp\/v2\/users\/1"}],"replies":[{"embeddable":true,"href":"https:\/\/elinformanteperu.com\/index.php\/wp-json\/wp\/v2\/comments?post=148525"}],"version-history":[{"count":4,"href":"https:\/\/elinformanteperu.com\/index.php\/wp-json\/wp\/v2\/posts\/148525\/revisions"}],"predecessor-version":[{"id":148581,"href":"https:\/\/elinformanteperu.com\/index.php\/wp-json\/wp\/v2\/posts\/148525\/revisions\/148581"}],"wp:featuredmedia":[{"embeddable":true,"href":"https:\/\/elinformanteperu.com\/index.php\/wp-json\/wp\/v2\/media\/148526"}],"wp:attachment":[{"href":"https:\/\/elinformanteperu.com\/index.php\/wp-json\/wp\/v2\/media?parent=148525"}],"wp:term":[{"taxonomy":"category","embeddable":true,"href":"https:\/\/elinformanteperu.com\/index.php\/wp-json\/wp\/v2\/categories?post=148525"},{"taxonomy":"post_tag","embeddable":true,"href":"https:\/\/elinformanteperu.com\/index.php\/wp-json\/wp\/v2\/tags?post=148525"}],"curies":[{"name":"wp","href":"https:\/\/api.w.org\/{rel}","templated":true}]}}