{"id":148520,"date":"2026-04-30T01:00:31","date_gmt":"2026-04-30T06:00:31","guid":{"rendered":"https:\/\/elinformanteperu.com\/?p=148520"},"modified":"2026-04-30T01:00:31","modified_gmt":"2026-04-30T06:00:31","slug":"garra-crema-universitario-derrota-4-2-a-nacional-de-uruguay-en-el-estadio-monumental","status":"publish","type":"post","link":"https:\/\/elinformanteperu.com\/index.php\/2026\/04\/30\/garra-crema-universitario-derrota-4-2-a-nacional-de-uruguay-en-el-estadio-monumental\/","title":{"rendered":"\u00a1Garra crema! Universitario derrota 4-2 a Nacional de Uruguay en el estadio Monumental"},"content":{"rendered":"<p><strong><span style=\"color: #000000;\">Anotaron para la remontada \u2018merengue\u2019 Ca\u00edn Fara, Alex Valera, Lisandro Alzugaray y Jos\u00e9 Carabal\u00ed<\/span><\/strong><\/p>\n<p><span style=\"color: #000000;\"><strong>Lima, 29 de abril 2026 (ANDINA).-<\/strong> \u00a1Pasa la p\u00e1gina! Universitario de Deportes record\u00f3 esta noche de mi\u00e9rcoles su tradicional \u2018garra crema\u2019 y logr\u00f3 remontar un partido que iba perdiendo en el primer tiempo, para derrotar por 4-2 a Nacional de Uruguay en el estadio Monumental de Ate.<\/span><\/p>\n<p><span style=\"color: #000000;\">A pesar del marcador final, el partido comenz\u00f3 cuesta arriba para la \u201cU\u201d. Temprano en el primer tiempo, el juez marc\u00f3 penal a favor del cuadro uruguayo por mano del defensor Jos\u00e9 Carabal\u00ed dentro del \u00e1rea, en el minuto 12.<\/span><\/p>\n<p><span style=\"color: #000000;\">Inicialmente, el \u00e1rbitro no hab\u00eda marcado la pena m\u00e1xima. Sin embargo, recibi\u00f3 un aviso desde la zona del VAR para la revisi\u00f3n de la jugada, luego de lo cual sancion\u00f3 el penal.<\/span><\/p>\n<p><span style=\"color: #000000;\">Maximiliano G\u00f3mez tom\u00f3 el bal\u00f3n y, desde los doce pasos, dispar\u00f3 con potencia hacia el centro del arco que defend\u00eda Miguel Vargas. Nacional se pon\u00eda en ventaja a los 14 minutos, ante las protestas de los hinchas cremas.<\/span><\/p>\n<p><strong><span style=\"color: #000000;\">Expulsi\u00f3n y empate<\/span><\/strong><\/p>\n<p><span style=\"color: #000000;\">El partido tendr\u00eda un cambio importante con la expulsi\u00f3n de Lucas Rodr\u00edguez en el minuto 35, lo que oblig\u00f3 a Nacional a replantear su formaci\u00f3n.<\/span><\/p>\n<p><span style=\"color: #000000;\">Empujado por su p\u00fablico en Ate, Universitario presion\u00f3 a la visita hasta que en el minuto 40, tras un tiro de esquina, Ca\u00edn Fara logr\u00f3 el empate.\u00a0<\/span><\/p>\n<p><span style=\"color: #000000;\">El defensor estudiantil atropell\u00f3 por el segundo palo, super\u00f3 a su marca y remat\u00f3 de izquierda para poner la igualdad antes del descanso del medio tiempo.<\/span><\/p>\n<p><strong><span style=\"color: #000000;\">Un intenso segundo tiempo<\/span><\/strong><\/p>\n<p><a href=\"https:\/\/elinformanteperu.com\/wp-content\/uploads\/2026\/04\/U-vs-Nacional1.jpg\"><img fetchpriority=\"high\" decoding=\"async\" class=\"size-full wp-image-148522 aligncenter\" src=\"https:\/\/elinformanteperu.com\/wp-content\/uploads\/2026\/04\/U-vs-Nacional1.jpg\" alt=\"\" width=\"828\" height=\"550\" srcset=\"https:\/\/elinformanteperu.com\/wp-content\/uploads\/2026\/04\/U-vs-Nacional1.jpg 828w, https:\/\/elinformanteperu.com\/wp-content\/uploads\/2026\/04\/U-vs-Nacional1-300x199.jpg 300w, https:\/\/elinformanteperu.com\/wp-content\/uploads\/2026\/04\/U-vs-Nacional1-768x510.jpg 768w\" sizes=\"(max-width: 828px) 100vw, 828px\" \/><\/a><span style=\"color: #000000;\">En la segunda mitad, ser\u00eda Universitario el equipo que tomar\u00eda ventaja. Apenas un minuto despu\u00e9s de la reanudaci\u00f3n del partido, Andy Polo desbord\u00f3 por la banda derecha y coloc\u00f3 un centro al segundo palo.\u00a0<\/span><\/p>\n<p><span style=\"color: #000000;\">Carabal\u00ed conect\u00f3 de cabeza y el arquero dio rebote. Atacando por el centro del \u00e1rea, Alex Valera no tuvo m\u00e1s que hundir el bal\u00f3n en la valla visitante, con un potente remate de izquierda, para poner a la \u201cU\u201d adelante en el marcador.<\/span><\/p>\n<p><span style=\"color: #000000;\">El partido se hizo de ida y vuelta y Maxi Silvera empatar\u00eda para Nacional en el 71. El portero Vargas despej\u00f3 un remate de cabeza de G\u00f3mez, pero dej\u00f3 el bal\u00f3n flotando en el \u00e1rea chica. Silvera ven\u00eda a la carrera por el sector derecho y logr\u00f3 anotar la igualdad.<\/span><\/p>\n<p><span style=\"color: #000000;\">En los minutos finales reapareci\u00f3 la \u2018garra crema\u2019 y cuando parec\u00eda que el choque terminar\u00eda en igualdad, el reci\u00e9n ingresado Lisandro Alzugaray marcar\u00eda el 3-2 con un golpe de cabeza, colocado a un \u00e1ngulo lejano del portero uruguayo.<\/span><\/p>\n<p><span style=\"color: #000000;\">Nacional jug\u00f3 al todo o nada y se lanz\u00f3 al ataque en busca de un punto, situaci\u00f3n que aprovech\u00f3 la \u201cU\u201d para empujar por las bandas y con pases tras la l\u00ednea defensiva de la visita.<\/span><\/p>\n<p><span style=\"color: #000000;\">As\u00ed, en el 90, F\u00e9rtoli filtr\u00f3 un servicio hacia el centro del \u00e1rea y encontr\u00f3 a Carabal\u00ed bien posicionado. El lateral crema encar\u00f3 al portero de Nacional y cruz\u00f3 su remate para el 4-2 definitivo.<\/span><\/p>\n<p><span style=\"color: #000000;\">Con este resultado, los cuatro equipos del grupo B de la Copa Libertadores tienen el mismo puntaje: 4 unidades que le dan inter\u00e9s a las 3 fechas finales de esta fase de grupos.<\/span><\/p>\n<p><a href=\"https:\/\/elinformanteperu.com\/wp-content\/uploads\/2026\/04\/U-vs-Nacional2.jpg\"><img decoding=\"async\" class=\"size-full wp-image-148523 aligncenter\" src=\"https:\/\/elinformanteperu.com\/wp-content\/uploads\/2026\/04\/U-vs-Nacional2.jpg\" alt=\"\" width=\"826\" height=\"546\" srcset=\"https:\/\/elinformanteperu.com\/wp-content\/uploads\/2026\/04\/U-vs-Nacional2.jpg 826w, https:\/\/elinformanteperu.com\/wp-content\/uploads\/2026\/04\/U-vs-Nacional2-300x198.jpg 300w, https:\/\/elinformanteperu.com\/wp-content\/uploads\/2026\/04\/U-vs-Nacional2-768x508.jpg 768w\" sizes=\"(max-width: 826px) 100vw, 826px\" \/><\/a><\/p>\n","protected":false},"excerpt":{"rendered":"<p>Anotaron para la remontada \u2018merengue\u2019 Ca\u00edn Fara, Alex Valera, Lisandro Alzugaray y Jos\u00e9 Carabal\u00ed Lima, 29 de abril 2026 (ANDINA).- \u00a1Pasa la p\u00e1gina! Universitario de Deportes record\u00f3 esta noche de mi\u00e9rcoles su tradicional \u2018garra crema\u2019 y logr\u00f3 remontar un partido que iba perdiendo en el primer tiempo, para derrotar por 4-2 a Nacional de Uruguay [&hellip;]<\/p>\n","protected":false},"author":1,"featured_media":148521,"comment_status":"closed","ping_status":"closed","sticky":false,"template":"","format":"standard","meta":{"rop_custom_images_group":[],"rop_custom_messages_group":[],"rop_publish_now":"initial","rop_publish_now_accounts":[],"rop_publish_now_history":[],"rop_publish_now_status":"pending","footnotes":""},"categories":[8,5745],"tags":[8736,2945,144],"class_list":["post-148520","post","type-post","status-publish","format-standard","has-post-thumbnail","hentry","category-disciplinas-deportivas","category-lo-ultimo","tag-copa-libertadores-2026","tag-nacional-de-uruguay","tag-universitario-de-deportes"],"_links":{"self":[{"href":"https:\/\/elinformanteperu.com\/index.php\/wp-json\/wp\/v2\/posts\/148520","targetHints":{"allow":["GET"]}}],"collection":[{"href":"https:\/\/elinformanteperu.com\/index.php\/wp-json\/wp\/v2\/posts"}],"about":[{"href":"https:\/\/elinformanteperu.com\/index.php\/wp-json\/wp\/v2\/types\/post"}],"author":[{"embeddable":true,"href":"https:\/\/elinformanteperu.com\/index.php\/wp-json\/wp\/v2\/users\/1"}],"replies":[{"embeddable":true,"href":"https:\/\/elinformanteperu.com\/index.php\/wp-json\/wp\/v2\/comments?post=148520"}],"version-history":[{"count":1,"href":"https:\/\/elinformanteperu.com\/index.php\/wp-json\/wp\/v2\/posts\/148520\/revisions"}],"predecessor-version":[{"id":148524,"href":"https:\/\/elinformanteperu.com\/index.php\/wp-json\/wp\/v2\/posts\/148520\/revisions\/148524"}],"wp:featuredmedia":[{"embeddable":true,"href":"https:\/\/elinformanteperu.com\/index.php\/wp-json\/wp\/v2\/media\/148521"}],"wp:attachment":[{"href":"https:\/\/elinformanteperu.com\/index.php\/wp-json\/wp\/v2\/media?parent=148520"}],"wp:term":[{"taxonomy":"category","embeddable":true,"href":"https:\/\/elinformanteperu.com\/index.php\/wp-json\/wp\/v2\/categories?post=148520"},{"taxonomy":"post_tag","embeddable":true,"href":"https:\/\/elinformanteperu.com\/index.php\/wp-json\/wp\/v2\/tags?post=148520"}],"curies":[{"name":"wp","href":"https:\/\/api.w.org\/{rel}","templated":true}]}}