{"id":148512,"date":"2026-04-30T00:03:37","date_gmt":"2026-04-30T05:03:37","guid":{"rendered":"https:\/\/elinformanteperu.com\/?p=148512"},"modified":"2026-04-30T00:03:37","modified_gmt":"2026-04-30T05:03:37","slug":"cusco-recibio-a-los-mejores-ciclistas-de-la-region-en-el-american-series-santisimo-downhill-2026","status":"publish","type":"post","link":"https:\/\/elinformanteperu.com\/index.php\/2026\/04\/30\/cusco-recibio-a-los-mejores-ciclistas-de-la-region-en-el-american-series-santisimo-downhill-2026\/","title":{"rendered":"Cusco recibi\u00f3 a los mejores ciclistas de la regi\u00f3n en el American Series Sant\u00edsimo Downhill 2026"},"content":{"rendered":"<p><strong><span style=\"color: #000000;\">Peruano Brener Montes logr\u00f3 la medalla de bronce en la categor\u00eda \u00c9lite.<\/span><\/strong><\/p>\n<p><span style=\"color: #000000;\"><strong>Lima, 29 de abril 2026 (El Informante Per\u00fa).-<\/strong> La Federaci\u00f3n Deportiva Peruana de Ciclismo (FDPC), con el respaldo del Instituto Peruano del Deporte (IPD), organiz\u00f3 el American Series Sant\u00edsimo Downhill 2026, reconocido campeonato que en su duod\u00e9cima edici\u00f3n vivi\u00f3 una emocionante final, marcada por el v\u00e9rtigo y la exigencia del recorrido al pie del nevado Chic\u00f3n, en el Cusco, donde los competidores sumaron puntos clave en su camino al Mundial.<\/span><\/p>\n<p><span style=\"color: #000000;\">La actual gesti\u00f3n del IPD, liderada por su presidente Sergio Lude\u00f1a Visalot, y el Ministerio de Educaci\u00f3n respaldan a nuestros deportistas con el fin de fortalecer su preparaci\u00f3n rumbo a los Juegos Panamericanos Lima 2027.<\/span><\/p>\n<p><span style=\"color: #000000;\">En la categor\u00eda \u00c9lite masculina UCI, el ganador fue el argentino Gonzalo Gajdosech, con un espectacular r\u00e9cord de pista de 2min 57s 540m, resultado que le permiti\u00f3 defender su t\u00edtulo. El podio lo complet\u00f3 el estadounidense Ervyn Tyler (3:03.554) y el peruano Brener Montes (03:05.554).<\/span><\/p>\n<p><a href=\"https:\/\/elinformanteperu.com\/wp-content\/uploads\/2026\/04\/ciclistas-downhill1.jpg\"><img fetchpriority=\"high\" decoding=\"async\" class=\"size-full wp-image-148514 aligncenter\" src=\"https:\/\/elinformanteperu.com\/wp-content\/uploads\/2026\/04\/ciclistas-downhill1.jpg\" alt=\"\" width=\"655\" height=\"363\" srcset=\"https:\/\/elinformanteperu.com\/wp-content\/uploads\/2026\/04\/ciclistas-downhill1.jpg 655w, https:\/\/elinformanteperu.com\/wp-content\/uploads\/2026\/04\/ciclistas-downhill1-300x166.jpg 300w\" sizes=\"(max-width: 655px) 100vw, 655px\" \/><\/a><span style=\"color: #000000;\">En tanto, en la categor\u00eda \u00c9lite femenina UCI, se impuso la argentina y campeona nacional de su pa\u00eds, Catalina Calder\u00f3n; seguida de la brasile\u00f1a y campeona panamericana Luz Larissa, mientras que el tercer lugar fue para la estadounidense Katie Holden.<\/span><\/p>\n<p><span style=\"color: #000000;\">La categor\u00eda Junior UCI demostr\u00f3 un nivel extraordinario y dej\u00f3 la valla muy alta. El brasile\u00f1o Augusto Wening fue el m\u00e1s r\u00e1pido, al marcar un tiempo de \u00e9lite de 3min01s212m, el segundo m\u00e1s veloz de toda la jornada; seguido del canadiense Jeffrey Horswill y el ecuatoriano Iker Sotomayor. Ver ganadores aqu\u00ed.<\/span><\/p>\n<p><span style=\"color: #000000;\">Tambi\u00e9n se disputaron categor\u00edas promocionales, que confirmaron que el futuro del downhill est\u00e1 asegurado, reuniendo diversas modalidades del ciclismo, desde la categor\u00eda Sub-11 con los m\u00e1s peque\u00f1os, quienes enfrentaron las mismas condiciones extremas que los profesionales.<\/span><\/p>\n<p><span style=\"color: #000000;\">La ministra de Educaci\u00f3n, Mar\u00eda Esther Cuadros, salud\u00f3 el trabajo de la Federaci\u00f3n Peruana de Ciclismo y del IPD por llevar al Cusco el American Series Sant\u00edsimo Downhill 2026, y destac\u00f3 que el bronce de Brener Montes en la categor\u00eda \u00c9lite UCI demuestra el nivel de nuestros deportistas. \u201cNos confirma que est\u00e1n a la altura de la \u00e9lite continental\u201d, afirm\u00f3, al tiempo que subray\u00f3 que este tipo de competencias motivan a los j\u00f3venes y consolidan al Per\u00fa como sede de grandes eventos.<\/span><\/p>\n","protected":false},"excerpt":{"rendered":"<p>Peruano Brener Montes logr\u00f3 la medalla de bronce en la categor\u00eda \u00c9lite. Lima, 29 de abril 2026 (El Informante Per\u00fa).- La Federaci\u00f3n Deportiva Peruana de Ciclismo (FDPC), con el respaldo del Instituto Peruano del Deporte (IPD), organiz\u00f3 el American Series Sant\u00edsimo Downhill 2026, reconocido campeonato que en su duod\u00e9cima edici\u00f3n vivi\u00f3 una emocionante final, marcada [&hellip;]<\/p>\n","protected":false},"author":1,"featured_media":148513,"comment_status":"closed","ping_status":"closed","sticky":false,"template":"","format":"standard","meta":{"rop_custom_images_group":[],"rop_custom_messages_group":[],"rop_publish_now":"initial","rop_publish_now_accounts":[],"rop_publish_now_history":[],"rop_publish_now_status":"pending","footnotes":""},"categories":[8],"tags":[4739,920,417],"class_list":["post-148512","post","type-post","status-publish","format-standard","has-post-thumbnail","hentry","category-disciplinas-deportivas","tag-ciclismo","tag-instituto-peruano-del-deporte","tag-ipd"],"_links":{"self":[{"href":"https:\/\/elinformanteperu.com\/index.php\/wp-json\/wp\/v2\/posts\/148512","targetHints":{"allow":["GET"]}}],"collection":[{"href":"https:\/\/elinformanteperu.com\/index.php\/wp-json\/wp\/v2\/posts"}],"about":[{"href":"https:\/\/elinformanteperu.com\/index.php\/wp-json\/wp\/v2\/types\/post"}],"author":[{"embeddable":true,"href":"https:\/\/elinformanteperu.com\/index.php\/wp-json\/wp\/v2\/users\/1"}],"replies":[{"embeddable":true,"href":"https:\/\/elinformanteperu.com\/index.php\/wp-json\/wp\/v2\/comments?post=148512"}],"version-history":[{"count":1,"href":"https:\/\/elinformanteperu.com\/index.php\/wp-json\/wp\/v2\/posts\/148512\/revisions"}],"predecessor-version":[{"id":148515,"href":"https:\/\/elinformanteperu.com\/index.php\/wp-json\/wp\/v2\/posts\/148512\/revisions\/148515"}],"wp:featuredmedia":[{"embeddable":true,"href":"https:\/\/elinformanteperu.com\/index.php\/wp-json\/wp\/v2\/media\/148513"}],"wp:attachment":[{"href":"https:\/\/elinformanteperu.com\/index.php\/wp-json\/wp\/v2\/media?parent=148512"}],"wp:term":[{"taxonomy":"category","embeddable":true,"href":"https:\/\/elinformanteperu.com\/index.php\/wp-json\/wp\/v2\/categories?post=148512"},{"taxonomy":"post_tag","embeddable":true,"href":"https:\/\/elinformanteperu.com\/index.php\/wp-json\/wp\/v2\/tags?post=148512"}],"curies":[{"name":"wp","href":"https:\/\/api.w.org\/{rel}","templated":true}]}}