{"id":148483,"date":"2026-04-29T21:35:17","date_gmt":"2026-04-30T02:35:17","guid":{"rendered":"https:\/\/elinformanteperu.com\/?p=148483"},"modified":"2026-04-29T21:35:17","modified_gmt":"2026-04-30T02:35:17","slug":"copa-libertadores-sporting-cristal-derrota-2-0-a-junior-y-toma-la-punta-del-grupo-f","status":"publish","type":"post","link":"https:\/\/elinformanteperu.com\/index.php\/2026\/04\/29\/copa-libertadores-sporting-cristal-derrota-2-0-a-junior-y-toma-la-punta-del-grupo-f\/","title":{"rendered":"Copa Libertadores: Sporting Cristal derrota 2-0 a Junior y toma la punta del grupo F"},"content":{"rendered":"<p><strong><span style=\"color: #000000;\">Anotaron para los rimenses Santiago Gonz\u00e1lez y Catriel Cabellos, ambos en el segundo tiempo<\/span><\/strong><\/p>\n<p><span style=\"color: #000000;\"><strong>Lima, 28 de abril 2026 (ANDINA).-<\/strong>\u00a0<\/span><span style=\"color: #000000;\">Con goles de Santiago Gonzales y Catriel Cabellos en el segundo tiempo, Sporting Cristal derrot\u00f3 esta noche por 2-0 a Junior de Barranquilla (Colombia) y tom\u00f3 la punta del grupo F de la Copa Conmebol Libertadores.<\/span><\/p>\n<p><span style=\"color: #000000;\">El cuadro celeste fue superior al \u2018Tibur\u00f3n\u2019, especialmente en el complemento, y pudo tomar una ventaja mayor si los brasile\u00f1os Felipe Vizeu y Gabriel Santana hubieran anotado las ocasiones claras que tuvieron a su disposici\u00f3n.<\/span><\/p>\n<p><span style=\"color: #000000;\">El extremo derecho \u2018Santi\u2019 Gonz\u00e1lez abri\u00f3 la cuenta para los \u2018celestes\u2019 en el minuto 51 (segundo tiempo) con un remate esquinado en la valla de Mauro Silveira, tras un espectacular pase de pecho de Luis Iberico en el borde del \u00e1rea barranquillera.<\/span><\/p>\n<p><a href=\"https:\/\/elinformanteperu.com\/wp-content\/uploads\/2026\/04\/cristal-vs-junior1.jpg\"><img fetchpriority=\"high\" decoding=\"async\" class=\"size-full wp-image-148485 aligncenter\" src=\"https:\/\/elinformanteperu.com\/wp-content\/uploads\/2026\/04\/cristal-vs-junior1.jpg\" alt=\"\" width=\"828\" height=\"547\" srcset=\"https:\/\/elinformanteperu.com\/wp-content\/uploads\/2026\/04\/cristal-vs-junior1.jpg 828w, https:\/\/elinformanteperu.com\/wp-content\/uploads\/2026\/04\/cristal-vs-junior1-300x198.jpg 300w, https:\/\/elinformanteperu.com\/wp-content\/uploads\/2026\/04\/cristal-vs-junior1-768x507.jpg 768w\" sizes=\"(max-width: 828px) 100vw, 828px\" \/><\/a><span style=\"color: #000000;\">Luego de tomar ventaja en el marcador, Sporting Cristal mantuvo la presi\u00f3n sobre Junior y gener\u00f3 al menos tres oportunidades claras para ampliar la distancia. En una de ellas, el atacante Felipe Vizeu qued\u00f3 frente a frente con Silveira y remat\u00f3 contra el cuerpo del portero colombiano.<\/span><\/p>\n<p><span style=\"color: #000000;\">Minutos despu\u00e9s, el propio Vizeu recibi\u00f3 un pase filtrado con la meta de Junior totalmente libre, vac\u00eda \u2013sin portero ni defensores\u2013, pero no logr\u00f3 conectar el bal\u00f3n para a\u00f1adirlo y marcar el segundo en la cuenta rimense.<\/span><\/p>\n<p><span style=\"color: #000000;\">El gol definitivo llegar\u00eda en el minuto 90. El reci\u00e9n ingresado Catriel Cabellos control\u00f3 un bal\u00f3n dentro del \u00e1rea visitante y coloc\u00f3 su disparo en una esquina inferior para el 2-0.<\/span><\/p>\n<blockquote class=\"twitter-tweet\">\n<p dir=\"ltr\" lang=\"es\">SAC\u00d3 EL ZURDAZO DESDE LA MEDIALUNA Y SE VIO FAVORECIDO POR UN DESV\u00cdO: Santiago Gonzalez puso el 1-0 de Sporting Cristal vs. Junior en la CONMEBOL <a href=\"https:\/\/twitter.com\/hashtag\/Libertadores?src=hash&amp;ref_src=twsrc%5Etfw\">#Libertadores<\/a>.<\/p>\n<p>\ud83d\udcfa Mir\u00e1 TODA la CONMEBOL <a href=\"https:\/\/twitter.com\/hashtag\/Libertadores?src=hash&amp;ref_src=twsrc%5Etfw\">#Libertadores<\/a> por <a href=\"https:\/\/twitter.com\/hashtag\/DisneyPlus?src=hash&amp;ref_src=twsrc%5Etfw\">#DisneyPlus<\/a> Plan Premium <a href=\"https:\/\/t.co\/KyteWvS6VU\">pic.twitter.com\/KyteWvS6VU<\/a><\/p>\n<p>\u2014 SportsCenter (@SC_ESPN) <a href=\"https:\/\/twitter.com\/SC_ESPN\/status\/2049327057864184130?ref_src=twsrc%5Etfw\">April 29, 2026<\/a><\/p><\/blockquote>\n<p><script async src=\"https:\/\/platform.twitter.com\/widgets.js\" charset=\"utf-8\"><\/script><\/p>\n","protected":false},"excerpt":{"rendered":"<p>Anotaron para los rimenses Santiago Gonz\u00e1lez y Catriel Cabellos, ambos en el segundo tiempo Lima, 28 de abril 2026 (ANDINA).-\u00a0Con goles de Santiago Gonzales y Catriel Cabellos en el segundo tiempo, Sporting Cristal derrot\u00f3 esta noche por 2-0 a Junior de Barranquilla (Colombia) y tom\u00f3 la punta del grupo F de la Copa Conmebol Libertadores. [&hellip;]<\/p>\n","protected":false},"author":1,"featured_media":148484,"comment_status":"closed","ping_status":"closed","sticky":false,"template":"","format":"standard","meta":{"rop_custom_images_group":[],"rop_custom_messages_group":[],"rop_publish_now":"initial","rop_publish_now_accounts":[],"rop_publish_now_history":[],"rop_publish_now_status":"pending","footnotes":""},"categories":[8],"tags":[],"class_list":["post-148483","post","type-post","status-publish","format-standard","has-post-thumbnail","hentry","category-disciplinas-deportivas"],"_links":{"self":[{"href":"https:\/\/elinformanteperu.com\/index.php\/wp-json\/wp\/v2\/posts\/148483","targetHints":{"allow":["GET"]}}],"collection":[{"href":"https:\/\/elinformanteperu.com\/index.php\/wp-json\/wp\/v2\/posts"}],"about":[{"href":"https:\/\/elinformanteperu.com\/index.php\/wp-json\/wp\/v2\/types\/post"}],"author":[{"embeddable":true,"href":"https:\/\/elinformanteperu.com\/index.php\/wp-json\/wp\/v2\/users\/1"}],"replies":[{"embeddable":true,"href":"https:\/\/elinformanteperu.com\/index.php\/wp-json\/wp\/v2\/comments?post=148483"}],"version-history":[{"count":1,"href":"https:\/\/elinformanteperu.com\/index.php\/wp-json\/wp\/v2\/posts\/148483\/revisions"}],"predecessor-version":[{"id":148486,"href":"https:\/\/elinformanteperu.com\/index.php\/wp-json\/wp\/v2\/posts\/148483\/revisions\/148486"}],"wp:featuredmedia":[{"embeddable":true,"href":"https:\/\/elinformanteperu.com\/index.php\/wp-json\/wp\/v2\/media\/148484"}],"wp:attachment":[{"href":"https:\/\/elinformanteperu.com\/index.php\/wp-json\/wp\/v2\/media?parent=148483"}],"wp:term":[{"taxonomy":"category","embeddable":true,"href":"https:\/\/elinformanteperu.com\/index.php\/wp-json\/wp\/v2\/categories?post=148483"},{"taxonomy":"post_tag","embeddable":true,"href":"https:\/\/elinformanteperu.com\/index.php\/wp-json\/wp\/v2\/tags?post=148483"}],"curies":[{"name":"wp","href":"https:\/\/api.w.org\/{rel}","templated":true}]}}