{"id":148480,"date":"2026-04-29T21:26:31","date_gmt":"2026-04-30T02:26:31","guid":{"rendered":"https:\/\/elinformanteperu.com\/?p=148480"},"modified":"2026-04-29T21:26:31","modified_gmt":"2026-04-30T02:26:31","slug":"alvaro-barco-dejo-de-ser-el-director-deportivo-de-universitario-de-deportes","status":"publish","type":"post","link":"https:\/\/elinformanteperu.com\/index.php\/2026\/04\/29\/alvaro-barco-dejo-de-ser-el-director-deportivo-de-universitario-de-deportes\/","title":{"rendered":"\u00c1lvaro Barco dej\u00f3 de ser el director deportivo de Universitario de Deportes"},"content":{"rendered":"<p><strong><span style=\"color: #000000;\">En su reemplazo ingresar\u00e1 Antonio Garc\u00eda Pye, quien tiene experiencia por haber trabajado con la selecci\u00f3n peruana<\/span><\/strong><\/p>\n<p><span style=\"color: #000000;\"><strong>Lima, 27 de abril 2026 (ANDINA).-<\/strong> Este contenido puede reproducirse citando a la Agencia Andina \u00a9\ufe0f Editora Per\u00fa<\/span><\/p>\n<p><span style=\"color: #000000;\">El Club Universitario de Deportes dio a conocer este martes que \u00c1lvaro Barco abandonar\u00e1 el cargo de director deportivo del cuadro merengue y en su reemplazo ingresar\u00e1 Antonio Garc\u00eda Pye.<\/span><\/p>\n<p><span style=\"color: #000000;\">A trav\u00e9s de un comunicado de prensa publicado en sus redes sociales oficiales, la instituci\u00f3n merengue dio a conocer la salida de Barco, quien es duramente criticado por los hinchas de la &#8216;U&#8217; porque creen que es el principal responsable de los malos resultados deportivos.<\/span><\/p>\n<p><span style=\"color: #000000;\">En la misiva tambi\u00e9n anunciaron que en el lugar de Barco ingresar\u00e1 Antonio Garc\u00eda Pye, quien tiene experiencia en la funci\u00f3n tras haber trabajado por muchos a\u00f1os en la selecci\u00f3n peruana.<\/span><\/p>\n<p><span style=\"color: #000000;\">\u00c1lvaro Barco dur\u00f3 menos de un a\u00f1o en su cargo, pues en julio de 2025 fue anunciado como director deportivo de Universitario, tras la salida de Manuel Barreto, regresando al cargo tras muchos a\u00f1os.<\/span><\/p>\n<p><span style=\"color: #000000;\">El pr\u00f3ximo jueves 30 de abril, el Administrador de Universitario, Franco Velazco, brindar\u00e1 una conferencia de prensa para detallar estos cambios.\u00a0<\/span><\/p>\n<p><span style=\"color: #000000;\">El comunicado dice lo siguiente:\u00a0<\/span><\/p>\n<p><span style=\"color: #000000;\">El Club Universitario de Deportes informa a la opini\u00f3n p\u00fablica y a la hinchada crema lo siguiente: Tras una reuni\u00f3n con la Administraci\u00f3n del club, se determin\u00f3 por mutuo acuerdo que, desde la fecha, \u00c1lvaro Barco no continuara ejerciendo el cargo de Director Deportivo de nuestra instituci\u00f3n.<\/span><\/p>\n<p><span style=\"color: #000000;\">Agradecemos a Alvaro Barco por el profesionalismo demostrado durante esta etapa en el club y le deseamos exitos en sus futuros proyectos personales y profesionales.<\/span><\/p>\n<p><span style=\"color: #000000;\">Asimismo, informamos que Antonio Garcia Pye, en su calidad de Gerente Deportivo, asumir\u00e1 las funciones del \u00e1rea, garantizando la continuidad de los procesos en curso.<\/span><\/p>\n<p><span style=\"color: #000000;\">El jueves 30 de abril, el administrador del club, Franco Velazco, brindar\u00e1 una conferencia de prensa para detallar las decisiones adoptadas en el \u00e1mbito deportivo.<\/span><\/p>\n<blockquote class=\"twitter-tweet\">\n<p dir=\"ltr\" lang=\"es\">\ud83d\udcc3 Comunicado a la opini\u00f3n p\u00fablica: <a href=\"https:\/\/t.co\/HyWuShaesN\">pic.twitter.com\/HyWuShaesN<\/a><\/p>\n<p>\u2014 Universitario (@Universitario) <a href=\"https:\/\/twitter.com\/Universitario\/status\/2049218374308102406?ref_src=twsrc%5Etfw\">April 28, 2026<\/a><\/p><\/blockquote>\n<p><script async src=\"https:\/\/platform.twitter.com\/widgets.js\" charset=\"utf-8\"><\/script><\/p>\n","protected":false},"excerpt":{"rendered":"<p>En su reemplazo ingresar\u00e1 Antonio Garc\u00eda Pye, quien tiene experiencia por haber trabajado con la selecci\u00f3n peruana Lima, 27 de abril 2026 (ANDINA).- Este contenido puede reproducirse citando a la Agencia Andina \u00a9\ufe0f Editora Per\u00fa El Club Universitario de Deportes dio a conocer este martes que \u00c1lvaro Barco abandonar\u00e1 el cargo de director deportivo del [&hellip;]<\/p>\n","protected":false},"author":1,"featured_media":148481,"comment_status":"closed","ping_status":"closed","sticky":false,"template":"","format":"standard","meta":{"rop_custom_images_group":[],"rop_custom_messages_group":[],"rop_publish_now":"initial","rop_publish_now_accounts":[],"rop_publish_now_history":[],"rop_publish_now_status":"pending","footnotes":""},"categories":[8],"tags":[],"class_list":["post-148480","post","type-post","status-publish","format-standard","has-post-thumbnail","hentry","category-disciplinas-deportivas"],"_links":{"self":[{"href":"https:\/\/elinformanteperu.com\/index.php\/wp-json\/wp\/v2\/posts\/148480","targetHints":{"allow":["GET"]}}],"collection":[{"href":"https:\/\/elinformanteperu.com\/index.php\/wp-json\/wp\/v2\/posts"}],"about":[{"href":"https:\/\/elinformanteperu.com\/index.php\/wp-json\/wp\/v2\/types\/post"}],"author":[{"embeddable":true,"href":"https:\/\/elinformanteperu.com\/index.php\/wp-json\/wp\/v2\/users\/1"}],"replies":[{"embeddable":true,"href":"https:\/\/elinformanteperu.com\/index.php\/wp-json\/wp\/v2\/comments?post=148480"}],"version-history":[{"count":1,"href":"https:\/\/elinformanteperu.com\/index.php\/wp-json\/wp\/v2\/posts\/148480\/revisions"}],"predecessor-version":[{"id":148482,"href":"https:\/\/elinformanteperu.com\/index.php\/wp-json\/wp\/v2\/posts\/148480\/revisions\/148482"}],"wp:featuredmedia":[{"embeddable":true,"href":"https:\/\/elinformanteperu.com\/index.php\/wp-json\/wp\/v2\/media\/148481"}],"wp:attachment":[{"href":"https:\/\/elinformanteperu.com\/index.php\/wp-json\/wp\/v2\/media?parent=148480"}],"wp:term":[{"taxonomy":"category","embeddable":true,"href":"https:\/\/elinformanteperu.com\/index.php\/wp-json\/wp\/v2\/categories?post=148480"},{"taxonomy":"post_tag","embeddable":true,"href":"https:\/\/elinformanteperu.com\/index.php\/wp-json\/wp\/v2\/tags?post=148480"}],"curies":[{"name":"wp","href":"https:\/\/api.w.org\/{rel}","templated":true}]}}