{"id":148475,"date":"2026-04-28T23:02:03","date_gmt":"2026-04-29T04:02:03","guid":{"rendered":"https:\/\/elinformanteperu.com\/?p=148475"},"modified":"2026-04-28T23:02:03","modified_gmt":"2026-04-29T04:02:03","slug":"midis-impulsa-hoja-de-ruta-de-proteccion-social-adaptativa-frente-a-emergencias","status":"publish","type":"post","link":"https:\/\/elinformanteperu.com\/index.php\/2026\/04\/28\/midis-impulsa-hoja-de-ruta-de-proteccion-social-adaptativa-frente-a-emergencias\/","title":{"rendered":"Midis impulsa hoja de ruta de protecci\u00f3n social adaptativa frente a emergencias"},"content":{"rendered":"<p><strong><span style=\"color: #000000;\">\u2022 Gobierno lidera transici\u00f3n hacia un sistema que anticipa desastres y evita que familias vulnerables caigan en la pobreza.<\/span><\/strong><\/p>\n<p><span style=\"color: #000000;\"><strong>Lima, 27 de abril 2026 (El Informante Per\u00fa).-<\/strong> En un escenario donde los desastres y emergencias sanitarias se intensifican y amenazan con empujar a miles de familias a la pobreza, el Ministerio de Desarrollo e Inclusi\u00f3n Social (Midis) lidera una transformaci\u00f3n clave en la respuesta del Estado: pasar de la reacci\u00f3n tard\u00eda a la anticipaci\u00f3n efectiva.<\/span><\/p>\n<p><span style=\"color: #000000;\">Este proceso se consolida con el evento internacional \u201cPer\u00fa resiliente: protecci\u00f3n social adaptativa en acci\u00f3n. Avances y hoja de ruta pa\u00eds\u201d, que inaugur\u00f3 la titular del Midis, Lily V\u00e1squez D\u00e1vila, y reuni\u00f3 en Lima a autoridades nacionales, organismos internacionales, academia y expertos para fortalecer la capacidad del pa\u00eds frente a emergencias clim\u00e1ticas, sanitarias y econ\u00f3micas.<\/span><\/p>\n<p><span style=\"color: #000000;\">\u00abEl Estado no puede llegar tarde ni a medias cuando una familia lo pierde todo en cuesti\u00f3n de horas. La protecci\u00f3n social adaptativa es el compromiso de anticiparnos y actuar con rapidez, inteligencia y justicia. El 2026 debe ser el a\u00f1o en que construyamos un verdadero escudo para quienes m\u00e1s lo necesitan\u201d, precis\u00f3 durante la inauguraci\u00f3n, la ministra V\u00e1squez.<\/span><\/p>\n<p><span style=\"color: #000000;\">En el encuentro se subray\u00f3 que, en la \u00faltima d\u00e9cada, los desastres en el Per\u00fa han crecido m\u00e1s de 40 %, superando los 8000 eventos en 2025. Su impacto es devastador, seg\u00fan el Banco Mundial, siete de cada 10 peruanos est\u00e1n en riesgo de caer en la pobreza ante un evento adverso.<\/span><\/p>\n<p><a href=\"https:\/\/elinformanteperu.com\/wp-content\/uploads\/2026\/04\/Midis-hoja-de-ruta1.jpg\"><img fetchpriority=\"high\" decoding=\"async\" class=\"size-large wp-image-148477 aligncenter\" src=\"https:\/\/elinformanteperu.com\/wp-content\/uploads\/2026\/04\/Midis-hoja-de-ruta1-1024x675.jpg\" alt=\"\" width=\"615\" height=\"405\" srcset=\"https:\/\/elinformanteperu.com\/wp-content\/uploads\/2026\/04\/Midis-hoja-de-ruta1-1024x675.jpg 1024w, https:\/\/elinformanteperu.com\/wp-content\/uploads\/2026\/04\/Midis-hoja-de-ruta1-300x198.jpg 300w, https:\/\/elinformanteperu.com\/wp-content\/uploads\/2026\/04\/Midis-hoja-de-ruta1-768x506.jpg 768w, https:\/\/elinformanteperu.com\/wp-content\/uploads\/2026\/04\/Midis-hoja-de-ruta1.jpg 1151w\" sizes=\"(max-width: 615px) 100vw, 615px\" \/><\/a><span style=\"color: #000000;\">Frente a este panorama, el Midis impulsa la protecci\u00f3n social adaptativa, un modelo que permite preparar los servicios del Estado antes de que ocurra una emergencia, garantizando respuestas r\u00e1pidas, focalizadas y eficaces.<\/span><\/p>\n<p><span style=\"color: #000000;\">Como parte central del evento, el Midis present\u00f3 la versi\u00f3n preliminar de la Hoja de Ruta de Protecci\u00f3n Social Adaptativa del Per\u00fa, un instrumento estrat\u00e9gico que permitir\u00e1 fortalecer la resiliencia del pa\u00eds frente a crisis cada vez m\u00e1s frecuentes.<\/span><\/p>\n<p><span style=\"color: #000000;\">Entre los principales avances destacan un marco normativo pionero en la regi\u00f3n, la adaptaci\u00f3n de m\u00e1s de 60 servicios p\u00fablicos, el uso de sistemas de informaci\u00f3n integrados para identificar a la poblaci\u00f3n vulnerable en tiempo real, y la articulaci\u00f3n con el Ministerio de Econom\u00eda y Finanzas y entidades internacional para asegurar financiamiento oportuno.<\/span><\/p>\n<p><span style=\"color: #000000;\">El evento, organizado con el apoyo de la cooperaci\u00f3n alemana para el desarrollo, implementada por la GIZ y la Uni\u00f3n Europea, busca consolidar compromisos concretos para una acci\u00f3n multisectorial m\u00e1s eficiente.<\/span><\/p>\n","protected":false},"excerpt":{"rendered":"<p>\u2022 Gobierno lidera transici\u00f3n hacia un sistema que anticipa desastres y evita que familias vulnerables caigan en la pobreza. Lima, 27 de abril 2026 (El Informante Per\u00fa).- En un escenario donde los desastres y emergencias sanitarias se intensifican y amenazan con empujar a miles de familias a la pobreza, el Ministerio de Desarrollo e Inclusi\u00f3n [&hellip;]<\/p>\n","protected":false},"author":1,"featured_media":148476,"comment_status":"closed","ping_status":"closed","sticky":false,"template":"","format":"standard","meta":{"rop_custom_images_group":[],"rop_custom_messages_group":[],"rop_publish_now":"initial","rop_publish_now_accounts":[],"rop_publish_now_history":[],"rop_publish_now_status":"pending","footnotes":""},"categories":[10],"tags":[153],"class_list":["post-148475","post","type-post","status-publish","format-standard","has-post-thumbnail","hentry","category-actualidad-municipal","tag-midis"],"_links":{"self":[{"href":"https:\/\/elinformanteperu.com\/index.php\/wp-json\/wp\/v2\/posts\/148475","targetHints":{"allow":["GET"]}}],"collection":[{"href":"https:\/\/elinformanteperu.com\/index.php\/wp-json\/wp\/v2\/posts"}],"about":[{"href":"https:\/\/elinformanteperu.com\/index.php\/wp-json\/wp\/v2\/types\/post"}],"author":[{"embeddable":true,"href":"https:\/\/elinformanteperu.com\/index.php\/wp-json\/wp\/v2\/users\/1"}],"replies":[{"embeddable":true,"href":"https:\/\/elinformanteperu.com\/index.php\/wp-json\/wp\/v2\/comments?post=148475"}],"version-history":[{"count":1,"href":"https:\/\/elinformanteperu.com\/index.php\/wp-json\/wp\/v2\/posts\/148475\/revisions"}],"predecessor-version":[{"id":148478,"href":"https:\/\/elinformanteperu.com\/index.php\/wp-json\/wp\/v2\/posts\/148475\/revisions\/148478"}],"wp:featuredmedia":[{"embeddable":true,"href":"https:\/\/elinformanteperu.com\/index.php\/wp-json\/wp\/v2\/media\/148476"}],"wp:attachment":[{"href":"https:\/\/elinformanteperu.com\/index.php\/wp-json\/wp\/v2\/media?parent=148475"}],"wp:term":[{"taxonomy":"category","embeddable":true,"href":"https:\/\/elinformanteperu.com\/index.php\/wp-json\/wp\/v2\/categories?post=148475"},{"taxonomy":"post_tag","embeddable":true,"href":"https:\/\/elinformanteperu.com\/index.php\/wp-json\/wp\/v2\/tags?post=148475"}],"curies":[{"name":"wp","href":"https:\/\/api.w.org\/{rel}","templated":true}]}}