{"id":148470,"date":"2026-04-28T22:35:16","date_gmt":"2026-04-29T03:35:16","guid":{"rendered":"https:\/\/elinformanteperu.com\/?p=148470"},"modified":"2026-04-28T22:35:16","modified_gmt":"2026-04-29T03:35:16","slug":"homenaje-a-mario-vargas-llosa-en-la-feria-internacional-del-libro-de-buenos-aires","status":"publish","type":"post","link":"https:\/\/elinformanteperu.com\/index.php\/2026\/04\/28\/homenaje-a-mario-vargas-llosa-en-la-feria-internacional-del-libro-de-buenos-aires\/","title":{"rendered":"Homenaje a Mario Vargas Llosa en la Feria Internacional del Libro de Buenos Aires"},"content":{"rendered":"<p><strong><span style=\"color: #000000;\">\u25cf La vida y obra del Premio Nobel peruano cobran vida en una experiencia sensorial que destaca su legado como una de las voces m\u00e1s influyentes de la literatura latinoamericana.<\/span><\/strong><\/p>\n<p><span style=\"color: #000000;\"><strong>Lima, 27 de abril 2026 (El Informante Per\u00fa).-<\/strong> En el marco de la Feria Internacional del Libro de Buenos Aires, el s\u00e1bado 25 de abril, el Ministerio de Cultura y la Biblioteca Nacional del Per\u00fa inauguraron la exposici\u00f3n inmersiva \u201cEl viaje de Vargas Llosa: c\u00f3mo el mundo se vuelve literatura\u201d, que presenta al reconocido autor peruano como un viajero y agudo observador del mundo, cuya obra se nutre de las experiencias, culturas y territorios que recorri\u00f3 a lo largo de su vida.<\/span><\/p>\n<p><span style=\"color: #000000;\">La propuesta explora c\u00f3mo esas vivencias se transformaron en novelas, cr\u00f3nicas y ensayos, dando lugar a un universo donde la realidad se convierte en literatura. A trav\u00e9s de un recorrido innovador que combina proyecciones, fotograf\u00eda, sonido y video, la exposici\u00f3n re\u00fane materiales de la familia Vargas Llosa, la C\u00e1tedra Vargas Llosa y la revista Caretas.<\/span><\/p>\n<p><span style=\"color: #000000;\">El recorrido por la muestra sit\u00faa al visitante en los distintos escenarios que marcaron la vida y obra del escritor: desde el Per\u00fa hasta Europa, pasando por m\u00faltiples escenarios que nutrieron su mirada literaria.<\/span><\/p>\n<p><a href=\"https:\/\/elinformanteperu.com\/wp-content\/uploads\/2026\/04\/Cultura-Feria-Buenos-Aires-MVLL2.jpg\"><img fetchpriority=\"high\" decoding=\"async\" class=\"size-large wp-image-148472 aligncenter\" src=\"https:\/\/elinformanteperu.com\/wp-content\/uploads\/2026\/04\/Cultura-Feria-Buenos-Aires-MVLL2-1024x675.jpg\" alt=\"\" width=\"615\" height=\"405\" srcset=\"https:\/\/elinformanteperu.com\/wp-content\/uploads\/2026\/04\/Cultura-Feria-Buenos-Aires-MVLL2-1024x675.jpg 1024w, https:\/\/elinformanteperu.com\/wp-content\/uploads\/2026\/04\/Cultura-Feria-Buenos-Aires-MVLL2-300x198.jpg 300w, https:\/\/elinformanteperu.com\/wp-content\/uploads\/2026\/04\/Cultura-Feria-Buenos-Aires-MVLL2-768x506.jpg 768w, https:\/\/elinformanteperu.com\/wp-content\/uploads\/2026\/04\/Cultura-Feria-Buenos-Aires-MVLL2.jpg 1101w\" sizes=\"(max-width: 615px) 100vw, 615px\" \/><\/a><span style=\"color: #000000;\">La inauguraci\u00f3n cont\u00f3 con la presencia del embajador de Per\u00fa en Argentina, Carlos Chocano Burga; la directora de la Direcci\u00f3n General de Industrias Culturales y Artes del Ministerio de Cultura, Carina Moreno Baca; y el jefe institucional de la Biblioteca Nacional del Per\u00fa, Juan Yangali Quintanilla. La exposici\u00f3n estar\u00e1 abierta al p\u00fablico hasta el 11 de mayo, fecha de clausura de la feria.<\/span><\/p>\n<p><span style=\"color: #000000;\">Como parte del homenaje, en la Sala Victoria Ocampo del recinto ferial, la C\u00e1tedra Vargas Llosa present\u00f3 una lectura dramatizada en la que diversas voces recorrieron los inicios del nobel peruano hasta su consagraci\u00f3n como figura universal de la literatura.<\/span><\/p>\n<p><span style=\"color: #000000;\">Cabe se\u00f1alar, que la participaci\u00f3n de Per\u00fa en esta edici\u00f3n de la feria involucra m\u00e1s de 150 actividades culturales, entre los que tambi\u00e9n destacan los homenajes a Blanca Varela y a Alfredo Bryce Echenique; espect\u00e1culos de artes esc\u00e9nicas con el Ballet Folcl\u00f3rico Nacional y la Orquesta Sinf\u00f3nica Nacional; as\u00ed como ciclos de cine, teatro familiar y charlas magistrales que se vienen llevando a cabo en el Auditorio del Pabell\u00f3n Per\u00fa, salas de la FIL, y en distintos espacios de la ciudad de Buenos Aires.<\/span><\/p>\n<p><strong><span style=\"color: #000000;\">Conoce el programa cultural del Per\u00fa en la 50.\u00b0 Feria Internacional del Libro de Buenos Aires. <a href=\"https:\/\/cdn.www.gob.pe\/uploads\/document\/file\/9865742\/8058104-programa-cultural-peru-50-filba.pdf?v=1777050489\">Click aqu\u00ed<\/a>.<\/span><\/strong><\/p>\n<p><a href=\"https:\/\/elinformanteperu.com\/wp-content\/uploads\/2026\/04\/Cultura-Feria-Buenos-Aires-MVLL1.jpg\"><img decoding=\"async\" class=\"size-large wp-image-148473 aligncenter\" src=\"https:\/\/elinformanteperu.com\/wp-content\/uploads\/2026\/04\/Cultura-Feria-Buenos-Aires-MVLL1-1024x680.jpg\" alt=\"\" width=\"615\" height=\"408\" srcset=\"https:\/\/elinformanteperu.com\/wp-content\/uploads\/2026\/04\/Cultura-Feria-Buenos-Aires-MVLL1-1024x680.jpg 1024w, https:\/\/elinformanteperu.com\/wp-content\/uploads\/2026\/04\/Cultura-Feria-Buenos-Aires-MVLL1-300x199.jpg 300w, https:\/\/elinformanteperu.com\/wp-content\/uploads\/2026\/04\/Cultura-Feria-Buenos-Aires-MVLL1-768x510.jpg 768w, https:\/\/elinformanteperu.com\/wp-content\/uploads\/2026\/04\/Cultura-Feria-Buenos-Aires-MVLL1.jpg 1100w\" sizes=\"(max-width: 615px) 100vw, 615px\" \/><\/a><\/p>\n","protected":false},"excerpt":{"rendered":"<p>\u25cf La vida y obra del Premio Nobel peruano cobran vida en una experiencia sensorial que destaca su legado como una de las voces m\u00e1s influyentes de la literatura latinoamericana. Lima, 27 de abril 2026 (El Informante Per\u00fa).- En el marco de la Feria Internacional del Libro de Buenos Aires, el s\u00e1bado 25 de abril, [&hellip;]<\/p>\n","protected":false},"author":1,"featured_media":148471,"comment_status":"closed","ping_status":"closed","sticky":false,"template":"","format":"standard","meta":{"rop_custom_images_group":[],"rop_custom_messages_group":[],"rop_publish_now":"initial","rop_publish_now_accounts":[],"rop_publish_now_history":[],"rop_publish_now_status":"pending","footnotes":""},"categories":[10],"tags":[8805,1242,105],"class_list":["post-148470","post","type-post","status-publish","format-standard","has-post-thumbnail","hentry","category-actualidad-municipal","tag-feria-del-libro-buenos-aires-2026","tag-mario-vargas-llosa","tag-ministerio-de-cultura"],"_links":{"self":[{"href":"https:\/\/elinformanteperu.com\/index.php\/wp-json\/wp\/v2\/posts\/148470","targetHints":{"allow":["GET"]}}],"collection":[{"href":"https:\/\/elinformanteperu.com\/index.php\/wp-json\/wp\/v2\/posts"}],"about":[{"href":"https:\/\/elinformanteperu.com\/index.php\/wp-json\/wp\/v2\/types\/post"}],"author":[{"embeddable":true,"href":"https:\/\/elinformanteperu.com\/index.php\/wp-json\/wp\/v2\/users\/1"}],"replies":[{"embeddable":true,"href":"https:\/\/elinformanteperu.com\/index.php\/wp-json\/wp\/v2\/comments?post=148470"}],"version-history":[{"count":1,"href":"https:\/\/elinformanteperu.com\/index.php\/wp-json\/wp\/v2\/posts\/148470\/revisions"}],"predecessor-version":[{"id":148474,"href":"https:\/\/elinformanteperu.com\/index.php\/wp-json\/wp\/v2\/posts\/148470\/revisions\/148474"}],"wp:featuredmedia":[{"embeddable":true,"href":"https:\/\/elinformanteperu.com\/index.php\/wp-json\/wp\/v2\/media\/148471"}],"wp:attachment":[{"href":"https:\/\/elinformanteperu.com\/index.php\/wp-json\/wp\/v2\/media?parent=148470"}],"wp:term":[{"taxonomy":"category","embeddable":true,"href":"https:\/\/elinformanteperu.com\/index.php\/wp-json\/wp\/v2\/categories?post=148470"},{"taxonomy":"post_tag","embeddable":true,"href":"https:\/\/elinformanteperu.com\/index.php\/wp-json\/wp\/v2\/tags?post=148470"}],"curies":[{"name":"wp","href":"https:\/\/api.w.org\/{rel}","templated":true}]}}