{"id":148449,"date":"2026-04-27T19:20:28","date_gmt":"2026-04-28T00:20:28","guid":{"rendered":"https:\/\/elinformanteperu.com\/?p=148449"},"modified":"2026-04-27T19:20:28","modified_gmt":"2026-04-28T00:20:28","slug":"sera-duda-para-el-mundial-real-madrid-confirma-lesion-de-kylian-mbappe","status":"publish","type":"post","link":"https:\/\/elinformanteperu.com\/index.php\/2026\/04\/27\/sera-duda-para-el-mundial-real-madrid-confirma-lesion-de-kylian-mbappe\/","title":{"rendered":"\u00bfSer\u00e1 duda para el Mundial? Real Madrid confirma lesi\u00f3n de Kylian Mbapp\u00e9"},"content":{"rendered":"<p><strong><span style=\"color: #000000;\">El delantero tiene afectado un m\u00fasculo semitendinoso de la pierna izquierda, que forma parte de los isquiotibiales<\/span><\/strong><\/p>\n<p><span style=\"color: #000000;\"><strong>Madrid, 26 de abril 2026 (ANDINA).-<\/strong> El delantero franc\u00e9s del Real Madrid Kylian Mbapp\u00e9 sufre una lesi\u00f3n muscular en el muslo izquierdo, confirm\u00f3 este lunes el club espa\u00f1ol, sin precisar la duraci\u00f3n de la baja de su estrella.<\/span><\/p>\n<p><span style=\"color: #000000;\">El capit\u00e1n de la selecci\u00f3n francesa, que fue sustituido durante el partido del viernes pasado ante el Betis (1-1), tiene afectado un \u00abm\u00fasculo semitendinoso de la pierna izquierda\u00bb, que forma parte de los isquiotibiales, seg\u00fan el diagn\u00f3stico de los servicios m\u00e9dicos del Real Madrid.<\/span><\/p>\n<p><span style=\"color: #000000;\">Seg\u00fan las primeras informaciones de la prensa espa\u00f1ola, Mbapp\u00e9 se perder\u00eda el pr\u00f3ximo partido de Liga contra el Espanyol de Barcelona el domingo, y es duda para el Cl\u00e1sico del 10 de mayo ante el FC Barcelona.<\/span><\/p>\n<p><span style=\"color: #000000;\">Su presencia a finales de mayo en la concentraci\u00f3n de la selecci\u00f3n francesa antes del Mundial de 2026, que comienza el 11 de junio y constituye el \u00faltimo objetivo de su temporada, no se ve por tanto comprometido por el momento.<\/span><\/p>\n<p><span style=\"color: #000000;\">Eliminado en la Liga de Campeones, en la Copa del Rey y derrotado por el Bar\u00e7a en la final de la Supercopa de Espa\u00f1a, el Real Madrid se ha quedado rezagado en la lucha por el t\u00edtulo de Liga y se encuentra a once puntos de su rival catal\u00e1n, que est\u00e1 a un paso de proclamarse campe\u00f3n matem\u00e1ticamente.<\/span><\/p>\n<blockquote class=\"twitter-tweet\">\n<p dir=\"ltr\" lang=\"fr\">Medical Report: Mbapp\u00e9.<\/p>\n<p>\u2014 Real Madrid C.F. \ud83c\uddec\ud83c\udde7\ud83c\uddfa\ud83c\uddf8 (@realmadriden) <a href=\"https:\/\/twitter.com\/realmadriden\/status\/2048717794666037401?ref_src=twsrc%5Etfw\">April 27, 2026<\/a><\/p><\/blockquote>\n<p><script async src=\"https:\/\/platform.twitter.com\/widgets.js\" charset=\"utf-8\"><\/script><\/p>\n","protected":false},"excerpt":{"rendered":"<p>El delantero tiene afectado un m\u00fasculo semitendinoso de la pierna izquierda, que forma parte de los isquiotibiales Madrid, 26 de abril 2026 (ANDINA).- El delantero franc\u00e9s del Real Madrid Kylian Mbapp\u00e9 sufre una lesi\u00f3n muscular en el muslo izquierdo, confirm\u00f3 este lunes el club espa\u00f1ol, sin precisar la duraci\u00f3n de la baja de su estrella. [&hellip;]<\/p>\n","protected":false},"author":1,"featured_media":148450,"comment_status":"closed","ping_status":"closed","sticky":false,"template":"","format":"standard","meta":{"rop_custom_images_group":[],"rop_custom_messages_group":[],"rop_publish_now":"initial","rop_publish_now_accounts":[],"rop_publish_now_history":[],"rop_publish_now_status":"pending","footnotes":""},"categories":[8],"tags":[3374,8508,423],"class_list":["post-148449","post","type-post","status-publish","format-standard","has-post-thumbnail","hentry","category-disciplinas-deportivas","tag-kylian-mbappe","tag-mundial-de-futbol-2026","tag-real-madrid"],"_links":{"self":[{"href":"https:\/\/elinformanteperu.com\/index.php\/wp-json\/wp\/v2\/posts\/148449","targetHints":{"allow":["GET"]}}],"collection":[{"href":"https:\/\/elinformanteperu.com\/index.php\/wp-json\/wp\/v2\/posts"}],"about":[{"href":"https:\/\/elinformanteperu.com\/index.php\/wp-json\/wp\/v2\/types\/post"}],"author":[{"embeddable":true,"href":"https:\/\/elinformanteperu.com\/index.php\/wp-json\/wp\/v2\/users\/1"}],"replies":[{"embeddable":true,"href":"https:\/\/elinformanteperu.com\/index.php\/wp-json\/wp\/v2\/comments?post=148449"}],"version-history":[{"count":1,"href":"https:\/\/elinformanteperu.com\/index.php\/wp-json\/wp\/v2\/posts\/148449\/revisions"}],"predecessor-version":[{"id":148451,"href":"https:\/\/elinformanteperu.com\/index.php\/wp-json\/wp\/v2\/posts\/148449\/revisions\/148451"}],"wp:featuredmedia":[{"embeddable":true,"href":"https:\/\/elinformanteperu.com\/index.php\/wp-json\/wp\/v2\/media\/148450"}],"wp:attachment":[{"href":"https:\/\/elinformanteperu.com\/index.php\/wp-json\/wp\/v2\/media?parent=148449"}],"wp:term":[{"taxonomy":"category","embeddable":true,"href":"https:\/\/elinformanteperu.com\/index.php\/wp-json\/wp\/v2\/categories?post=148449"},{"taxonomy":"post_tag","embeddable":true,"href":"https:\/\/elinformanteperu.com\/index.php\/wp-json\/wp\/v2\/tags?post=148449"}],"curies":[{"name":"wp","href":"https:\/\/api.w.org\/{rel}","templated":true}]}}