{"id":148437,"date":"2026-04-27T01:54:34","date_gmt":"2026-04-27T06:54:34","guid":{"rendered":"https:\/\/elinformanteperu.com\/?p=148437"},"modified":"2026-04-27T01:54:34","modified_gmt":"2026-04-27T06:54:34","slug":"mundial-2026-xavi-hernandez-coloca-a-espana-brasil-argentina-y-francia-como-favoritas","status":"publish","type":"post","link":"https:\/\/elinformanteperu.com\/index.php\/2026\/04\/27\/mundial-2026-xavi-hernandez-coloca-a-espana-brasil-argentina-y-francia-como-favoritas\/","title":{"rendered":"Mundial 2026: Xavi Hern\u00e1ndez coloca a Espa\u00f1a, Brasil, Argentina y Francia como favoritas"},"content":{"rendered":"<p><strong><span style=\"color: #000000;\">El excampe\u00f3n del mundo tambi\u00e9n puso a Portugal e Inglaterra como quintas opciones<\/span><\/strong><\/p>\n<p><span style=\"color: #000000;\"><strong>Barcelona, 26 de abril 2026 (ANDINA).-<\/strong> El exentrenador del Barcelona y campe\u00f3n mundial en 2010, Xavi Hern\u00e1ndez, coloc\u00f3 a las selecciones de Espa\u00f1a, Brasil, Argentina y Francia entre las favoritas para ganar el Mundial 2026 que se disputar\u00e1 a partir de junio en Estados Unidos, Canad\u00e1 y M\u00e9xico.<\/span><\/p>\n<p><span style=\"color: #000000;\">En una entrevista con el exdelantero brasile\u00f1o Rom\u00e1rio divulgada la noche del s\u00e1bado, el t\u00e9cnico de Tarrasa tambi\u00e9n incluy\u00f3 a Portugal e Inglaterra empatadas en un quinto escal\u00f3n.<\/span><\/p>\n<p><span style=\"color: #000000;\">\u00abVeo a Portugal muy fuerte e Inglaterra que puede dar el salto ya definitivo para una Copa del Mundo\u00bb, expres\u00f3 el excentrocampista.<\/span><\/p>\n<p><span style=\"color: #000000;\">Sobre Brasil, que atraviesa un momento de muchas dudas, dijo que el italiano Carlo Ancelotti \u00abtiene condiciones de hacer campe\u00f3n\u00bb al pa\u00eds suramericano porque sus equipos \u00absiempre han competido bien\u00bb.<\/span><\/p>\n<p><span style=\"color: #000000;\">\u00abEs un entrenador con el que el futbolista mejora\u00bb, subray\u00f3.<\/span><\/p>\n<p><span style=\"color: #000000;\">Xavi tambi\u00e9n cit\u00f3 como un plus a favor de la Canarinha su \u00abhistoria\u00bb y sus cinco t\u00edtulos mundiales, que hacen que la \u00abresponsabilidad\u00bb sea mayor y obligue a los futbolistas a dar un poco m\u00e1s.<\/span><\/p>\n<p><span style=\"color: #000000;\">Asimismo, asegur\u00f3 que, \u00absin duda\u00bb, Raphinha, al que entren\u00f3 en su etapa en el banquillo cul\u00e9, puede ser una de las grandes figuras de la Copa del Mundo porque es \u00abun l\u00edder en el campo\u00bb.<\/span><\/p>\n<p><span style=\"color: #000000;\">Xavi tambi\u00e9n habl\u00f3 de su antiguo compa\u00f1ero Lionel Messi, \u00abun fen\u00f3meno\u00bb y \u00abalgo de otro planeta\u00bb, y revel\u00f3 que, a su juicio, el jugador que m\u00e1s se le ha acercado a nivel t\u00e9cnico fue el Neymar reci\u00e9n llegado al Bar\u00e7a.<\/span><\/p>\n<p><span style=\"color: #000000;\">\u00abFue una bomba espectacular, lo que vi la primera semana&#8230; Yo no he visto un jugador m\u00e1s cercano a Messi que el Neymar de 21 a\u00f1os que vino a Can Bar\u00e7a\u00bb, se\u00f1al\u00f3.<\/span><\/p>\n<p><span style=\"color: #000000;\">No obstante, reconoci\u00f3 que, en el futuro, el delantero del Bar\u00e7a Lamine Yamal, estrella de la selecci\u00f3n espa\u00f1ola a sus 18 a\u00f1os, podr\u00eda llegar a compararse con el astro argentino.<\/span><\/p>\n<p><span style=\"color: #000000;\">\u00abEs un elegido, es un genio del f\u00fatbol y ahora depende ya de \u00e9l. Ya est\u00e1 en el m\u00e1ximo nivel, ya es uno de los mejores o, si no, el mejor futbolista actualmente para m\u00ed. Ahora ya depende de su mentalidad, de su energ\u00eda, de sus ganas de hacer historia\u00bb, dijo del actual 10 azulgrana.<\/span><\/p>\n<p><span style=\"color: #000000;\">Por otro lado, Xavi dijo sentirse \u00aborgulloso\u00bb de su etapa como entrenador del Barcelona, pues gan\u00f3 t\u00edtulos y dej\u00f3 un \u00ablegado de gente joven, como Lamine, Ferm\u00edn, Cubars\u00ed y Balde\u00bb.<\/span><\/p>\n<p><span style=\"color: #000000;\">\u00abTodos estos futbolistas que ahora son pr\u00e1cticamente la columna vertebral del equipo (&#8230;) Sentamos unas bases muy buenas y ahora (el t\u00e9cnico Hansi) Flick est\u00e1 haciendo un trabajo extraordinario y los jugadores han madurado. Hay equipo para los pr\u00f3ximos 10 a\u00f1os\u00bb, proyect\u00f3.<\/span><\/p>\n","protected":false},"excerpt":{"rendered":"<p>El excampe\u00f3n del mundo tambi\u00e9n puso a Portugal e Inglaterra como quintas opciones Barcelona, 26 de abril 2026 (ANDINA).- El exentrenador del Barcelona y campe\u00f3n mundial en 2010, Xavi Hern\u00e1ndez, coloc\u00f3 a las selecciones de Espa\u00f1a, Brasil, Argentina y Francia entre las favoritas para ganar el Mundial 2026 que se disputar\u00e1 a partir de junio [&hellip;]<\/p>\n","protected":false},"author":1,"featured_media":148438,"comment_status":"closed","ping_status":"closed","sticky":false,"template":"","format":"standard","meta":{"rop_custom_images_group":[],"rop_custom_messages_group":[],"rop_publish_now":"initial","rop_publish_now_accounts":[],"rop_publish_now_history":[],"rop_publish_now_status":"pending","footnotes":""},"categories":[8],"tags":[8508,5918],"class_list":["post-148437","post","type-post","status-publish","format-standard","has-post-thumbnail","hentry","category-disciplinas-deportivas","tag-mundial-de-futbol-2026","tag-xavi-hernandez"],"_links":{"self":[{"href":"https:\/\/elinformanteperu.com\/index.php\/wp-json\/wp\/v2\/posts\/148437","targetHints":{"allow":["GET"]}}],"collection":[{"href":"https:\/\/elinformanteperu.com\/index.php\/wp-json\/wp\/v2\/posts"}],"about":[{"href":"https:\/\/elinformanteperu.com\/index.php\/wp-json\/wp\/v2\/types\/post"}],"author":[{"embeddable":true,"href":"https:\/\/elinformanteperu.com\/index.php\/wp-json\/wp\/v2\/users\/1"}],"replies":[{"embeddable":true,"href":"https:\/\/elinformanteperu.com\/index.php\/wp-json\/wp\/v2\/comments?post=148437"}],"version-history":[{"count":1,"href":"https:\/\/elinformanteperu.com\/index.php\/wp-json\/wp\/v2\/posts\/148437\/revisions"}],"predecessor-version":[{"id":148439,"href":"https:\/\/elinformanteperu.com\/index.php\/wp-json\/wp\/v2\/posts\/148437\/revisions\/148439"}],"wp:featuredmedia":[{"embeddable":true,"href":"https:\/\/elinformanteperu.com\/index.php\/wp-json\/wp\/v2\/media\/148438"}],"wp:attachment":[{"href":"https:\/\/elinformanteperu.com\/index.php\/wp-json\/wp\/v2\/media?parent=148437"}],"wp:term":[{"taxonomy":"category","embeddable":true,"href":"https:\/\/elinformanteperu.com\/index.php\/wp-json\/wp\/v2\/categories?post=148437"},{"taxonomy":"post_tag","embeddable":true,"href":"https:\/\/elinformanteperu.com\/index.php\/wp-json\/wp\/v2\/tags?post=148437"}],"curies":[{"name":"wp","href":"https:\/\/api.w.org\/{rel}","templated":true}]}}