{"id":148431,"date":"2026-04-27T01:33:28","date_gmt":"2026-04-27T06:33:28","guid":{"rendered":"https:\/\/elinformanteperu.com\/?p=148431"},"modified":"2026-04-27T01:33:28","modified_gmt":"2026-04-27T06:33:28","slug":"bayern-munich-estrena-su-titulo-en-bundesliga-con-una-epica-remontada-en-maguncia","status":"publish","type":"post","link":"https:\/\/elinformanteperu.com\/index.php\/2026\/04\/27\/bayern-munich-estrena-su-titulo-en-bundesliga-con-una-epica-remontada-en-maguncia\/","title":{"rendered":"Bayern M\u00fanich estrena su t\u00edtulo en Bundesliga con una \u00e9pica remontada en Maguncia"},"content":{"rendered":"<p><strong><span style=\"color: #000000;\">De ir perdiendo 3-0, los muniqu\u00e9s se recuperaron para salir vencedores<\/span><\/strong><\/p>\n<p><span style=\"color: #000000;\"><strong>M\u00fanich, 25 de abril 2026 (ANDINA).-<\/strong> De ir perdiendo 3-0 al descanso a terminar ganando 4-3 en el campo del Maguncia: el Bayern Munich, campe\u00f3n matem\u00e1ticamente de la Bundesliga desde el pasado domingo, estren\u00f3 su t\u00edtulo con un partido de tr\u00e1mite que termin\u00f3 convirti\u00e9ndose en una monta\u00f1a rusa de emociones.<\/span><\/p>\n<p><span style=\"color: #000000;\">En v\u00edsperas de la importante visita del martes al Paris Saint-Germain, en la ida de las semifinales de la Liga de Campeones, el Bayern viaj\u00f3 a orillas del Rin excesivamente relajado para este duelo de la 31\u00aa jornada, en el que Vincent Kompany hizo rotaciones pensando en la capital francesa.<\/span><\/p>\n<p><span style=\"color: #000000;\">El Maguncia lo aprovech\u00f3 ya la media hora ya se hab\u00eda adelantado con los tantos de Dominik Kohr (minuto 15&#8242;) y Paul Nebel (29&#8242;), a lo que a\u00f1adi\u00f3 un tercer tanto en el descuento de la mitad primera, obra del surinam\u00e9s Sheraldo Becker (45+2).<\/span><\/p>\n<p><span style=\"color: #000000;\">Todo parec\u00eda apuntar a una peque\u00f1a cura de humildad para el gigante b\u00e1varo, que despert\u00f3 sin embargo despu\u00e9s del descanso para reconducir la situaci\u00f3n.<\/span><\/p>\n<p><span style=\"color: #000000;\">Harry Kane y Michael Olise, inicialmente suplentes, entraron en juego en el inicio de la segunda mitad y Jamal Musiala lo hizo en el 57&#8242;. Los tres fueron determinantes para la victoria.<\/span><\/p>\n<p><span style=\"color: #000000;\">El senegal\u00e9s Nicolas Jackson, de cabeza al centro de Konrad Laimer, inici\u00f3 en el 53&#8242; la \u00abOperaci\u00f3n Remontada\u00bb, que continu\u00f3 en el 73&#8242; con un disparo ajustado al palo de Olise.<\/span><\/p>\n<p><span style=\"color: #000000;\">Cuando se entraba en la recta final, el Bayern protagoniz\u00f3 ya su brillante adelantamiento, primero con el tanto del empate provisional de Musiala (80&#8242;) y finalmente con el definitivo de Kane (83&#8242;) para la victoria visitante.<\/span><\/p>\n<p><span style=\"color: #000000;\">El atacante ingl\u00e9s, m\u00e1ximo anotador destacado de esta Bundesliga, suma su 33\u00ba gol en esta edici\u00f3n del campeonato, acerc\u00e1ndose a ocho del r\u00e9cord en una misma temporada, que ostenta el polaco Robert Lewandowski (41 en la 2020-2021, tambi\u00e9n con el Bayern).<\/span><\/p>\n<p><span style=\"color: #000000;\">Kane no tendr\u00e1 f\u00e1cil alcanzar ese r\u00e9cord ya que al Bayern le quedan apenas tres partidos por disputar antes de la final.<\/span><\/p>\n<p><span style=\"color: #000000;\">El Bayern suma ahora 82 puntos y su principal aliciente en lo que queda de Bundesliga es saber su puedo igualar el r\u00e9cord de 91 unidades en una misma temporada, que desarroll\u00f3 el Bayern de Jupp Heynckes en la 2012-2013.<\/span><\/p>\n<p><span style=\"color: #000000;\">Para ello el equipo de Vincent Kompany debe ganar los tres encuentros ligueros que le quedan, ante Heidenheim, Colonia y Wolfsburgo.<\/span><\/p>\n<p><a href=\"https:\/\/elinformanteperu.com\/wp-content\/uploads\/2025\/07\/PSG-Bayern.jpg\"><img fetchpriority=\"high\" decoding=\"async\" class=\"size-large wp-image-138956 aligncenter\" src=\"https:\/\/elinformanteperu.com\/wp-content\/uploads\/2025\/07\/PSG-Bayern-1024x683.jpg\" alt=\"\" width=\"615\" height=\"410\" srcset=\"https:\/\/elinformanteperu.com\/wp-content\/uploads\/2025\/07\/PSG-Bayern-1024x683.jpg 1024w, https:\/\/elinformanteperu.com\/wp-content\/uploads\/2025\/07\/PSG-Bayern-300x200.jpg 300w, https:\/\/elinformanteperu.com\/wp-content\/uploads\/2025\/07\/PSG-Bayern-768x512.jpg 768w, https:\/\/elinformanteperu.com\/wp-content\/uploads\/2025\/07\/PSG-Bayern-1536x1024.jpg 1536w, https:\/\/elinformanteperu.com\/wp-content\/uploads\/2025\/07\/PSG-Bayern.jpg 1800w\" sizes=\"(max-width: 615px) 100vw, 615px\" \/><\/a><\/p>\n","protected":false},"excerpt":{"rendered":"<p>De ir perdiendo 3-0, los muniqu\u00e9s se recuperaron para salir vencedores M\u00fanich, 25 de abril 2026 (ANDINA).- De ir perdiendo 3-0 al descanso a terminar ganando 4-3 en el campo del Maguncia: el Bayern Munich, campe\u00f3n matem\u00e1ticamente de la Bundesliga desde el pasado domingo, estren\u00f3 su t\u00edtulo con un partido de tr\u00e1mite que termin\u00f3 convirti\u00e9ndose [&hellip;]<\/p>\n","protected":false},"author":1,"featured_media":148432,"comment_status":"closed","ping_status":"closed","sticky":false,"template":"","format":"standard","meta":{"rop_custom_images_group":[],"rop_custom_messages_group":[],"rop_publish_now":"initial","rop_publish_now_accounts":[],"rop_publish_now_history":[],"rop_publish_now_status":"pending","footnotes":""},"categories":[8],"tags":[2973,2218],"class_list":["post-148431","post","type-post","status-publish","format-standard","has-post-thumbnail","hentry","category-disciplinas-deportivas","tag-bayern-munich","tag-bundesliga"],"_links":{"self":[{"href":"https:\/\/elinformanteperu.com\/index.php\/wp-json\/wp\/v2\/posts\/148431","targetHints":{"allow":["GET"]}}],"collection":[{"href":"https:\/\/elinformanteperu.com\/index.php\/wp-json\/wp\/v2\/posts"}],"about":[{"href":"https:\/\/elinformanteperu.com\/index.php\/wp-json\/wp\/v2\/types\/post"}],"author":[{"embeddable":true,"href":"https:\/\/elinformanteperu.com\/index.php\/wp-json\/wp\/v2\/users\/1"}],"replies":[{"embeddable":true,"href":"https:\/\/elinformanteperu.com\/index.php\/wp-json\/wp\/v2\/comments?post=148431"}],"version-history":[{"count":1,"href":"https:\/\/elinformanteperu.com\/index.php\/wp-json\/wp\/v2\/posts\/148431\/revisions"}],"predecessor-version":[{"id":148433,"href":"https:\/\/elinformanteperu.com\/index.php\/wp-json\/wp\/v2\/posts\/148431\/revisions\/148433"}],"wp:featuredmedia":[{"embeddable":true,"href":"https:\/\/elinformanteperu.com\/index.php\/wp-json\/wp\/v2\/media\/148432"}],"wp:attachment":[{"href":"https:\/\/elinformanteperu.com\/index.php\/wp-json\/wp\/v2\/media?parent=148431"}],"wp:term":[{"taxonomy":"category","embeddable":true,"href":"https:\/\/elinformanteperu.com\/index.php\/wp-json\/wp\/v2\/categories?post=148431"},{"taxonomy":"post_tag","embeddable":true,"href":"https:\/\/elinformanteperu.com\/index.php\/wp-json\/wp\/v2\/tags?post=148431"}],"curies":[{"name":"wp","href":"https:\/\/api.w.org\/{rel}","templated":true}]}}