{"id":148422,"date":"2026-04-27T01:21:12","date_gmt":"2026-04-27T06:21:12","guid":{"rendered":"https:\/\/elinformanteperu.com\/?p=148422"},"modified":"2026-04-27T01:24:57","modified_gmt":"2026-04-27T06:24:57","slug":"estara-neymar-ancelotti-anunciara-el-18-de-mayo-convocatoria-de-brasil-para-el-mundial","status":"publish","type":"post","link":"https:\/\/elinformanteperu.com\/index.php\/2026\/04\/27\/estara-neymar-ancelotti-anunciara-el-18-de-mayo-convocatoria-de-brasil-para-el-mundial\/","title":{"rendered":"\u00bfEstar\u00e1 Neymar? Ancelotti anunciar\u00e1 el 18 de mayo convocatoria de Brasil para el Mundial"},"content":{"rendered":"<p><strong><span style=\"color: #000000;\">Dar\u00e1 a conocer su lista en un museo de ciencias en R\u00edo de Janeiro<\/span><\/strong><\/p>\n<p><span style=\"color: #000000;\"><strong>R\u00edo de janeiro, 26 de abril 2026 (ANDINA).-<\/strong> El seleccionador de Brasil, Carlo Ancelotti, dar\u00e1 a conocer su lista de convocados para el Mundial 2026 el 18 de mayo en el Museu do Amanh\u00e3 de R\u00edo de Janeiro, un espacio donde se mezclan la ciencia, el arte y la innovaci\u00f3n, inform\u00f3 este viernes la CBF.<\/span><\/p>\n<p><span style=\"color: #000000;\">El t\u00e9cnico italiano divulgar\u00e1 a sus 26 futbolistas en un escenario inusual, ya que las convocatorias de la Canarinha suelen tener lugar en la sede de la Confederaci\u00f3n Brasile\u00f1a de F\u00fatbol (CBF), en el barrio Barra da Tijuca de la Ciudad Maravillosa.<\/span><\/p>\n<p><span style=\"color: #000000;\">La entidad explic\u00f3 en una nota que el acto servir\u00e1 para celebrar el f\u00fatbol brasile\u00f1o, \u00abuniendo el pasado y el presente de la selecci\u00f3n m\u00e1s victoriosa en Copas del Mundo\u00bb, con cinco t\u00edtulos (1958, 1962, 1970, 1994 y 2002).<\/span><\/p>\n<p><span style=\"color: #000000;\">El Museu do Amanh\u00e3 est\u00e1 dise\u00f1ado por el arquitecto espa\u00f1ol Santiago Calatrava y fue inaugurado el 17 de diciembre de 2015 en la zona portuaria de R\u00edo de Janeiro.<\/span><\/p>\n<p><span style=\"color: #000000;\">El recinto, que tiene unas impresionantes vistas de la bah\u00eda de Guanabara, acogi\u00f3 una cumbre de l\u00edderes del Mercosur, bloque integrado por Argentina, Brasil, Paraguay y Uruguay, con Bolivia en el proceso final de su adhesi\u00f3n, en diciembre de 2023.<\/span><\/p>\n<p><span style=\"color: #000000;\">Los brasile\u00f1os escogidos por &#8216;Carletto&#8217; se presentar\u00e1n a partir del 27 de mayo en el centro de alto rendimiento que la CBF tiene en Teres\u00f3polis, en la regi\u00f3n serrana de R\u00edo, a unos cien kil\u00f3metros de la capital fluminense.<\/span><\/p>\n<p><span style=\"color: #000000;\">El 31 de mayo, la Canarinha jugar\u00e1 un amistoso con Panam\u00e1 en el estadio Maracan\u00e1 para despedirse de sus aficionados y al d\u00eda siguiente pondr\u00e1 rumbo a Estados Unidos.<\/span><\/p>\n<p><span style=\"color: #000000;\">All\u00ed se medir\u00e1 con Egipto el 6 de junio en el estadio Huntington Bank Field de Cleveland, en el \u00faltimo test antes de su debut en el Mundial de Estados Unidos, M\u00e9xico y Canad\u00e1.<\/span><\/p>\n<p><span style=\"color: #000000;\">La pentacampeona del mundo disputar\u00e1 en territorio estadounidense toda la primera fase del certamen.<\/span><\/p>\n<p><span style=\"color: #000000;\">Debutar\u00e1 en el Grupo C el 13 de junio frente a Marruecos, en Nueva Jersey, y luego se enfrentar\u00e1 con Hait\u00ed el 19 de junio, en Filadelfia, y a Escocia, cinco d\u00edas despu\u00e9s, en Miami.<\/span><\/p>\n<p><a href=\"https:\/\/elinformanteperu.com\/wp-content\/uploads\/2025\/10\/japon-vs-brasil.webp\"><img fetchpriority=\"high\" decoding=\"async\" class=\"size-full wp-image-143448 aligncenter\" src=\"https:\/\/elinformanteperu.com\/wp-content\/uploads\/2025\/10\/japon-vs-brasil.webp\" alt=\"\" width=\"500\" height=\"333\" srcset=\"https:\/\/elinformanteperu.com\/wp-content\/uploads\/2025\/10\/japon-vs-brasil.webp 500w, https:\/\/elinformanteperu.com\/wp-content\/uploads\/2025\/10\/japon-vs-brasil-300x200.webp 300w\" sizes=\"(max-width: 500px) 100vw, 500px\" \/><\/a><\/p>\n","protected":false},"excerpt":{"rendered":"<p>Dar\u00e1 a conocer su lista en un museo de ciencias en R\u00edo de Janeiro R\u00edo de janeiro, 26 de abril 2026 (ANDINA).- El seleccionador de Brasil, Carlo Ancelotti, dar\u00e1 a conocer su lista de convocados para el Mundial 2026 el 18 de mayo en el Museu do Amanh\u00e3 de R\u00edo de Janeiro, un espacio donde [&hellip;]<\/p>\n","protected":false},"author":1,"featured_media":148423,"comment_status":"closed","ping_status":"closed","sticky":false,"template":"","format":"standard","meta":{"rop_custom_images_group":[],"rop_custom_messages_group":[],"rop_publish_now":"initial","rop_publish_now_accounts":[],"rop_publish_now_history":[],"rop_publish_now_status":"pending","footnotes":""},"categories":[8],"tags":[87,5930],"class_list":["post-148422","post","type-post","status-publish","format-standard","has-post-thumbnail","hentry","category-disciplinas-deportivas","tag-brasil","tag-carlo-ancelotti"],"_links":{"self":[{"href":"https:\/\/elinformanteperu.com\/index.php\/wp-json\/wp\/v2\/posts\/148422","targetHints":{"allow":["GET"]}}],"collection":[{"href":"https:\/\/elinformanteperu.com\/index.php\/wp-json\/wp\/v2\/posts"}],"about":[{"href":"https:\/\/elinformanteperu.com\/index.php\/wp-json\/wp\/v2\/types\/post"}],"author":[{"embeddable":true,"href":"https:\/\/elinformanteperu.com\/index.php\/wp-json\/wp\/v2\/users\/1"}],"replies":[{"embeddable":true,"href":"https:\/\/elinformanteperu.com\/index.php\/wp-json\/wp\/v2\/comments?post=148422"}],"version-history":[{"count":1,"href":"https:\/\/elinformanteperu.com\/index.php\/wp-json\/wp\/v2\/posts\/148422\/revisions"}],"predecessor-version":[{"id":148424,"href":"https:\/\/elinformanteperu.com\/index.php\/wp-json\/wp\/v2\/posts\/148422\/revisions\/148424"}],"wp:featuredmedia":[{"embeddable":true,"href":"https:\/\/elinformanteperu.com\/index.php\/wp-json\/wp\/v2\/media\/148423"}],"wp:attachment":[{"href":"https:\/\/elinformanteperu.com\/index.php\/wp-json\/wp\/v2\/media?parent=148422"}],"wp:term":[{"taxonomy":"category","embeddable":true,"href":"https:\/\/elinformanteperu.com\/index.php\/wp-json\/wp\/v2\/categories?post=148422"},{"taxonomy":"post_tag","embeddable":true,"href":"https:\/\/elinformanteperu.com\/index.php\/wp-json\/wp\/v2\/tags?post=148422"}],"curies":[{"name":"wp","href":"https:\/\/api.w.org\/{rel}","templated":true}]}}