{"id":148414,"date":"2026-04-27T01:12:18","date_gmt":"2026-04-27T06:12:18","guid":{"rendered":"https:\/\/elinformanteperu.com\/?p=148414"},"modified":"2026-04-27T01:12:18","modified_gmt":"2026-04-27T06:12:18","slug":"loreto-midis-entrega-modernas-cocinas-y-almacenes-en-beneficio-de-mas-de-1700-escolares-en-punchana","status":"publish","type":"post","link":"https:\/\/elinformanteperu.com\/index.php\/2026\/04\/27\/loreto-midis-entrega-modernas-cocinas-y-almacenes-en-beneficio-de-mas-de-1700-escolares-en-punchana\/","title":{"rendered":"Loreto: Midis entrega modernas cocinas y almacenes en beneficio de m\u00e1s de 1700 escolares en Punchana"},"content":{"rendered":"<p><strong><span style=\"color: #000000;\">\u2022 Ministra Lily V\u00e1squez tambi\u00e9n supervis\u00f3 el servicio alimentario del PAE, inaugur\u00f3 feria multisectorial de servicios y visit\u00f3 a usuario del programa Contigo.<\/span><\/strong><\/p>\n<p><span style=\"color: #000000;\"><strong>Lima, 26 de abril 2026 (El Informante Per\u00fa).-<\/strong> En una intervenci\u00f3n con alto impacto social en la Amazon\u00eda, la ministra de Desarrollo e Inclusi\u00f3n Social (Midis), Lily V\u00e1squez D\u00e1vila, lleg\u00f3 al distrito de Punchana, en la provincia de Maynas, regi\u00f3n Loreto, para entregar modernas cocinas y almacenes escolares que beneficiar\u00e1n directamente a 1710 estudiantes de instituciones educativas p\u00fablicas.<\/span><\/p>\n<p><span style=\"color: #000000;\">\u201cEstamos asegurando que nuestros estudiantes reciban alimentos de calidad, preparados en condiciones seguras y dignas. Esta es una apuesta firme por su salud, su aprendizaje y su futuro\u201d, destac\u00f3 la ministra durante la jornada de trabajo en territorio.<\/span><\/p>\n<p><span style=\"color: #000000;\">Los nuevos ambientes han sido equipados con tecnolog\u00eda especializada que incluye cocinas industriales, campanas extractoras, lavaderos, mesas de trabajo, refrigeradoras, estanter\u00edas met\u00e1licas y utensilios t\u00e9cnicos. Este equipamiento garantiza est\u00e1ndares \u00f3ptimos de higiene e inocuidad, alineados a las normas del servicio alimentario escolar del Programa de Alimentaci\u00f3n Escolar (PAE).<\/span><\/p>\n<p><span style=\"color: #000000;\">La ministra V\u00e1squez estuvo en la I. E. N.\u00b0 61015 La Inmaculada, en la que se invirtieron S\/143 835 en beneficio de 1148 estudiantes. En este local, la ministra tambi\u00e9n supervis\u00f3 la calidad e inocuidad del servicio que brinda el Programa de Alimentaci\u00f3n Escolar (PAE). Posteriormente, se dirigi\u00f3 a la I. E. N.\u00b0 6010120 Las Malvinas, en la que se invirtieron S\/124 923 para cocinas y almacenes en beneficio de 562 estudiantes.<\/span><\/p>\n<p><span style=\"color: #000000;\">Cabe anotar que, el Midis, a trav\u00e9s de Foncodes, realiza la entrega de cocinas y almacenes mejorados e implementados en ocho instituciones educativas de la regi\u00f3n Loreto, con una inversi\u00f3n total de S\/1 462 740, en el marco del nuevo servicio de alimentaci\u00f3n escolar impulsado por el sector. Gracias a ello, los estudiantes de educaci\u00f3n contar\u00e1n con mejores condiciones para recibir su alimentaci\u00f3n escolar, en espacios adecuados, seguros y dignos.<\/span><\/p>\n<p><span style=\"color: #000000;\">La ministra V\u00e1squez D\u00e1vila indic\u00f3, adem\u00e1s, que esta intervenci\u00f3n ha permitido ejecutar trabajos de mantenimiento, acondicionamiento e implementaci\u00f3n en colegios p\u00fablicos ubicados en los distritos de Bel\u00e9n, Punchana y San Juan Bautista, en la provincia de Maynas. Record\u00f3 que, a nivel nacional, Foncodes viene invirtiendo m\u00e1s de S\/ 31 700 000 en 240 planteles p\u00fablicos de 15 regiones, lo que beneficiar\u00e1 a m\u00e1s de 146 000 escolares de primaria y secundaria.<\/span><\/p>\n<p><a href=\"https:\/\/elinformanteperu.com\/wp-content\/uploads\/2026\/04\/midis-cocina-loreto-punchana1.jpg\"><img fetchpriority=\"high\" decoding=\"async\" class=\"size-large wp-image-148416 aligncenter\" src=\"https:\/\/elinformanteperu.com\/wp-content\/uploads\/2026\/04\/midis-cocina-loreto-punchana1-1024x682.jpg\" alt=\"\" width=\"615\" height=\"410\" srcset=\"https:\/\/elinformanteperu.com\/wp-content\/uploads\/2026\/04\/midis-cocina-loreto-punchana1-1024x682.jpg 1024w, https:\/\/elinformanteperu.com\/wp-content\/uploads\/2026\/04\/midis-cocina-loreto-punchana1-300x200.jpg 300w, https:\/\/elinformanteperu.com\/wp-content\/uploads\/2026\/04\/midis-cocina-loreto-punchana1-768x512.jpg 768w, https:\/\/elinformanteperu.com\/wp-content\/uploads\/2026\/04\/midis-cocina-loreto-punchana1-1536x1023.jpg 1536w, https:\/\/elinformanteperu.com\/wp-content\/uploads\/2026\/04\/midis-cocina-loreto-punchana1.jpg 1600w\" sizes=\"(max-width: 615px) 100vw, 615px\" \/><\/a><strong><span style=\"color: #000000;\">Midis acerca los servicios del Estado<\/span><\/strong><\/p>\n<p><span style=\"color: #000000;\">Como parte de la jornada, la titular del Midis inaugur\u00f3 una feria multisectorial de servicios en la plaza Grau, donde los programas sociales del sector \u2014Cuna M\u00e1s, Juntos, Pensi\u00f3n 65, Contigo, PAE, Foncodes y PAIS\u2014, junto a otras entidades del Estado, brindaron orientaci\u00f3n, informaci\u00f3n, actividades educativas, degustaci\u00f3n de alimentos y servicios de protecci\u00f3n social a familias, adultos mayores, personas con discapacidad, madres gestantes y ni\u00f1os.<\/span><\/p>\n<p><span style=\"color: #000000;\">\u201cHoy no solo acercamos servicios; acercamos oportunidades. Cada stand es una puerta abierta para que las familias de Punchana accedan a una vida m\u00e1s digna, m\u00e1s segura y con m\u00e1s futuro\u201d, expres\u00f3 la titular del Midis durante su recorrido por el lugar.<\/span><\/p>\n<p><span style=\"color: #000000;\">Finalmente, la ministra V\u00e1squez D\u00e1vila visit\u00f3 a Zaemond M\u00e1rquez Garc\u00eda, joven de 19 a\u00f1os con discapacidad severa y usuario del Programa Nacional Contigo. Zaemond, quien vive con su familia en el asentamiento humano Nuevo Versalles, utiliza la pensi\u00f3n no contributiva para fortalecer su emprendimiento en electricidad y reparaci\u00f3n de artefactos.<\/span><\/p>\n<p><span style=\"color: #000000;\">\u201cEl Estado est\u00e1 para acompa\u00f1ar, escuchar y abrir caminos. Cada usuario de Contigo es un recordatorio de que la inclusi\u00f3n no es un discurso, sino una responsabilidad diaria\u201d, se\u00f1al\u00f3 la ministra tras dialogar con el joven y su familia.<\/span><\/p>\n<p><span style=\"color: #000000;\">Durante su agenda en la regi\u00f3n Loreto, la titular del Midis, Lily V\u00e1squez D\u00e1vila, estuvo acompa\u00f1ada de la congresista Ana Zegarra, as\u00ed como de autoridades locales.<\/span><\/p>\n<p><a href=\"https:\/\/elinformanteperu.com\/wp-content\/uploads\/2026\/04\/midis-cocina-loreto-punchana2.jpg\"><img decoding=\"async\" class=\"size-full wp-image-148417 aligncenter\" src=\"https:\/\/elinformanteperu.com\/wp-content\/uploads\/2026\/04\/midis-cocina-loreto-punchana2.jpg\" alt=\"\" width=\"951\" height=\"640\" srcset=\"https:\/\/elinformanteperu.com\/wp-content\/uploads\/2026\/04\/midis-cocina-loreto-punchana2.jpg 951w, https:\/\/elinformanteperu.com\/wp-content\/uploads\/2026\/04\/midis-cocina-loreto-punchana2-300x202.jpg 300w, https:\/\/elinformanteperu.com\/wp-content\/uploads\/2026\/04\/midis-cocina-loreto-punchana2-768x517.jpg 768w\" sizes=\"(max-width: 951px) 100vw, 951px\" \/><\/a><\/p>\n","protected":false},"excerpt":{"rendered":"<p>\u2022 Ministra Lily V\u00e1squez tambi\u00e9n supervis\u00f3 el servicio alimentario del PAE, inaugur\u00f3 feria multisectorial de servicios y visit\u00f3 a usuario del programa Contigo. Lima, 26 de abril 2026 (El Informante Per\u00fa).- En una intervenci\u00f3n con alto impacto social en la Amazon\u00eda, la ministra de Desarrollo e Inclusi\u00f3n Social (Midis), Lily V\u00e1squez D\u00e1vila, lleg\u00f3 al distrito [&hellip;]<\/p>\n","protected":false},"author":1,"featured_media":148415,"comment_status":"closed","ping_status":"closed","sticky":false,"template":"","format":"standard","meta":{"rop_custom_images_group":[],"rop_custom_messages_group":[],"rop_publish_now":"initial","rop_publish_now_accounts":[],"rop_publish_now_history":[],"rop_publish_now_status":"pending","footnotes":""},"categories":[10],"tags":[1005,153],"class_list":["post-148414","post","type-post","status-publish","format-standard","has-post-thumbnail","hentry","category-actualidad-municipal","tag-loreto","tag-midis"],"_links":{"self":[{"href":"https:\/\/elinformanteperu.com\/index.php\/wp-json\/wp\/v2\/posts\/148414","targetHints":{"allow":["GET"]}}],"collection":[{"href":"https:\/\/elinformanteperu.com\/index.php\/wp-json\/wp\/v2\/posts"}],"about":[{"href":"https:\/\/elinformanteperu.com\/index.php\/wp-json\/wp\/v2\/types\/post"}],"author":[{"embeddable":true,"href":"https:\/\/elinformanteperu.com\/index.php\/wp-json\/wp\/v2\/users\/1"}],"replies":[{"embeddable":true,"href":"https:\/\/elinformanteperu.com\/index.php\/wp-json\/wp\/v2\/comments?post=148414"}],"version-history":[{"count":1,"href":"https:\/\/elinformanteperu.com\/index.php\/wp-json\/wp\/v2\/posts\/148414\/revisions"}],"predecessor-version":[{"id":148418,"href":"https:\/\/elinformanteperu.com\/index.php\/wp-json\/wp\/v2\/posts\/148414\/revisions\/148418"}],"wp:featuredmedia":[{"embeddable":true,"href":"https:\/\/elinformanteperu.com\/index.php\/wp-json\/wp\/v2\/media\/148415"}],"wp:attachment":[{"href":"https:\/\/elinformanteperu.com\/index.php\/wp-json\/wp\/v2\/media?parent=148414"}],"wp:term":[{"taxonomy":"category","embeddable":true,"href":"https:\/\/elinformanteperu.com\/index.php\/wp-json\/wp\/v2\/categories?post=148414"},{"taxonomy":"post_tag","embeddable":true,"href":"https:\/\/elinformanteperu.com\/index.php\/wp-json\/wp\/v2\/tags?post=148414"}],"curies":[{"name":"wp","href":"https:\/\/api.w.org\/{rel}","templated":true}]}}