{"id":148407,"date":"2026-04-27T01:03:13","date_gmt":"2026-04-27T06:03:13","guid":{"rendered":"https:\/\/elinformanteperu.com\/?p=148407"},"modified":"2026-04-27T01:03:13","modified_gmt":"2026-04-27T06:03:13","slug":"peru-inauguro-su-pabellon-como-primer-pais-invitado-de-honor-en-la-fil-buenos-aires-2026","status":"publish","type":"post","link":"https:\/\/elinformanteperu.com\/index.php\/2026\/04\/27\/peru-inauguro-su-pabellon-como-primer-pais-invitado-de-honor-en-la-fil-buenos-aires-2026\/","title":{"rendered":"Per\u00fa inaugur\u00f3 su pabell\u00f3n como primer Pa\u00eds Invitado de Honor en la FIL Buenos Aires 2026"},"content":{"rendered":"<p><strong><span style=\"color: #000000;\">\u2022 Con m\u00e1s de 770 t\u00edtulos, 4300 ejemplares y una amplia agenda cultural, el pa\u00eds marca un hito en la 50. \u00b0 edici\u00f3n del evento editorial m\u00e1s importante de la regi\u00f3n.<\/span><\/strong><\/p>\n<p><span style=\"color: #000000;\"><strong>Lima, 26 de abril 2026 (El Informante Per\u00fa).-<\/strong> El Per\u00fa inaugur\u00f3 su pabell\u00f3n como Pa\u00eds Invitado de Honor en la 50.\u00b0 Feria Internacional del Libro de Buenos Aires, que se desarrollar\u00e1 del 23 de abril al 11 de mayo, en una edici\u00f3n hist\u00f3rica que, por primera vez en medio siglo, distingue a un pa\u00eds con esta categor\u00eda.<\/span><\/p>\n<p><span style=\"color: #000000;\">La ceremonia cont\u00f3 con la presencia de autoridades de Per\u00fa y Argentina, representantes diplom\u00e1ticos, directivos de la Fundaci\u00f3n El Libro y destacadas personalidades del \u00e1mbito cultural. En este marco, el Per\u00fa fue presentado oficialmente como el primer Pa\u00eds Invitado de Honor en la historia del evento.<\/span><\/p>\n<p><span style=\"color: #000000;\">El Pabell\u00f3n Per\u00fa, concebido bajo el lema \u201cCaminos que nos unen\u201d, se inspira en el Qhapaq \u00d1an como s\u00edmbolo de integraci\u00f3n e intercambio cultural. El espacio cuenta con una librer\u00eda exclusiva y zonas de exposici\u00f3n organizadas tem\u00e1ticamente, que ofrecen una visibilidad privilegiada del cat\u00e1logo peruano ante compradores internacionales y m\u00e1s de un mill\u00f3n de visitantes que recibe esta feria cada a\u00f1o.<\/span><\/p>\n<p><a href=\"https:\/\/elinformanteperu.com\/wp-content\/uploads\/2026\/04\/Peru-stand-Buenos-Aires-Fil-2026-1.jpg\"><img fetchpriority=\"high\" decoding=\"async\" class=\"size-large wp-image-148409 aligncenter\" src=\"https:\/\/elinformanteperu.com\/wp-content\/uploads\/2026\/04\/Peru-stand-Buenos-Aires-Fil-2026-1-1024x688.jpg\" alt=\"\" width=\"615\" height=\"413\" srcset=\"https:\/\/elinformanteperu.com\/wp-content\/uploads\/2026\/04\/Peru-stand-Buenos-Aires-Fil-2026-1-1024x688.jpg 1024w, https:\/\/elinformanteperu.com\/wp-content\/uploads\/2026\/04\/Peru-stand-Buenos-Aires-Fil-2026-1-300x202.jpg 300w, https:\/\/elinformanteperu.com\/wp-content\/uploads\/2026\/04\/Peru-stand-Buenos-Aires-Fil-2026-1-768x516.jpg 768w, https:\/\/elinformanteperu.com\/wp-content\/uploads\/2026\/04\/Peru-stand-Buenos-Aires-Fil-2026-1.jpg 1104w\" sizes=\"(max-width: 615px) 100vw, 615px\" \/><\/a><span style=\"color: #000000;\">La propuesta editorial re\u00fane m\u00e1s de 770 t\u00edtulos y 4300 ejemplares de m\u00e1s de 130 editoriales y fondos editoriales peruanos, abarcando g\u00e9neros como narrativa, poes\u00eda, ensayo, literatura infantil y juvenil, c\u00f3mic y publicaciones en lenguas originarias. Esta muestra refleja la riqueza cultural, ling\u00fc\u00edstica y territorial del pa\u00eds, y busca fortalecer la presencia de la industria editorial peruana en el mercado internacional.<\/span><\/p>\n<p><span style=\"color: #000000;\">Durante la ceremonia tambi\u00e9n se present\u00f3 a la delegaci\u00f3n peruana, conformada por 60 representantes nacionales, quienes participar\u00e1n en diversas actividades programadas tanto en el Auditorio del Pabell\u00f3n Per\u00fa como en otras salas de la feria y espacios culturales de la ciudad de Buenos Aires.<\/span><\/p>\n<p><span style=\"color: #000000;\">El embajador del Per\u00fa en Argentina, Carlos Chocano Burga, destac\u00f3 que ser Pa\u00eds Invitado de Honor en una feria internacional del libro es una oportunidad que trasciende lo cultural y se convierte en una poderosa plataforma de proyecci\u00f3n nacional. \u201cNuestra participaci\u00f3n es el resultado del trabajo conjunto de diversos sectores nacionales, los cuales hemos unido esfuerzos para mostrar qui\u00e9nes somos, a trav\u00e9s de nuestras palabras, nuestras historias y nuestras ideas. Buscamos transmitirles una imagen basada en nuestra diversidad y creatividad, visibilizar nuestra riqueza cultural, fortalecer nuestra industria editorial y abrir nuevas oportunidades para nuestros autores\u201d, concluy\u00f3 el embajador.<\/span><\/p>\n<p><a href=\"https:\/\/elinformanteperu.com\/wp-content\/uploads\/2026\/04\/Peru-stand-Buenos-Aires-Fil-2026.jpg\"><img decoding=\"async\" class=\"size-large wp-image-148410 aligncenter\" src=\"https:\/\/elinformanteperu.com\/wp-content\/uploads\/2026\/04\/Peru-stand-Buenos-Aires-Fil-2026-1024x670.jpg\" alt=\"\" width=\"615\" height=\"402\" srcset=\"https:\/\/elinformanteperu.com\/wp-content\/uploads\/2026\/04\/Peru-stand-Buenos-Aires-Fil-2026-1024x670.jpg 1024w, https:\/\/elinformanteperu.com\/wp-content\/uploads\/2026\/04\/Peru-stand-Buenos-Aires-Fil-2026-300x196.jpg 300w, https:\/\/elinformanteperu.com\/wp-content\/uploads\/2026\/04\/Peru-stand-Buenos-Aires-Fil-2026-768x503.jpg 768w, https:\/\/elinformanteperu.com\/wp-content\/uploads\/2026\/04\/Peru-stand-Buenos-Aires-Fil-2026.jpg 1103w\" sizes=\"(max-width: 615px) 100vw, 615px\" \/><\/a><span style=\"color: #000000;\">Tras el acto protocolar y el corte de cinta, el Per\u00fa present\u00f3 una muestra de su diversidad cultural a trav\u00e9s de sus Elencos Nacionales. El Ballet Folcl\u00f3rico Nacional ofreci\u00f3 una selecci\u00f3n de danzas tradicionales, mientras que la Orquesta Sinf\u00f3nica Nacional brind\u00f3 un concierto que fue recibido con entusiasmo por el p\u00fablico asistente.<\/span><\/p>\n<p><span style=\"color: #000000;\">Durante la feria, el Estado peruano impulsar\u00e1 una agenda orientada a la internacionalizaci\u00f3n del sector editorial, promoviendo ruedas de negocios y encuentros profesionales, con el objetivo de generar nuevas oportunidades de circulaci\u00f3n y comercializaci\u00f3n del libro peruano.<\/span><\/p>\n<p><strong><span style=\"color: #000000;\">Un programa cultural sin precedentes<\/span><\/strong><\/p>\n<p><a href=\"https:\/\/elinformanteperu.com\/wp-content\/uploads\/2026\/04\/Peru-stand-Buenos-Aires-Fil-2026-4.jpg\"><img decoding=\"async\" class=\"size-large wp-image-148411 aligncenter\" src=\"https:\/\/elinformanteperu.com\/wp-content\/uploads\/2026\/04\/Peru-stand-Buenos-Aires-Fil-2026-4-1024x643.jpg\" alt=\"\" width=\"615\" height=\"386\" srcset=\"https:\/\/elinformanteperu.com\/wp-content\/uploads\/2026\/04\/Peru-stand-Buenos-Aires-Fil-2026-4-1024x643.jpg 1024w, https:\/\/elinformanteperu.com\/wp-content\/uploads\/2026\/04\/Peru-stand-Buenos-Aires-Fil-2026-4-300x188.jpg 300w, https:\/\/elinformanteperu.com\/wp-content\/uploads\/2026\/04\/Peru-stand-Buenos-Aires-Fil-2026-4-768x482.jpg 768w, https:\/\/elinformanteperu.com\/wp-content\/uploads\/2026\/04\/Peru-stand-Buenos-Aires-Fil-2026-4.jpg 1100w\" sizes=\"(max-width: 615px) 100vw, 615px\" \/><\/a><span style=\"color: #000000;\">La participaci\u00f3n peruana contempla m\u00e1s de 150 actividades culturales, entre ellas destacan homenajes a Blanca Varela, Alfredo Bryce Echenique y Mario Vargas Llosa; espect\u00e1culos de artes esc\u00e9nicas con el Ballet Folcl\u00f3rico Nacional y la Orquesta Sinf\u00f3nica Nacional; as\u00ed como ciclos de cine, teatro familiar y charlas magistrales en distintos espacios de la ciudad de Buenos Aires.<\/span><\/p>\n<p><span style=\"color: #000000;\">Asimismo, el pabell\u00f3n peruano contar\u00e1 con espacios dedicados a la gastronom\u00eda, la promoci\u00f3n tur\u00edstica y la literatura infantil, ofreciendo a los visitantes una experiencia integral de la diversidad cultural del Per\u00fa.<\/span><\/p>\n<p><strong><span style=\"color: #000000;\">El dato:<\/span><\/strong><\/p>\n<p><span style=\"color: #000000;\">La participaci\u00f3n del Per\u00fa como Invitado de Honor en la 50. \u00b0 Feria Internacional del Libro de Buenos Aires fue declarada de inter\u00e9s nacional mediante el Decreto Supremo N.\u00b0 010-2025-MC y es liderada por el Ministerio de Cultura, en coordinaci\u00f3n con el Ministerio de Relaciones Exteriores, el Ministerio de Educaci\u00f3n y el Ministerio de Comercio Exterior y Turismo, a trav\u00e9s de PROMPER\u00da.<\/span><\/p>\n<p><a href=\"https:\/\/elinformanteperu.com\/wp-content\/uploads\/2026\/04\/Peru-stand-Buenos-Aires-Fil-2026-5.jpg\"><img loading=\"lazy\" decoding=\"async\" class=\"size-large wp-image-148412 aligncenter\" src=\"https:\/\/elinformanteperu.com\/wp-content\/uploads\/2026\/04\/Peru-stand-Buenos-Aires-Fil-2026-5-1024x685.jpg\" alt=\"\" width=\"615\" height=\"411\" srcset=\"https:\/\/elinformanteperu.com\/wp-content\/uploads\/2026\/04\/Peru-stand-Buenos-Aires-Fil-2026-5-1024x685.jpg 1024w, https:\/\/elinformanteperu.com\/wp-content\/uploads\/2026\/04\/Peru-stand-Buenos-Aires-Fil-2026-5-300x201.jpg 300w, https:\/\/elinformanteperu.com\/wp-content\/uploads\/2026\/04\/Peru-stand-Buenos-Aires-Fil-2026-5-768x513.jpg 768w, https:\/\/elinformanteperu.com\/wp-content\/uploads\/2026\/04\/Peru-stand-Buenos-Aires-Fil-2026-5.jpg 1101w\" sizes=\"(max-width: 615px) 100vw, 615px\" \/><\/a><\/p>\n","protected":false},"excerpt":{"rendered":"<p>\u2022 Con m\u00e1s de 770 t\u00edtulos, 4300 ejemplares y una amplia agenda cultural, el pa\u00eds marca un hito en la 50. \u00b0 edici\u00f3n del evento editorial m\u00e1s importante de la regi\u00f3n. Lima, 26 de abril 2026 (El Informante Per\u00fa).- El Per\u00fa inaugur\u00f3 su pabell\u00f3n como Pa\u00eds Invitado de Honor en la 50.\u00b0 Feria Internacional del [&hellip;]<\/p>\n","protected":false},"author":1,"featured_media":148408,"comment_status":"closed","ping_status":"closed","sticky":false,"template":"","format":"standard","meta":{"rop_custom_images_group":[],"rop_custom_messages_group":[],"rop_publish_now":"initial","rop_publish_now_accounts":[],"rop_publish_now_history":[],"rop_publish_now_status":"pending","footnotes":""},"categories":[10],"tags":[105],"class_list":["post-148407","post","type-post","status-publish","format-standard","has-post-thumbnail","hentry","category-actualidad-municipal","tag-ministerio-de-cultura"],"_links":{"self":[{"href":"https:\/\/elinformanteperu.com\/index.php\/wp-json\/wp\/v2\/posts\/148407","targetHints":{"allow":["GET"]}}],"collection":[{"href":"https:\/\/elinformanteperu.com\/index.php\/wp-json\/wp\/v2\/posts"}],"about":[{"href":"https:\/\/elinformanteperu.com\/index.php\/wp-json\/wp\/v2\/types\/post"}],"author":[{"embeddable":true,"href":"https:\/\/elinformanteperu.com\/index.php\/wp-json\/wp\/v2\/users\/1"}],"replies":[{"embeddable":true,"href":"https:\/\/elinformanteperu.com\/index.php\/wp-json\/wp\/v2\/comments?post=148407"}],"version-history":[{"count":1,"href":"https:\/\/elinformanteperu.com\/index.php\/wp-json\/wp\/v2\/posts\/148407\/revisions"}],"predecessor-version":[{"id":148413,"href":"https:\/\/elinformanteperu.com\/index.php\/wp-json\/wp\/v2\/posts\/148407\/revisions\/148413"}],"wp:featuredmedia":[{"embeddable":true,"href":"https:\/\/elinformanteperu.com\/index.php\/wp-json\/wp\/v2\/media\/148408"}],"wp:attachment":[{"href":"https:\/\/elinformanteperu.com\/index.php\/wp-json\/wp\/v2\/media?parent=148407"}],"wp:term":[{"taxonomy":"category","embeddable":true,"href":"https:\/\/elinformanteperu.com\/index.php\/wp-json\/wp\/v2\/categories?post=148407"},{"taxonomy":"post_tag","embeddable":true,"href":"https:\/\/elinformanteperu.com\/index.php\/wp-json\/wp\/v2\/tags?post=148407"}],"curies":[{"name":"wp","href":"https:\/\/api.w.org\/{rel}","templated":true}]}}