{"id":148130,"date":"2026-04-06T01:03:04","date_gmt":"2026-04-06T06:03:04","guid":{"rendered":"https:\/\/elinformanteperu.com\/?p=148130"},"modified":"2026-04-06T01:03:04","modified_gmt":"2026-04-06T06:03:04","slug":"imagen-del-senor-de-la-agonia-recibe-homenaje-al-cumplir-150-anos-de-llegar-a-lambayeque","status":"publish","type":"post","link":"https:\/\/elinformanteperu.com\/index.php\/2026\/04\/06\/imagen-del-senor-de-la-agonia-recibe-homenaje-al-cumplir-150-anos-de-llegar-a-lambayeque\/","title":{"rendered":"Imagen del Se\u00f1or de la Agon\u00eda recibe homenaje al cumplir 150 a\u00f1os de llegar a Lambayeque"},"content":{"rendered":"<p><strong><span style=\"color: #000000;\">Es reconocido como patrimonio espiritual de la ciudad<\/span><\/strong><\/p>\n<p><span style=\"color: #000000;\"><strong>Chiclayo, 5 de abril 2026 (ANDINA).-<\/strong> En el contexto de la Semana Santa 2026, la Municipalidad Provincial de Lambayeque y la Sociedad de Beneficencia de Lambayeque rindieron un significativo homenaje a la imagen del Se\u00f1or de la Agon\u00eda, al conmemorarse 150 a\u00f1os de su llegada a la ciudad, consolid\u00e1ndose como uno de los s\u00edmbolos m\u00e1s importantes de fe y tradici\u00f3n en la regi\u00f3n.<\/span><\/p>\n<p><span style=\"color: #000000;\">De acuerdo con documentos hist\u00f3ricos, la venerada imagen fue donada en el a\u00f1o 1871, en pleno siglo XIX, incorpor\u00e1ndose desde entonces al acervo religioso de la parroquia San Pedro de la Ciudad Evocadora.<\/span><\/p>\n<p><span style=\"color: #000000;\">A lo largo de siglo y medio, su presencia ha marcado profundamente la vida espiritual de generaciones de lambayecanos, convirti\u00e9ndose en pieza central de las celebraciones de Viernes Santo.<\/span><\/p>\n<p><span style=\"color: #000000;\">Mediante resoluci\u00f3n de alcald\u00eda, de fecha 31 de marzo 2026, firmada por el alcalde Percy Ramos Puelles, se dispuso reconocer oficialmente al Se\u00f1or de la Agon\u00eda como expresi\u00f3n de fe, tradici\u00f3n y patrimonio espiritual de la ciudad, destacando su valor hist\u00f3rico, religioso y cultural.<\/span><\/p>\n<p><span style=\"color: #000000;\">Asimismo, se anunci\u00f3 la entrega de la medalla de la ciudad en acto p\u00fablico, como s\u00edmbolo de este importante reconocimiento.<\/span><\/p>\n<p><strong><span style=\"color: #000000;\">Cofrad\u00eda tambi\u00e9n fue distinguida<\/span><\/strong><\/p>\n<p><span style=\"color: #000000;\">En paralelo, la comuna provincial otorg\u00f3 un reconocimiento especial a la Cofrad\u00eda del Se\u00f1or de la Agon\u00eda de Lambayeque, instituci\u00f3n sin fines de lucro que, en coordinaci\u00f3n con la parroquia San Pedro, ha mantenido viva esta devoci\u00f3n durante d\u00e9cadas.<\/span><\/p>\n<p><a href=\"https:\/\/elinformanteperu.com\/wp-content\/uploads\/2026\/04\/chiclayo-senor-de-la-agonia1-e1775455367970.webp\"><img fetchpriority=\"high\" decoding=\"async\" class=\"size-full wp-image-148132 aligncenter\" src=\"https:\/\/elinformanteperu.com\/wp-content\/uploads\/2026\/04\/chiclayo-senor-de-la-agonia1-e1775455367970.webp\" alt=\"\" width=\"356\" height=\"334\" srcset=\"https:\/\/elinformanteperu.com\/wp-content\/uploads\/2026\/04\/chiclayo-senor-de-la-agonia1-e1775455367970.webp 356w, https:\/\/elinformanteperu.com\/wp-content\/uploads\/2026\/04\/chiclayo-senor-de-la-agonia1-e1775455367970-300x281.webp 300w\" sizes=\"(max-width: 356px) 100vw, 356px\" \/><\/a><span style=\"color: #000000;\">La resoluci\u00f3n resalta la trayectoria, compromiso y labor constante de sus integrantes \u2014incluyendo su junta directiva y mayordomos\u2014 en la organizaci\u00f3n de actividades lit\u00fargicas y procesionales, contribuyendo al fortalecimiento de la identidad cultural y la cohesi\u00f3n social de la comunidad.<\/span><\/p>\n<p><span style=\"color: #000000;\">Este reconocimiento tambi\u00e9n fue respaldado por la Sociedad de Beneficencia de Lambayeque, cuyo directorio liderado por Victor Llontop Obando Pozo, destac\u00f3 en di\u00e1logo con la Agencia Andina que la cofrad\u00eda representa un \u201cfaro de espiritualidad\u201d que gu\u00eda a la poblaci\u00f3n, en l\u00ednea con su pol\u00edtica institucional de valorar a organizaciones que promueven el desarrollo social y el servicio comunitario.<\/span><\/p>\n<p><strong><span style=\"color: #000000;\">Fe viva en Viernes Santo<\/span><\/strong><\/p>\n<p><span style=\"color: #000000;\">Las autoridades locales, entre ellas el burgomaestre Ramos y el presidente del directorio de la Beneficencia, junto al p\u00e1rroco Jos\u00e9 Manuel Zamora Romero, participaron en los Oficios de Viernes Santo realizados en la iglesia San Pedro, en un ambiente de profunda fe y recogimiento.<\/span><\/p>\n<p><span style=\"color: #000000;\">Durante la liturgia se record\u00f3 la pasi\u00f3n, muerte y crucifixi\u00f3n de Jesucristo, mientras que posteriormente se desarroll\u00f3 la tradicional procesi\u00f3n de los doce Pasos de la Pasi\u00f3n por las calles de Lambayeque. En ella, la imagen del Se\u00f1or de la Agon\u00eda ocup\u00f3 un lugar central, recibiendo el fervor y respeto de cientos de fieles.<\/span><\/p>\n<p><span style=\"color: #000000;\">A 150 a\u00f1os de su llegada, el Se\u00f1or de la Agon\u00eda no solo representa una manifestaci\u00f3n religiosa, sino tambi\u00e9n un legado cultural que fortalece la identidad del pueblo lambayecano, manteniendo viva una tradici\u00f3n que une historia, fe y comunidad.<\/span><\/p>\n","protected":false},"excerpt":{"rendered":"<p>Es reconocido como patrimonio espiritual de la ciudad Chiclayo, 5 de abril 2026 (ANDINA).- En el contexto de la Semana Santa 2026, la Municipalidad Provincial de Lambayeque y la Sociedad de Beneficencia de Lambayeque rindieron un significativo homenaje a la imagen del Se\u00f1or de la Agon\u00eda, al conmemorarse 150 a\u00f1os de su llegada a la [&hellip;]<\/p>\n","protected":false},"author":1,"featured_media":148131,"comment_status":"closed","ping_status":"closed","sticky":false,"template":"","format":"standard","meta":{"rop_custom_images_group":[],"rop_custom_messages_group":[],"rop_publish_now":"initial","rop_publish_now_accounts":[],"rop_publish_now_history":[],"rop_publish_now_status":"pending","footnotes":""},"categories":[10],"tags":[],"class_list":["post-148130","post","type-post","status-publish","format-standard","has-post-thumbnail","hentry","category-actualidad-municipal"],"_links":{"self":[{"href":"https:\/\/elinformanteperu.com\/index.php\/wp-json\/wp\/v2\/posts\/148130","targetHints":{"allow":["GET"]}}],"collection":[{"href":"https:\/\/elinformanteperu.com\/index.php\/wp-json\/wp\/v2\/posts"}],"about":[{"href":"https:\/\/elinformanteperu.com\/index.php\/wp-json\/wp\/v2\/types\/post"}],"author":[{"embeddable":true,"href":"https:\/\/elinformanteperu.com\/index.php\/wp-json\/wp\/v2\/users\/1"}],"replies":[{"embeddable":true,"href":"https:\/\/elinformanteperu.com\/index.php\/wp-json\/wp\/v2\/comments?post=148130"}],"version-history":[{"count":1,"href":"https:\/\/elinformanteperu.com\/index.php\/wp-json\/wp\/v2\/posts\/148130\/revisions"}],"predecessor-version":[{"id":148133,"href":"https:\/\/elinformanteperu.com\/index.php\/wp-json\/wp\/v2\/posts\/148130\/revisions\/148133"}],"wp:featuredmedia":[{"embeddable":true,"href":"https:\/\/elinformanteperu.com\/index.php\/wp-json\/wp\/v2\/media\/148131"}],"wp:attachment":[{"href":"https:\/\/elinformanteperu.com\/index.php\/wp-json\/wp\/v2\/media?parent=148130"}],"wp:term":[{"taxonomy":"category","embeddable":true,"href":"https:\/\/elinformanteperu.com\/index.php\/wp-json\/wp\/v2\/categories?post=148130"},{"taxonomy":"post_tag","embeddable":true,"href":"https:\/\/elinformanteperu.com\/index.php\/wp-json\/wp\/v2\/tags?post=148130"}],"curies":[{"name":"wp","href":"https:\/\/api.w.org\/{rel}","templated":true}]}}