{"id":148098,"date":"2026-04-06T00:17:46","date_gmt":"2026-04-06T05:17:46","guid":{"rendered":"https:\/\/elinformanteperu.com\/?p=148098"},"modified":"2026-04-06T00:17:46","modified_gmt":"2026-04-06T05:17:46","slug":"el-fbc-melgar-sigue-sin-rumbo-al-caer-3-1-ante-el-cusco-fc-en-arequipa","status":"publish","type":"post","link":"https:\/\/elinformanteperu.com\/index.php\/2026\/04\/06\/el-fbc-melgar-sigue-sin-rumbo-al-caer-3-1-ante-el-cusco-fc-en-arequipa\/","title":{"rendered":"El FBC Melgar sigue sin rumbo al caer 3-1 ante el Cusco FC en Arequipa"},"content":{"rendered":"<p><strong><span style=\"color: #000000;\">El t\u00e9cnico Miguel Rondelli tuvo un mal debut ante su exequipo<\/span><\/strong><\/p>\n<p><span style=\"color: #000000;\"><strong>Lima, 5 de abril 2026 (ANDINA).-<\/strong> El FBC Melgar sigue sin levantar cabeza en el Torneo Apertura al perder 3-1 ante Cusco FC, en el Estadio Monumental de UNSA, donde este s\u00e1bado el argentino Miguel Rondelli hizo su debut como t\u00e9cnico de los rojinegros.<\/span><\/p>\n<p><span style=\"color: #000000;\">Melgar se vio sorprendido apenas iniciado el partido porque cuando reci\u00e9n se acomodaban en el terreno de juego, Cusco FC adelant\u00f3 el marcador con gol de Gabriel Carabajal, al primer minuto. El mediocamposta argentino aprovech\u00f3 una error de los locales para colocar el 1-0 de remate potente.<\/span><\/p>\n<p><span style=\"color: #000000;\">En el minuto 4, los arequipe\u00f1os volvieron a sufrir un rev\u00e9s porque el refer\u00ed Kevin Ortega cobr\u00f3 un penal a favor de los cusque\u00f1os. Facundo Callejos no fall\u00f3 frente al arquero Carlos C\u00e1ceda.<\/span><\/p>\n<p><span style=\"color: #000000;\">El cuadro del domin\u00f3 busc\u00f3 reaccionar y lo logr\u00f3 hacer a los 20 minutos, cuando el defensa mexicano Jes\u00fas Alc\u00e1ntar pone el descuento (2-1).<\/span><\/p>\n<p><span style=\"color: #000000;\">La hinchada arequipe\u00f1a esper\u00f3 la remontada en el segundo tiempo, pero eso nunca lleg\u00f3. Todo lo contrario, el Cusco FC logr\u00f3 ampliar a 3-1 su distancia gracias a un tanto de Callejos, a los 61, quien sum\u00f3 un doblete.<\/span><\/p>\n<p><span style=\"color: #000000;\">Melgar empeor\u00f3 su situaci\u00f3n a los 84 minutos con la expulsi\u00f3n de su capit\u00e1n y goleador hist\u00f3rico, Bernardo Cuesta.<\/span><\/p>\n<p><span style=\"color: #000000;\">De esta manera empez\u00f3 la era de Rondelli en Melgar, club al que recal\u00f3 tras renunciar precisamente al Cusco FC. El DT argentino reemplaz\u00f3 a Juan Reynoso, quien fue cesado por malos resultados.<\/span><\/p>\n<p><span style=\"color: #000000;\">Con esta derrota, Melgar se ubica en el noveno puesto, con 11 puntos. El Cusco FC escal\u00f3 a sexto lugar, con 13 unidades.<\/span><\/p>\n<blockquote class=\"twitter-tweet\">\n<p dir=\"ltr\" lang=\"es\">\u00a1\ud835\udde7\ud835\uddff\ud835\uddf6\ud835\ude02\ud835\uddfb\ud835\uddf3\ud835\uddee\ud835\ude07\ud835\uddfc \ud835\uddf0\ud835\ude02\ud835\ude00\ud835\uddfe\ud835\ude02\ud835\uddf2\ud835\uddfb\u0303\ud835\uddfc! \ud83d\udca5<\/p>\n<p>En el debut de Alejandro Orfila al mando de Cusco FC, los dorados lograron una victoria importante en Arequipa. \ud83d\udfe1\u26ab\ufe0f<\/p>\n<p>\ud83d\udcf8 ITEA Sport<a href=\"https:\/\/twitter.com\/hashtag\/Liga1TeApuesto?src=hash&amp;ref_src=twsrc%5Etfw\">#Liga1TeApuesto<\/a><a href=\"https:\/\/twitter.com\/hashtag\/ElADNdelHincha?src=hash&amp;ref_src=twsrc%5Etfw\">#ElADNdelHincha<\/a> <a href=\"https:\/\/t.co\/kGI9ubJ8lV\">pic.twitter.com\/kGI9ubJ8lV<\/a><\/p>\n<p>\u2014 Liga1 Te Apuesto (@Liga1TeApuesto) <a href=\"https:\/\/twitter.com\/Liga1TeApuesto\/status\/2040557182886756489?ref_src=twsrc%5Etfw\">April 4, 2026<\/a><\/p><\/blockquote>\n<p><script async src=\"https:\/\/platform.twitter.com\/widgets.js\" charset=\"utf-8\"><\/script><\/p>\n","protected":false},"excerpt":{"rendered":"<p>El t\u00e9cnico Miguel Rondelli tuvo un mal debut ante su exequipo Lima, 5 de abril 2026 (ANDINA).- El FBC Melgar sigue sin levantar cabeza en el Torneo Apertura al perder 3-1 ante Cusco FC, en el Estadio Monumental de UNSA, donde este s\u00e1bado el argentino Miguel Rondelli hizo su debut como t\u00e9cnico de los rojinegros. [&hellip;]<\/p>\n","protected":false},"author":1,"featured_media":148099,"comment_status":"closed","ping_status":"closed","sticky":false,"template":"","format":"standard","meta":{"rop_custom_images_group":[],"rop_custom_messages_group":[],"rop_publish_now":"initial","rop_publish_now_accounts":[],"rop_publish_now_history":[],"rop_publish_now_status":"pending","footnotes":""},"categories":[8],"tags":[8703,5270,201],"class_list":["post-148098","post","type-post","status-publish","format-standard","has-post-thumbnail","hentry","category-disciplinas-deportivas","tag-apertura-de-la-liga-1-2026","tag-cusco-fc","tag-melgar"],"_links":{"self":[{"href":"https:\/\/elinformanteperu.com\/index.php\/wp-json\/wp\/v2\/posts\/148098","targetHints":{"allow":["GET"]}}],"collection":[{"href":"https:\/\/elinformanteperu.com\/index.php\/wp-json\/wp\/v2\/posts"}],"about":[{"href":"https:\/\/elinformanteperu.com\/index.php\/wp-json\/wp\/v2\/types\/post"}],"author":[{"embeddable":true,"href":"https:\/\/elinformanteperu.com\/index.php\/wp-json\/wp\/v2\/users\/1"}],"replies":[{"embeddable":true,"href":"https:\/\/elinformanteperu.com\/index.php\/wp-json\/wp\/v2\/comments?post=148098"}],"version-history":[{"count":1,"href":"https:\/\/elinformanteperu.com\/index.php\/wp-json\/wp\/v2\/posts\/148098\/revisions"}],"predecessor-version":[{"id":148100,"href":"https:\/\/elinformanteperu.com\/index.php\/wp-json\/wp\/v2\/posts\/148098\/revisions\/148100"}],"wp:featuredmedia":[{"embeddable":true,"href":"https:\/\/elinformanteperu.com\/index.php\/wp-json\/wp\/v2\/media\/148099"}],"wp:attachment":[{"href":"https:\/\/elinformanteperu.com\/index.php\/wp-json\/wp\/v2\/media?parent=148098"}],"wp:term":[{"taxonomy":"category","embeddable":true,"href":"https:\/\/elinformanteperu.com\/index.php\/wp-json\/wp\/v2\/categories?post=148098"},{"taxonomy":"post_tag","embeddable":true,"href":"https:\/\/elinformanteperu.com\/index.php\/wp-json\/wp\/v2\/tags?post=148098"}],"curies":[{"name":"wp","href":"https:\/\/api.w.org\/{rel}","templated":true}]}}