{"id":148074,"date":"2026-04-05T22:17:29","date_gmt":"2026-04-06T03:17:29","guid":{"rendered":"https:\/\/elinformanteperu.com\/?p=148074"},"modified":"2026-04-05T22:48:05","modified_gmt":"2026-04-06T03:48:05","slug":"mira-aqui-el-trailer-de-la-cinta-peruana-amando-a-amanda","status":"publish","type":"post","link":"https:\/\/elinformanteperu.com\/index.php\/2026\/04\/05\/mira-aqui-el-trailer-de-la-cinta-peruana-amando-a-amanda\/","title":{"rendered":"Mira aqu\u00ed el tr\u00e1iler de la cinta peruana \u00abAmando a Amanda\u00bb"},"content":{"rendered":"<p><span style=\"color: #000000;\"><strong>Lima, 5 de abril 2026 (ANDINA).-<\/strong> Protagonizada por Gianella Neyra y Giovanni Ciccia, junto a Rodrigo S\u00e1nchez Pati\u00f1o, Valentina Saba, Nacho Di Marco, Fiorella D\u00edaz y el debut cinematogr\u00e1fico de la peque\u00f1a Noah Mart\u00ednez.<\/span><\/p>\n<p><span style=\"color: #000000;\">\u201cAmando a Amanda\u201d marca el inicio en el cine de Del Barrio Producciones, de Michelle Alexander, quien une fuerzas con AV Films, Gianella Neyra, Ani Alva Helfer y Cecig.<\/span><\/p>\n<p><span style=\"color: #000000;\">La nueva comedia peruana \u201cAmando a Amanda\u201d acaba de presentar su tr\u00e1iler oficial, revelando una historia fresca, emotiva y divertida que conecta con diversas emociones y situaciones cotidianas.<\/span><\/p>\n<p><span style=\"color: #000000;\">Dirigida por Ani Alva Helfer, la pel\u00edcula propone una mirada actual sobre el amor, enfoc\u00e1ndose en retratar v\u00ednculos m\u00e1s reales, con sus contradicciones, aprendizajes y segundas oportunidades.<\/span><\/p>\n<p><span style=\"color: #000000;\">El adelanto nos presenta a Amanda y Fernando en una relaci\u00f3n que atraviesa distintas etapas, entre momentos entra\u00f1ables, malentendidos y situaciones hilarantes con las que el p\u00fablico podr\u00e1 identificarse f\u00e1cilmente.<\/span><\/p>\n<p><iframe title=\"AMANDO A AMANDA (2026) - Tr\u00e1iler Oficial\" width=\"615\" height=\"346\" src=\"https:\/\/www.youtube.com\/embed\/6FC47ORT0PU?feature=oembed\" frameborder=\"0\" allow=\"accelerometer; autoplay; clipboard-write; encrypted-media; gyroscope; picture-in-picture; web-share\" referrerpolicy=\"strict-origin-when-cross-origin\" allowfullscreen><\/iframe><\/p>\n<p>&nbsp;<\/p>\n","protected":false},"excerpt":{"rendered":"<p>Lima, 5 de abril 2026 (ANDINA).- Protagonizada por Gianella Neyra y Giovanni Ciccia, junto a Rodrigo S\u00e1nchez Pati\u00f1o, Valentina Saba, Nacho Di Marco, Fiorella D\u00edaz y el debut cinematogr\u00e1fico de la peque\u00f1a Noah Mart\u00ednez. \u201cAmando a Amanda\u201d marca el inicio en el cine de Del Barrio Producciones, de Michelle Alexander, quien une fuerzas con AV [&hellip;]<\/p>\n","protected":false},"author":1,"featured_media":148075,"comment_status":"closed","ping_status":"closed","sticky":false,"template":"","format":"standard","meta":{"rop_custom_images_group":[],"rop_custom_messages_group":[],"rop_publish_now":"initial","rop_publish_now_accounts":[],"rop_publish_now_history":[],"rop_publish_now_status":"pending","footnotes":""},"categories":[7],"tags":[1626,8660,1256],"class_list":["post-148074","post","type-post","status-publish","format-standard","has-post-thumbnail","hentry","category-butaca","tag-cine-peruano","tag-del-barrio-producciones","tag-gianella-neyra"],"_links":{"self":[{"href":"https:\/\/elinformanteperu.com\/index.php\/wp-json\/wp\/v2\/posts\/148074","targetHints":{"allow":["GET"]}}],"collection":[{"href":"https:\/\/elinformanteperu.com\/index.php\/wp-json\/wp\/v2\/posts"}],"about":[{"href":"https:\/\/elinformanteperu.com\/index.php\/wp-json\/wp\/v2\/types\/post"}],"author":[{"embeddable":true,"href":"https:\/\/elinformanteperu.com\/index.php\/wp-json\/wp\/v2\/users\/1"}],"replies":[{"embeddable":true,"href":"https:\/\/elinformanteperu.com\/index.php\/wp-json\/wp\/v2\/comments?post=148074"}],"version-history":[{"count":1,"href":"https:\/\/elinformanteperu.com\/index.php\/wp-json\/wp\/v2\/posts\/148074\/revisions"}],"predecessor-version":[{"id":148076,"href":"https:\/\/elinformanteperu.com\/index.php\/wp-json\/wp\/v2\/posts\/148074\/revisions\/148076"}],"wp:featuredmedia":[{"embeddable":true,"href":"https:\/\/elinformanteperu.com\/index.php\/wp-json\/wp\/v2\/media\/148075"}],"wp:attachment":[{"href":"https:\/\/elinformanteperu.com\/index.php\/wp-json\/wp\/v2\/media?parent=148074"}],"wp:term":[{"taxonomy":"category","embeddable":true,"href":"https:\/\/elinformanteperu.com\/index.php\/wp-json\/wp\/v2\/categories?post=148074"},{"taxonomy":"post_tag","embeddable":true,"href":"https:\/\/elinformanteperu.com\/index.php\/wp-json\/wp\/v2\/tags?post=148074"}],"curies":[{"name":"wp","href":"https:\/\/api.w.org\/{rel}","templated":true}]}}