{"id":148067,"date":"2026-04-05T21:51:16","date_gmt":"2026-04-06T02:51:16","guid":{"rendered":"https:\/\/elinformanteperu.com\/?p=148067"},"modified":"2026-04-05T22:01:19","modified_gmt":"2026-04-06T03:01:19","slug":"retorno-de-la-estela-de-raimondi-a-su-lugar-de-origen-pronto-sera-una-realidad","status":"publish","type":"post","link":"https:\/\/elinformanteperu.com\/index.php\/2026\/04\/05\/retorno-de-la-estela-de-raimondi-a-su-lugar-de-origen-pronto-sera-una-realidad\/","title":{"rendered":"Retorno de la Estela de Raimondi a su lugar de origen pronto ser\u00e1 una realidad"},"content":{"rendered":"<p><strong><span style=\"color: #000000;\">Tras sendas gestiones y pedidos durante a\u00f1os. El preciado legado de la Cultura Chav\u00edn en \u00c1ncash volver\u00e1 a casa.<\/span><\/strong><\/p>\n<p><span style=\"color: #000000;\"><strong>\u00c1ncash, 5 de abril 2026 (Por Jeannette Garc\u00eda \/ El Informante Per\u00fa). &#8211;<\/strong> Gracias al esfuerzo y la constancia de personas comprometidas con el desarrollo econ\u00f3mico, tur\u00edstico y cultural de su regi\u00f3n, este acto trascendental esperado por todos los Ancashinos y a nivel nacional, estar\u00eda a punto de cumplirse.<\/span><\/p>\n<p><span style=\"color: #000000;\">Desde hace m\u00e1s de diez a\u00f1os, el promotor tur\u00edstico y empresario Alex Jamanca Trejo ha venido persiguiendo desde el gobierno de Ollanta Humala (2014) este tan anhelado sue\u00f1o dentro de sus actividades de promoci\u00f3n tur\u00edstica, convirti\u00e9ndose en uno de sus principales gestores, con el respaldo de algunos ex congresistas como Freddy Ot\u00e1rola, Mar\u00eda Cristina Melgarejo Lady Camones y la Congresista Kira Yorel Alcarraz, con quien actualmente est\u00e1 comprometido a lograrlo. Por lo mismo que se ha involucrado con el tema participando en dos eventos importantes para el turismo realizados en Lima y Huaraz, logrando visitar in situ el complejo ceremonial de Chav\u00edn de Hu\u00e1ntar y reunirse con personas involucrados en este tema.<\/span><\/p>\n<p><a href=\"https:\/\/elinformanteperu.com\/wp-content\/uploads\/2026\/04\/estela-de-raimondi.jpg\"><img fetchpriority=\"high\" decoding=\"async\" class=\"wp-image-148071 aligncenter\" src=\"https:\/\/elinformanteperu.com\/wp-content\/uploads\/2026\/04\/estela-de-raimondi.jpg\" alt=\"\" width=\"389\" height=\"637\" srcset=\"https:\/\/elinformanteperu.com\/wp-content\/uploads\/2026\/04\/estela-de-raimondi.jpg 498w, https:\/\/elinformanteperu.com\/wp-content\/uploads\/2026\/04\/estela-de-raimondi-183x300.jpg 183w\" sizes=\"(max-width: 389px) 100vw, 389px\" \/><\/a><span style=\"color: #000000;\">\u00abDe acuerdo a la Ley general N\u00b0 28296 del Patrimonio Cultural de la Naci\u00f3n se considera la transferencia de los bienes integrantes de todo un conjunto vinculados a su historia y a su cultura, a fin de que no permanezcan separados de su contexto natural. Por tal motivo nuestro objetivo es recuperar una pieza importante en la historia del patrimonio Arqueol\u00f3gico, as\u00ed como tambi\u00e9n fortalecer el turismo regional. Estamos a punto de lograrlo desde el 2014 que venimos luchando por hacer este sue\u00f1o una realidad, sostiene Jamanca Trejo quien se ha convertido en un promotor incisivo pro activo en la reactivaci\u00f3n econ\u00f3mica &#8211; tur\u00edstica por el desarrollo econ\u00f3mico de toda la regi\u00f3n Ancash.<\/span><\/p>\n<p><span style=\"color: #000000;\">\u00abAgradezco infinitamente a las autoridades competentes que nos han apoyado desde el inicio y actualmente a la Congresista Kira Alcarraz Ag\u00fcero por respaldarnos en esta lucha de todo un pueblo y su participaci\u00f3n en los eventos interculturales que hemos organizado con la \u00fanica finalidad de engrandecer a nuestra regi\u00f3n, llevando su cultura, m\u00fasica, paisajes a nivel nacional\u201d, finaliz\u00f3.<\/span><\/p>\n","protected":false},"excerpt":{"rendered":"<p>Tras sendas gestiones y pedidos durante a\u00f1os. El preciado legado de la Cultura Chav\u00edn en \u00c1ncash volver\u00e1 a casa. \u00c1ncash, 5 de abril 2026 (Por Jeannette Garc\u00eda \/ El Informante Per\u00fa). &#8211; Gracias al esfuerzo y la constancia de personas comprometidas con el desarrollo econ\u00f3mico, tur\u00edstico y cultural de su regi\u00f3n, este acto trascendental esperado [&hellip;]<\/p>\n","protected":false},"author":1,"featured_media":148068,"comment_status":"closed","ping_status":"closed","sticky":false,"template":"","format":"standard","meta":{"rop_custom_images_group":[],"rop_custom_messages_group":[],"rop_publish_now":"initial","rop_publish_now_accounts":[],"rop_publish_now_history":[],"rop_publish_now_status":"pending","footnotes":""},"categories":[10],"tags":[3621],"class_list":["post-148067","post","type-post","status-publish","format-standard","has-post-thumbnail","hentry","category-actualidad-municipal","tag-ancash"],"_links":{"self":[{"href":"https:\/\/elinformanteperu.com\/index.php\/wp-json\/wp\/v2\/posts\/148067","targetHints":{"allow":["GET"]}}],"collection":[{"href":"https:\/\/elinformanteperu.com\/index.php\/wp-json\/wp\/v2\/posts"}],"about":[{"href":"https:\/\/elinformanteperu.com\/index.php\/wp-json\/wp\/v2\/types\/post"}],"author":[{"embeddable":true,"href":"https:\/\/elinformanteperu.com\/index.php\/wp-json\/wp\/v2\/users\/1"}],"replies":[{"embeddable":true,"href":"https:\/\/elinformanteperu.com\/index.php\/wp-json\/wp\/v2\/comments?post=148067"}],"version-history":[{"count":4,"href":"https:\/\/elinformanteperu.com\/index.php\/wp-json\/wp\/v2\/posts\/148067\/revisions"}],"predecessor-version":[{"id":148073,"href":"https:\/\/elinformanteperu.com\/index.php\/wp-json\/wp\/v2\/posts\/148067\/revisions\/148073"}],"wp:featuredmedia":[{"embeddable":true,"href":"https:\/\/elinformanteperu.com\/index.php\/wp-json\/wp\/v2\/media\/148068"}],"wp:attachment":[{"href":"https:\/\/elinformanteperu.com\/index.php\/wp-json\/wp\/v2\/media?parent=148067"}],"wp:term":[{"taxonomy":"category","embeddable":true,"href":"https:\/\/elinformanteperu.com\/index.php\/wp-json\/wp\/v2\/categories?post=148067"},{"taxonomy":"post_tag","embeddable":true,"href":"https:\/\/elinformanteperu.com\/index.php\/wp-json\/wp\/v2\/tags?post=148067"}],"curies":[{"name":"wp","href":"https:\/\/api.w.org\/{rel}","templated":true}]}}