{"id":148053,"date":"2026-04-02T13:47:40","date_gmt":"2026-04-02T18:47:40","guid":{"rendered":"https:\/\/elinformanteperu.com\/?p=148053"},"modified":"2026-04-02T13:47:40","modified_gmt":"2026-04-02T18:47:40","slug":"catacaos-celebra-semana-santa-entre-fervor-religioso-procesiones-y-tradicion-gastronomica","status":"publish","type":"post","link":"https:\/\/elinformanteperu.com\/index.php\/2026\/04\/02\/catacaos-celebra-semana-santa-entre-fervor-religioso-procesiones-y-tradicion-gastronomica\/","title":{"rendered":"Catacaos celebra Semana Santa entre fervor religioso, procesiones y tradici\u00f3n gastron\u00f3mica"},"content":{"rendered":"<p><strong><span style=\"color: #000000;\">Programa incluye actos lit\u00fargicos, actividades culturales y el tradicional compartir de los siete potajes<\/span><\/strong><\/p>\n<p><span style=\"color: #000000;\"><strong>Piura, 2 de abril 2026 (ANDINA).-<\/strong> El distrito de Catacaos, ubicado en la provincia y regi\u00f3n Piura, se prepara para vivir una de las celebraciones religiosas m\u00e1s emblem\u00e1ticas del norte del pa\u00eds, combinando expresiones de fe, tradici\u00f3n gastron\u00f3mica y manifestaciones culturales durante la Semana Santa 2026.<\/span><\/p>\n<p><span style=\"color: #000000;\">Las actividades, organizadas en torno al Templo San Juan Bautista de Catacaos, incluyen misas, procesiones, escenificaciones y actos simb\u00f3licos que reflejan el arraigo cat\u00f3lico de la poblaci\u00f3n. El programa se inici\u00f3 con el Mi\u00e9rcoles de Ceniza y se extender\u00e1 hasta el Domingo de Pascua, con una agenda que convoca a fieles y visitantes.<\/span><\/p>\n<p><span style=\"color: #000000;\">Uno de los momentos centrales ser\u00e1 el Jueves y Viernes Santo, cuando se realizar\u00e1 el tradicional compartir de los siete potajes, pr\u00e1ctica que forma parte de la identidad cultural local y que congrega a la comunidad en torno a la mesa. A ello se suman actividades como el Serm\u00f3n de las Siete Palabras, el descendimiento de Cristo y la procesi\u00f3n del Cristo Yacente.<\/span><\/p>\n<p><a href=\"https:\/\/elinformanteperu.com\/wp-content\/uploads\/2026\/04\/catacaos-iglesia.webp\"><img fetchpriority=\"high\" decoding=\"async\" class=\"size-full wp-image-148055 aligncenter\" src=\"https:\/\/elinformanteperu.com\/wp-content\/uploads\/2026\/04\/catacaos-iglesia.webp\" alt=\"\" width=\"500\" height=\"333\" srcset=\"https:\/\/elinformanteperu.com\/wp-content\/uploads\/2026\/04\/catacaos-iglesia.webp 500w, https:\/\/elinformanteperu.com\/wp-content\/uploads\/2026\/04\/catacaos-iglesia-300x200.webp 300w\" sizes=\"(max-width: 500px) 100vw, 500px\" \/><\/a><span style=\"color: #000000;\">El Viernes Santo tambi\u00e9n destaca por la elaboraci\u00f3n de la alfombra m\u00e1s grande del norte del Per\u00fa en el per\u00edmetro de la plaza de armas, mientras que el S\u00e1bado de Gloria se desarrollar\u00e1 la escenificaci\u00f3n en vivo de la pasi\u00f3n, muerte y resurrecci\u00f3n de Jesucristo.<\/span><\/p>\n<p><span style=\"color: #000000;\">El cierre de la celebraci\u00f3n ser\u00e1 el Domingo de Pascua con la misa de resurrecci\u00f3n y la procesi\u00f3n de Cristo Resucitado, seguida del tradicional encuentro con la Virgen Mar\u00eda y actividades festivas como la quema de castillos.<\/span><\/p>\n<p><span style=\"color: #000000;\">Desde la parroquia local, autoridades eclesi\u00e1sticas exhortaron a la poblaci\u00f3n a vivir este periodo con recogimiento y renovaci\u00f3n espiritual, destacando que el Misterio Pascual constituye el centro de la fe cristiana y una oportunidad para fortalecer la unidad familiar y social.<\/span><\/p>\n<p><span style=\"color: #000000;\">La Semana Santa en Catacaos se consolida as\u00ed como una de las principales expresiones de religiosidad popular en la regi\u00f3n Piura, integrando fe, cultura y tradici\u00f3n en una celebraci\u00f3n de alto valor simb\u00f3lico.<\/span><\/p>\n<p><a href=\"https:\/\/elinformanteperu.com\/wp-content\/uploads\/2026\/04\/catacaos-gastronomia.webp\"><img decoding=\"async\" class=\"size-full wp-image-148056 aligncenter\" src=\"https:\/\/elinformanteperu.com\/wp-content\/uploads\/2026\/04\/catacaos-gastronomia.webp\" alt=\"\" width=\"500\" height=\"333\" srcset=\"https:\/\/elinformanteperu.com\/wp-content\/uploads\/2026\/04\/catacaos-gastronomia.webp 500w, https:\/\/elinformanteperu.com\/wp-content\/uploads\/2026\/04\/catacaos-gastronomia-300x200.webp 300w\" sizes=\"(max-width: 500px) 100vw, 500px\" \/><\/a><\/p>\n","protected":false},"excerpt":{"rendered":"<p>Programa incluye actos lit\u00fargicos, actividades culturales y el tradicional compartir de los siete potajes Piura, 2 de abril 2026 (ANDINA).- El distrito de Catacaos, ubicado en la provincia y regi\u00f3n Piura, se prepara para vivir una de las celebraciones religiosas m\u00e1s emblem\u00e1ticas del norte del pa\u00eds, combinando expresiones de fe, tradici\u00f3n gastron\u00f3mica y manifestaciones culturales [&hellip;]<\/p>\n","protected":false},"author":1,"featured_media":148054,"comment_status":"closed","ping_status":"closed","sticky":false,"template":"","format":"standard","meta":{"rop_custom_images_group":[],"rop_custom_messages_group":[],"rop_publish_now":"initial","rop_publish_now_accounts":[],"rop_publish_now_history":[],"rop_publish_now_status":"pending","footnotes":""},"categories":[10],"tags":[1010],"class_list":["post-148053","post","type-post","status-publish","format-standard","has-post-thumbnail","hentry","category-actualidad-municipal","tag-piura"],"_links":{"self":[{"href":"https:\/\/elinformanteperu.com\/index.php\/wp-json\/wp\/v2\/posts\/148053","targetHints":{"allow":["GET"]}}],"collection":[{"href":"https:\/\/elinformanteperu.com\/index.php\/wp-json\/wp\/v2\/posts"}],"about":[{"href":"https:\/\/elinformanteperu.com\/index.php\/wp-json\/wp\/v2\/types\/post"}],"author":[{"embeddable":true,"href":"https:\/\/elinformanteperu.com\/index.php\/wp-json\/wp\/v2\/users\/1"}],"replies":[{"embeddable":true,"href":"https:\/\/elinformanteperu.com\/index.php\/wp-json\/wp\/v2\/comments?post=148053"}],"version-history":[{"count":1,"href":"https:\/\/elinformanteperu.com\/index.php\/wp-json\/wp\/v2\/posts\/148053\/revisions"}],"predecessor-version":[{"id":148057,"href":"https:\/\/elinformanteperu.com\/index.php\/wp-json\/wp\/v2\/posts\/148053\/revisions\/148057"}],"wp:featuredmedia":[{"embeddable":true,"href":"https:\/\/elinformanteperu.com\/index.php\/wp-json\/wp\/v2\/media\/148054"}],"wp:attachment":[{"href":"https:\/\/elinformanteperu.com\/index.php\/wp-json\/wp\/v2\/media?parent=148053"}],"wp:term":[{"taxonomy":"category","embeddable":true,"href":"https:\/\/elinformanteperu.com\/index.php\/wp-json\/wp\/v2\/categories?post=148053"},{"taxonomy":"post_tag","embeddable":true,"href":"https:\/\/elinformanteperu.com\/index.php\/wp-json\/wp\/v2\/tags?post=148053"}],"curies":[{"name":"wp","href":"https:\/\/api.w.org\/{rel}","templated":true}]}}