{"id":148050,"date":"2026-04-02T13:41:52","date_gmt":"2026-04-02T18:41:52","guid":{"rendered":"https:\/\/elinformanteperu.com\/?p=148050"},"modified":"2026-04-02T13:41:52","modified_gmt":"2026-04-02T18:41:52","slug":"semana-santa-senamhi-espera-lluvias-intensas-en-la-amazonia-y-en-parte-de-la-sierra","status":"publish","type":"post","link":"https:\/\/elinformanteperu.com\/index.php\/2026\/04\/02\/semana-santa-senamhi-espera-lluvias-intensas-en-la-amazonia-y-en-parte-de-la-sierra\/","title":{"rendered":"Semana Santa: Senamhi espera lluvias intensas en la Amazon\u00eda y en parte de la sierra"},"content":{"rendered":"<p><strong><span style=\"color: #000000;\">Tambi\u00e9n se prev\u00e9 altas temperaturas en la costa norte y central durante feriado largo<\/span><\/strong><\/p>\n<p><span style=\"color: #000000;\"><strong>Lima, 2 de abril 2026 (ANDINA).-<\/strong> El jefe del Servicio Nacional de Meteorolog\u00eda e Hidrograf\u00eda (Senamhi), Edgar S\u00e1nchez, se\u00f1al\u00f3 que la entidad a su cargo prev\u00e9 que durante el fin de semana largo se registren altas temperaturas en la costa y lluvias en la amazonia y parte de la sierra<\/span><\/p>\n<p><span style=\"color: #000000;\">El titular del Senamhi indic\u00f3 que en la sierra centro y sur se prev\u00e9n lluvias de ligera intensidad desde el viernes, \u201cpero con descargas el\u00e9ctricas peque\u00f1as\u201d y vientos de hasta 25 kil\u00f3metros por hora.<\/span><\/p>\n<p><span style=\"color: #000000;\">Asimismo, anot\u00f3 que donde se prev\u00e9 m\u00e1s precipitaciones es en las zonas de la sierra cercanas a la selva. En ese sentido, se\u00f1al\u00f3 que en la amazonia entre los d\u00edas viernes y domingo se esperan lluvias de ligera a moderada intensidad.<\/span><\/p>\n<p><span style=\"color: #000000;\">Estas precipitaciones se presentar\u00e1n en los departamentos de Amazonas, Ucayali, Cajamarca, Loreto y San Mart\u00edn, y en las zonas amaz\u00f3nicas de Ayacucho, Cusco, Huancavelica, Hu\u00e1nuco, Jun\u00edn, Pasco y Puno, inform\u00f3 S\u00e1nchez.<\/span><\/p>\n<p><span style=\"color: #000000;\">Con respecto a la costa norte y central, S\u00e1nchez se\u00f1al\u00f3 que no se esperan precipitaciones pluviales significativas durante el fin de semana.<\/span><\/p>\n<p><span style=\"color: #000000;\">La excepci\u00f3n podr\u00eda darse en las partes altas de Piura, puesto que en dicha zona podr\u00eda darse lluvia ligera, manifest\u00f3.<\/span><\/p>\n<p><a href=\"https:\/\/elinformanteperu.com\/wp-content\/uploads\/2026\/03\/lluvias-hidrandina1.webp\"><img fetchpriority=\"high\" decoding=\"async\" class=\"size-full wp-image-147040 aligncenter\" src=\"https:\/\/elinformanteperu.com\/wp-content\/uploads\/2026\/03\/lluvias-hidrandina1.webp\" alt=\"\" width=\"500\" height=\"334\" srcset=\"https:\/\/elinformanteperu.com\/wp-content\/uploads\/2026\/03\/lluvias-hidrandina1.webp 500w, https:\/\/elinformanteperu.com\/wp-content\/uploads\/2026\/03\/lluvias-hidrandina1-300x200.webp 300w\" sizes=\"(max-width: 500px) 100vw, 500px\" \/><\/a><span style=\"color: #000000;\">El funcionario recomend\u00f3 tambi\u00e9n que en los lugares en los que se prev\u00e9n altas temperaturas, la poblaci\u00f3n no deje de usar protecci\u00f3n, tanto en su vestimenta como mediante bloqueadores solares.<\/span><\/p>\n<p><span style=\"color: #000000;\">En ese sentido, se\u00f1al\u00f3 que las temperaturas alcanzar\u00edan valores cercanos a los 34 grados cent\u00edgrados en la costa norte y centro, En contraparte, las temperaturas m\u00ednimas ser\u00e1n de entre 18 y 20 grados cent\u00edgrados, indic\u00f3.<\/span><\/p>\n<p><span style=\"color: #000000;\">En la costa peruana en general, se prev\u00e9 que en horas de la ma\u00f1ana la temperatura llegue a 24 grados, increment\u00e1ndose a lo largo del d\u00eda a 28 o 30 grados, y llegando en las zonas m\u00e1s alejadas del litoral a 33 o 34 grados.<\/span><\/p>\n<p><span style=\"color: #000000;\">S\u00e1nchez invit\u00f3 a la ciudadan\u00eda a consultar la aplicaci\u00f3n Senamhi Per\u00fa para estar al tanto de las variaciones de la temperatura y de la radiaci\u00f3n solar.<\/span><\/p>\n<p><span style=\"color: #000000;\">El titular del Senamhi dio esta informaci\u00f3n en la conferencia de prensa que se desarroll\u00f3 en el Centro de Operaciones de Emergencia Nacional, donde tambi\u00e9n participaron el secretario t\u00e9cnico del Enfen, Luis Pizarro, y el titular del Instituto Nacional de Defensa Civil, Luis V\u00e1squez.<\/span><\/p>\n","protected":false},"excerpt":{"rendered":"<p>Tambi\u00e9n se prev\u00e9 altas temperaturas en la costa norte y central durante feriado largo Lima, 2 de abril 2026 (ANDINA).- El jefe del Servicio Nacional de Meteorolog\u00eda e Hidrograf\u00eda (Senamhi), Edgar S\u00e1nchez, se\u00f1al\u00f3 que la entidad a su cargo prev\u00e9 que durante el fin de semana largo se registren altas temperaturas en la costa y [&hellip;]<\/p>\n","protected":false},"author":1,"featured_media":148051,"comment_status":"closed","ping_status":"closed","sticky":false,"template":"","format":"standard","meta":{"rop_custom_images_group":[],"rop_custom_messages_group":[],"rop_publish_now":"initial","rop_publish_now_accounts":[],"rop_publish_now_history":[],"rop_publish_now_status":"pending","footnotes":""},"categories":[10],"tags":[],"class_list":["post-148050","post","type-post","status-publish","format-standard","has-post-thumbnail","hentry","category-actualidad-municipal"],"_links":{"self":[{"href":"https:\/\/elinformanteperu.com\/index.php\/wp-json\/wp\/v2\/posts\/148050","targetHints":{"allow":["GET"]}}],"collection":[{"href":"https:\/\/elinformanteperu.com\/index.php\/wp-json\/wp\/v2\/posts"}],"about":[{"href":"https:\/\/elinformanteperu.com\/index.php\/wp-json\/wp\/v2\/types\/post"}],"author":[{"embeddable":true,"href":"https:\/\/elinformanteperu.com\/index.php\/wp-json\/wp\/v2\/users\/1"}],"replies":[{"embeddable":true,"href":"https:\/\/elinformanteperu.com\/index.php\/wp-json\/wp\/v2\/comments?post=148050"}],"version-history":[{"count":1,"href":"https:\/\/elinformanteperu.com\/index.php\/wp-json\/wp\/v2\/posts\/148050\/revisions"}],"predecessor-version":[{"id":148052,"href":"https:\/\/elinformanteperu.com\/index.php\/wp-json\/wp\/v2\/posts\/148050\/revisions\/148052"}],"wp:featuredmedia":[{"embeddable":true,"href":"https:\/\/elinformanteperu.com\/index.php\/wp-json\/wp\/v2\/media\/148051"}],"wp:attachment":[{"href":"https:\/\/elinformanteperu.com\/index.php\/wp-json\/wp\/v2\/media?parent=148050"}],"wp:term":[{"taxonomy":"category","embeddable":true,"href":"https:\/\/elinformanteperu.com\/index.php\/wp-json\/wp\/v2\/categories?post=148050"},{"taxonomy":"post_tag","embeddable":true,"href":"https:\/\/elinformanteperu.com\/index.php\/wp-json\/wp\/v2\/tags?post=148050"}],"curies":[{"name":"wp","href":"https:\/\/api.w.org\/{rel}","templated":true}]}}