{"id":148045,"date":"2026-04-02T13:06:59","date_gmt":"2026-04-02T18:06:59","guid":{"rendered":"https:\/\/elinformanteperu.com\/?p=148045"},"modified":"2026-04-02T13:06:59","modified_gmt":"2026-04-02T18:06:59","slug":"estado-de-emergencia-fuerzas-armadas-intensificaran-control-en-la-libertad-y-loreto","status":"publish","type":"post","link":"https:\/\/elinformanteperu.com\/index.php\/2026\/04\/02\/estado-de-emergencia-fuerzas-armadas-intensificaran-control-en-la-libertad-y-loreto\/","title":{"rendered":"Estado de emergencia: Fuerzas Armadas intensificar\u00e1n control en La Libertad y Loreto"},"content":{"rendered":"<p><strong><span style=\"color: #000000;\">Acciones se desarrollar\u00e1n por 60 d\u00edas en Pataz y Putumayo para garantizar el orden interno<\/span><\/strong><\/p>\n<p><span style=\"color: #000000;\"><strong>Lima, 2 de abril 2026 (ANDINA).-<\/strong> El sector Defensa inform\u00f3 que las Fuerzas Armadas intensificar\u00e1n las operaciones militares en zonas declaradas en estado de emergencia, tras la declaratoria del estado de emergencia por 60 d\u00edas en la provincia de Pataz, en La Libertad, y en la provincia de Putumayo, en Loreto.<\/span><\/p>\n<p><span style=\"color: #000000;\">Indic\u00f3 que las Fuerzas Armadas realizar\u00e1n operaciones de combate para salvaguardar la integridad de la ciudadan\u00eda y garantizar el orden interno en zonas cr\u00edticas del pa\u00eds,<\/span><\/p>\n<p><span style=\"color: #000000;\">Las acciones se ejecutar\u00e1n por 60 d\u00edas en la provincia de Pataz, en La Libertad, y en la provincia de Putumayo, en Loreto, tras la aprobaci\u00f3n de los Decretos Supremos N.\u00ba 049-2026-PCM y N.\u00ba 050-2026-PCM.<\/span><\/p>\n<p><span style=\"color: #000000;\">Seg\u00fan el sector, estas medidas permitir\u00e1n reforzar el control territorial y continuar golpeando las estructuras log\u00edsticas de las mafias que operan en dichas jurisdicciones.<\/span><\/p>\n<p><a href=\"https:\/\/elinformanteperu.com\/wp-content\/uploads\/2026\/04\/fuerzas-armadas2.webp\"><img fetchpriority=\"high\" decoding=\"async\" class=\"size-large wp-image-148047 aligncenter\" src=\"https:\/\/elinformanteperu.com\/wp-content\/uploads\/2026\/04\/fuerzas-armadas2-1024x683.webp\" alt=\"\" width=\"615\" height=\"410\" srcset=\"https:\/\/elinformanteperu.com\/wp-content\/uploads\/2026\/04\/fuerzas-armadas2-1024x683.webp 1024w, https:\/\/elinformanteperu.com\/wp-content\/uploads\/2026\/04\/fuerzas-armadas2-300x200.webp 300w, https:\/\/elinformanteperu.com\/wp-content\/uploads\/2026\/04\/fuerzas-armadas2-768x512.webp 768w, https:\/\/elinformanteperu.com\/wp-content\/uploads\/2026\/04\/fuerzas-armadas2-1536x1024.webp 1536w, https:\/\/elinformanteperu.com\/wp-content\/uploads\/2026\/04\/fuerzas-armadas2.webp 1800w\" sizes=\"(max-width: 615px) 100vw, 615px\" \/><\/a><strong><span style=\"color: #000000;\">La Libertad<\/span><\/strong><\/p>\n<p><span style=\"color: #000000;\">En la provincia de Pataz, el control del orden interno contin\u00faa a cargo de las Fuerzas Armadas, con el apoyo de la Polic\u00eda Nacional del Per\u00fa.<\/span><\/p>\n<p><span style=\"color: #000000;\">Esta medida responde a la persistencia de actividades vinculadas a la miner\u00eda ilegal, atentados contra infraestructura energ\u00e9tica y la presencia de organizaciones criminales que afectan la paz social en la zona.<\/span><\/p>\n<p><span style=\"color: #000000;\">En tanto, en la provincia de Putumayo, la Polic\u00eda Nacional del Per\u00fa mantiene el control del orden interno con apoyo de las Fuerzas Armadas, en el marco de la pr\u00f3rroga del estado de emergencia.<\/span><\/p>\n<p><span style=\"color: #000000;\">La prioridad en esta regi\u00f3n es la lucha frontal contra el narcotr\u00e1fico, la miner\u00eda ilegal y la protecci\u00f3n de la soberan\u00eda nacional, ante la posible incursi\u00f3n de grupos armados extranjeros.<\/span><\/p>\n<p><span style=\"color: #000000;\">El sector Defensa reafirm\u00f3 que continuar\u00e1 con el despliegue estrat\u00e9gico en los puntos m\u00e1s complejos del territorio, trabajando por la paz y la seguridad necesaria para el desarrollo nacional.<\/span><\/p>\n<p><a href=\"https:\/\/elinformanteperu.com\/wp-content\/uploads\/2026\/04\/fuerzas-armadas3.webp\"><img decoding=\"async\" class=\"size-full wp-image-148048 aligncenter\" src=\"https:\/\/elinformanteperu.com\/wp-content\/uploads\/2026\/04\/fuerzas-armadas3.webp\" alt=\"\" width=\"500\" height=\"333\" srcset=\"https:\/\/elinformanteperu.com\/wp-content\/uploads\/2026\/04\/fuerzas-armadas3.webp 500w, https:\/\/elinformanteperu.com\/wp-content\/uploads\/2026\/04\/fuerzas-armadas3-300x200.webp 300w\" sizes=\"(max-width: 500px) 100vw, 500px\" \/><\/a><\/p>\n","protected":false},"excerpt":{"rendered":"<p>Acciones se desarrollar\u00e1n por 60 d\u00edas en Pataz y Putumayo para garantizar el orden interno Lima, 2 de abril 2026 (ANDINA).- El sector Defensa inform\u00f3 que las Fuerzas Armadas intensificar\u00e1n las operaciones militares en zonas declaradas en estado de emergencia, tras la declaratoria del estado de emergencia por 60 d\u00edas en la provincia de Pataz, [&hellip;]<\/p>\n","protected":false},"author":1,"featured_media":148046,"comment_status":"closed","ping_status":"closed","sticky":false,"template":"","format":"standard","meta":{"rop_custom_images_group":[],"rop_custom_messages_group":[],"rop_publish_now":"initial","rop_publish_now_accounts":[],"rop_publish_now_history":[],"rop_publish_now_status":"pending","footnotes":""},"categories":[5],"tags":[2237,189,5374,1421,2317],"class_list":["post-148045","post","type-post","status-publish","format-standard","has-post-thumbnail","hentry","category-actualidad-informativa","tag-fuerzas-armadas","tag-pcm","tag-peru-estado-de-emergencia","tag-poder-ejecutivo","tag-presidencia-del-consejo-de-ministros"],"_links":{"self":[{"href":"https:\/\/elinformanteperu.com\/index.php\/wp-json\/wp\/v2\/posts\/148045","targetHints":{"allow":["GET"]}}],"collection":[{"href":"https:\/\/elinformanteperu.com\/index.php\/wp-json\/wp\/v2\/posts"}],"about":[{"href":"https:\/\/elinformanteperu.com\/index.php\/wp-json\/wp\/v2\/types\/post"}],"author":[{"embeddable":true,"href":"https:\/\/elinformanteperu.com\/index.php\/wp-json\/wp\/v2\/users\/1"}],"replies":[{"embeddable":true,"href":"https:\/\/elinformanteperu.com\/index.php\/wp-json\/wp\/v2\/comments?post=148045"}],"version-history":[{"count":1,"href":"https:\/\/elinformanteperu.com\/index.php\/wp-json\/wp\/v2\/posts\/148045\/revisions"}],"predecessor-version":[{"id":148049,"href":"https:\/\/elinformanteperu.com\/index.php\/wp-json\/wp\/v2\/posts\/148045\/revisions\/148049"}],"wp:featuredmedia":[{"embeddable":true,"href":"https:\/\/elinformanteperu.com\/index.php\/wp-json\/wp\/v2\/media\/148046"}],"wp:attachment":[{"href":"https:\/\/elinformanteperu.com\/index.php\/wp-json\/wp\/v2\/media?parent=148045"}],"wp:term":[{"taxonomy":"category","embeddable":true,"href":"https:\/\/elinformanteperu.com\/index.php\/wp-json\/wp\/v2\/categories?post=148045"},{"taxonomy":"post_tag","embeddable":true,"href":"https:\/\/elinformanteperu.com\/index.php\/wp-json\/wp\/v2\/tags?post=148045"}],"curies":[{"name":"wp","href":"https:\/\/api.w.org\/{rel}","templated":true}]}}