{"id":148019,"date":"2026-04-02T12:21:37","date_gmt":"2026-04-02T17:21:37","guid":{"rendered":"https:\/\/elinformanteperu.com\/?p=148019"},"modified":"2026-04-02T12:21:37","modified_gmt":"2026-04-02T17:21:37","slug":"elecciones-2026-onpe-capacita-a-mas-de-mil-personeros-de-organizaciones-politicas","status":"publish","type":"post","link":"https:\/\/elinformanteperu.com\/index.php\/2026\/04\/02\/elecciones-2026-onpe-capacita-a-mas-de-mil-personeros-de-organizaciones-politicas\/","title":{"rendered":"Elecciones 2026: ONPE capacita a m\u00e1s de mil personeros de organizaciones pol\u00edticas"},"content":{"rendered":"<p><strong><span style=\"color: #000000;\">Renovaci\u00f3n Popular lidera con 524 personeros capacitados a nivel nacional<\/span><\/strong><\/p>\n<p><span style=\"color: #000000;\"><strong>Lima, 1 de abril 2026 (ANDINA).-<\/strong> La Oficina Nacional de Procesos Electorales (ONPE) report\u00f3, por primera vez, una participaci\u00f3n masiva de m\u00e1s de mil personeros capacitados para las elecciones generales 2026, y destac\u00f3 la confianza de los partidos pol\u00edticos en el proceso y en la informaci\u00f3n brindada por la entidad electoral.<\/span><\/p>\n<p><span style=\"color: #000000;\">Durante una sesi\u00f3n informativa organizada por la ONPE, con apoyo del Programa de las Naciones Unidas para el Desarrollo (PNUD) y la Uni\u00f3n Europea, el gerente de Organizaci\u00f3n Electoral y Coordinaci\u00f3n Regional, Ricardo Saavedra, resalt\u00f3 la alta participaci\u00f3n de los partidos pol\u00edticos a trav\u00e9s de sus personeros.<\/span><\/p>\n<p><span style=\"color: #000000;\">Se\u00f1al\u00f3 que se ha observado una predisposici\u00f3n y \u00e1nimo de capacitarse, tanto presencial como virtualmente, lo cual evidencia el inter\u00e9s de las organizaciones pol\u00edticas en el proceso electoral. Adem\u00e1s, indic\u00f3 que esta afluencia \u201cnos est\u00e1 dando cuenta de la confianza que tienen los partidos pol\u00edticos sobre la informaci\u00f3n que brinda la ONPE\u201d.<\/span><\/p>\n<p><strong><span style=\"color: #000000;\">Personeros capacitados<\/span><\/strong><\/p>\n<p><span style=\"color: #000000;\">De acuerdo con cifras al 31 de marzo del 2026, se han capacitado m\u00e1s de mil personeros, siendo los partidos con mayor n\u00famero:<\/span><\/p>\n<p><span style=\"color: #000000;\"><strong>&#8211; Renovaci\u00f3n Popular:<\/strong> 524 personeros capacitados<\/span><br \/>\n<span style=\"color: #000000;\"><strong>&#8211; Partido Somos Per\u00fa:<\/strong> 418 personeros capacitados<\/span><br \/>\n<span style=\"color: #000000;\"><strong>&#8211; Ahora Naci\u00f3n:<\/strong> 178 personeros capacitados<\/span><br \/>\n<span style=\"color: #000000;\"><strong>&#8211; Alianza para el Progreso:<\/strong> 118 personeros capacitados<\/span><br \/>\n<span style=\"color: #000000;\"><strong>&#8211; Fuerza Popular:<\/strong> 85 personeros capacitados<\/span><br \/>\n<span style=\"color: #000000;\"><strong>&#8211; Frente Popular Agr\u00edcola del Per\u00fa:<\/strong> 39 personeros capacitados<\/span><br \/>\n<span style=\"color: #000000;\"><strong>&#8211; Partido Pa\u00eds para Todos:<\/strong> 39 personeros capacitados<\/span><br \/>\n<span style=\"color: #000000;\"><strong>&#8211; Partido Aprista Peruano:<\/strong> 26 personeros capacitados<\/span><br \/>\n<span style=\"color: #000000;\"><strong>&#8211; Partido Per\u00fa Primero:<\/strong> 23 personeros capacitados<\/span><br \/>\n<span style=\"color: #000000;\"><strong>&#8211; Podemos Per\u00fa:<\/strong> 20 personeros capacitados<\/span><\/p>\n<p><strong><span style=\"color: #000000;\">Sala de personeros<\/span><\/strong><\/p>\n<p><span style=\"color: #000000;\">Por otro lado, Saavedra detall\u00f3 la implementaci\u00f3n de la denominada sala de personeros. Indic\u00f3 que \u201ces un ambiente que se instala y se implementa en la sede central de la ONPE (&#8230;). Ah\u00ed, hay un espacio que se llama la sala multiprop\u00f3sito donde los personeros pueden asistir\u201d.<\/span><\/p>\n<p><span style=\"color: #000000;\">Explic\u00f3 que en este espacio los personeros podr\u00e1n hacer seguimiento al proceso electoral, ya que pueden ver, a trav\u00e9s de estaciones implementadas para cada uno de ellos, c\u00f3mo va el avance del procesamiento y el c\u00f3mputo de los resultados.<\/span><\/p>\n<p><span style=\"color: #000000;\">Finalmente, la ONPE agradeci\u00f3 la confianza de los partidos pol\u00edticos en el proceso de capacitaci\u00f3n con miras a los comicios del 12 de abril.<\/span><\/p>\n","protected":false},"excerpt":{"rendered":"<p>Renovaci\u00f3n Popular lidera con 524 personeros capacitados a nivel nacional Lima, 1 de abril 2026 (ANDINA).- La Oficina Nacional de Procesos Electorales (ONPE) report\u00f3, por primera vez, una participaci\u00f3n masiva de m\u00e1s de mil personeros capacitados para las elecciones generales 2026, y destac\u00f3 la confianza de los partidos pol\u00edticos en el proceso y en la [&hellip;]<\/p>\n","protected":false},"author":1,"featured_media":148020,"comment_status":"closed","ping_status":"closed","sticky":false,"template":"","format":"standard","meta":{"rop_custom_images_group":[],"rop_custom_messages_group":[],"rop_publish_now":"initial","rop_publish_now_accounts":[],"rop_publish_now_history":[],"rop_publish_now_status":"pending","footnotes":""},"categories":[5],"tags":[7561,150],"class_list":["post-148019","post","type-post","status-publish","format-standard","has-post-thumbnail","hentry","category-actualidad-informativa","tag-elecciones-2026","tag-onpe"],"_links":{"self":[{"href":"https:\/\/elinformanteperu.com\/index.php\/wp-json\/wp\/v2\/posts\/148019","targetHints":{"allow":["GET"]}}],"collection":[{"href":"https:\/\/elinformanteperu.com\/index.php\/wp-json\/wp\/v2\/posts"}],"about":[{"href":"https:\/\/elinformanteperu.com\/index.php\/wp-json\/wp\/v2\/types\/post"}],"author":[{"embeddable":true,"href":"https:\/\/elinformanteperu.com\/index.php\/wp-json\/wp\/v2\/users\/1"}],"replies":[{"embeddable":true,"href":"https:\/\/elinformanteperu.com\/index.php\/wp-json\/wp\/v2\/comments?post=148019"}],"version-history":[{"count":1,"href":"https:\/\/elinformanteperu.com\/index.php\/wp-json\/wp\/v2\/posts\/148019\/revisions"}],"predecessor-version":[{"id":148021,"href":"https:\/\/elinformanteperu.com\/index.php\/wp-json\/wp\/v2\/posts\/148019\/revisions\/148021"}],"wp:featuredmedia":[{"embeddable":true,"href":"https:\/\/elinformanteperu.com\/index.php\/wp-json\/wp\/v2\/media\/148020"}],"wp:attachment":[{"href":"https:\/\/elinformanteperu.com\/index.php\/wp-json\/wp\/v2\/media?parent=148019"}],"wp:term":[{"taxonomy":"category","embeddable":true,"href":"https:\/\/elinformanteperu.com\/index.php\/wp-json\/wp\/v2\/categories?post=148019"},{"taxonomy":"post_tag","embeddable":true,"href":"https:\/\/elinformanteperu.com\/index.php\/wp-json\/wp\/v2\/tags?post=148019"}],"curies":[{"name":"wp","href":"https:\/\/api.w.org\/{rel}","templated":true}]}}