{"id":148016,"date":"2026-04-02T12:16:23","date_gmt":"2026-04-02T17:16:23","guid":{"rendered":"https:\/\/elinformanteperu.com\/?p=148016"},"modified":"2026-04-02T12:16:23","modified_gmt":"2026-04-02T17:16:23","slug":"presidenta-del-pj-investigaciones-sobre-hechos-ilicitos-no-quedaran-impunes","status":"publish","type":"post","link":"https:\/\/elinformanteperu.com\/index.php\/2026\/04\/02\/presidenta-del-pj-investigaciones-sobre-hechos-ilicitos-no-quedaran-impunes\/","title":{"rendered":"Presidenta del PJ: investigaciones sobre hechos il\u00edcitos no quedar\u00e1n impunes"},"content":{"rendered":"<p><span style=\"color: #000000;\"><strong>Lima, 1 de abril 2026 (ANDINA).-<\/strong> La presidenta del Poder Judicial, Janet Tello Gilardi, expres\u00f3 el compromiso de las juezas y jueces del pa\u00eds para no dejar impunes los hechos il\u00edcitos que se juzgan en los tribunales de justicia, as\u00ed como el de adoptar decisiones judiciales observando siempre los derechos fundamentales de las personas.<\/span><\/p>\n<p><span style=\"color: #000000;\">As\u00ed lo sostuvo durante un homenaje al Se\u00f1or de la Sentencia, considerado el \u2018patrono de la justicia\u2019, que tributaron la Corte Superior de Ayacucho, el Colegio de Abogados de esta regi\u00f3n y la comunidad jur\u00eddica ayacuchana en general.<\/span><\/p>\n<p><span style=\"color: #000000;\">Tello Gilardi indic\u00f3 que el Se\u00f1or de la Sentencia es para las juezas y jueces la imagen de sacrificio, entrega y redenci\u00f3n para el bien de la comunidad en lo que significa el servicio de justicia con vocaci\u00f3n e integridad, poniendo a la persona humana en el centro de las decisiones judiciales.<\/span><\/p>\n<p><strong><span style=\"color: #000000;\">No a la impunidad<\/span><\/strong><\/p>\n<p><span style=\"color: #000000;\">En tal sentido, la magistrada pidi\u00f3 al \u2018patrono de la justicia\u2019 que proteja a las magistradas y magistrados que los colme de sabidur\u00eda para adoptar sus decisiones, observando siempre los derechos fundamentales de las personas.<\/span><\/p>\n<p><span style=\"color: #000000;\">\u201cM\u00e1s aun en contextos dif\u00edciles, como los que estamos atravesando en nuestro pa\u00eds, situaciones en las que se pretende incluso dejar de lado la investigaci\u00f3n de hechos, los que no los vamos dejar impunes\u201d, se\u00f1al\u00f3.<\/span><\/p>\n<p><span style=\"color: #000000;\">La Presidenta de Poder Judicial tambi\u00e9n refiri\u00f3 que el homenaje representa una renovaci\u00f3n del compromiso de la judicatura con los valores que sostienen a una sociedad justa y pac\u00edfica, el respeto, la responsabilidad, la verdad, la reconciliaci\u00f3n y la paz social.<\/span><\/p>\n<p><span style=\"color: #000000;\">En el homenaje tambi\u00e9n particip\u00f3 el titular de la Corte de Ayacucho, Orlando Becerra Su\u00e1rez, juezas y jueces de todas las instancias jurisdiccionales, as\u00ed como personal jurisdiccional y administrativo.<\/span><\/p>\n<p><span style=\"color: #000000;\">El magistrado se\u00f1al\u00f3 que este acto es la oportunidad para reafirmar el compromiso institucional con los principios de la imparcialidad, independencia, integridad y el respeto irrestricto a los derechos fundamentales.<\/span><\/p>\n<p><span style=\"color: #000000;\">Tello Gilardi y los integrantes del Consejo Ejecutivo del Poder Judicial, quienes cumplen una jornada de trabajo en Ayacucho, particip\u00f3 hoy en la tercera sesi\u00f3n descentralizada del \u00f3rgano de gobierno, realizado en esta regi\u00f3n.<\/span><\/p>\n<p><span style=\"color: #000000;\">Durante el referido encuentro adoptaron acuerdos que repercutir\u00e1n en beneficio de las y los usuarios del servicio de justicia, tanto a nivel de la regi\u00f3n ayacuchana como a nivel nacional.<\/span><\/p>\n<p><span style=\"color: #000000;\">Previamente, la titular del Poder Judicial tambi\u00e9n intervino en una sesi\u00f3n de Sala Plena Ampliada con la participaci\u00f3n de jueces y juezas superiores de este distrito judicial,<\/span><\/p>\n<p><span style=\"color: #000000;\">En esta reuni\u00f3n, los integrantes del CEPJ tomaron conocimiento de los avances en los diversos \u00e1mbitos de la gesti\u00f3n judicial, sus requerimientos y necesidades para cumplir con los objetivos propuestos.<\/span><\/p>\n<p><span style=\"color: #000000;\">A primeras horas de la ma\u00f1ana, la comitiva judicial particip\u00f3 en una misa en la iglesia de Santa Clara, la cual fue oficiada por monse\u00f1or Salvador Pi\u00f1eiro Garc\u00eda Calder\u00f3n.<\/span><\/p>\n<p><span style=\"color: #000000;\">Luego presidi\u00f3 el acto de izamiento del Pabell\u00f3n Nacional y de la Bandera del Poder Judicial en la Plaza Mayor de Ayacucho, donde, adem\u00e1s, recibi\u00f3 los honores del personal del Ej\u00e9rcito y Polic\u00eda Nacional.<\/span><\/p>\n<p><span style=\"color: #000000;\">Durante su visita a la ciudad ayacuchana, Tello Gilardi visit\u00f3 la celda donde estuvo cautiva la pr\u00f3cer de la independencia Mar\u00eda Parado de Bellido, ubicada en la actual Prefectura de Huamanga, a quien tambi\u00e9n le rindi\u00f3 un homenaje.<\/span><\/p>\n","protected":false},"excerpt":{"rendered":"<p>Lima, 1 de abril 2026 (ANDINA).- La presidenta del Poder Judicial, Janet Tello Gilardi, expres\u00f3 el compromiso de las juezas y jueces del pa\u00eds para no dejar impunes los hechos il\u00edcitos que se juzgan en los tribunales de justicia, as\u00ed como el de adoptar decisiones judiciales observando siempre los derechos fundamentales de las personas. As\u00ed [&hellip;]<\/p>\n","protected":false},"author":1,"featured_media":148017,"comment_status":"closed","ping_status":"closed","sticky":false,"template":"","format":"standard","meta":{"rop_custom_images_group":[],"rop_custom_messages_group":[],"rop_publish_now":"initial","rop_publish_now_accounts":[],"rop_publish_now_history":[],"rop_publish_now_status":"pending","footnotes":""},"categories":[5],"tags":[8076,163],"class_list":["post-148016","post","type-post","status-publish","format-standard","has-post-thumbnail","hentry","category-actualidad-informativa","tag-janet-tello","tag-poder-judicial"],"_links":{"self":[{"href":"https:\/\/elinformanteperu.com\/index.php\/wp-json\/wp\/v2\/posts\/148016","targetHints":{"allow":["GET"]}}],"collection":[{"href":"https:\/\/elinformanteperu.com\/index.php\/wp-json\/wp\/v2\/posts"}],"about":[{"href":"https:\/\/elinformanteperu.com\/index.php\/wp-json\/wp\/v2\/types\/post"}],"author":[{"embeddable":true,"href":"https:\/\/elinformanteperu.com\/index.php\/wp-json\/wp\/v2\/users\/1"}],"replies":[{"embeddable":true,"href":"https:\/\/elinformanteperu.com\/index.php\/wp-json\/wp\/v2\/comments?post=148016"}],"version-history":[{"count":1,"href":"https:\/\/elinformanteperu.com\/index.php\/wp-json\/wp\/v2\/posts\/148016\/revisions"}],"predecessor-version":[{"id":148018,"href":"https:\/\/elinformanteperu.com\/index.php\/wp-json\/wp\/v2\/posts\/148016\/revisions\/148018"}],"wp:featuredmedia":[{"embeddable":true,"href":"https:\/\/elinformanteperu.com\/index.php\/wp-json\/wp\/v2\/media\/148017"}],"wp:attachment":[{"href":"https:\/\/elinformanteperu.com\/index.php\/wp-json\/wp\/v2\/media?parent=148016"}],"wp:term":[{"taxonomy":"category","embeddable":true,"href":"https:\/\/elinformanteperu.com\/index.php\/wp-json\/wp\/v2\/categories?post=148016"},{"taxonomy":"post_tag","embeddable":true,"href":"https:\/\/elinformanteperu.com\/index.php\/wp-json\/wp\/v2\/tags?post=148016"}],"curies":[{"name":"wp","href":"https:\/\/api.w.org\/{rel}","templated":true}]}}