{"id":148007,"date":"2026-04-02T12:08:34","date_gmt":"2026-04-02T17:08:34","guid":{"rendered":"https:\/\/elinformanteperu.com\/?p=148007"},"modified":"2026-04-02T12:08:34","modified_gmt":"2026-04-02T17:08:34","slug":"pj-declara-fundada-en-parte-demanda-de-habeas-corpus-a-favor-de-martin-vizcarra","status":"publish","type":"post","link":"https:\/\/elinformanteperu.com\/index.php\/2026\/04\/02\/pj-declara-fundada-en-parte-demanda-de-habeas-corpus-a-favor-de-martin-vizcarra\/","title":{"rendered":"PJ declara fundada en parte demanda de h\u00e1beas corpus a favor de Mart\u00edn Vizcarra"},"content":{"rendered":"<p><strong><span style=\"color: #000000;\">Juzgado ordena anular resoluci\u00f3n de Sala Penal y dispone emitir nuevo pronunciamiento<\/span><\/strong><\/p>\n<p><span style=\"color: #000000;\"><strong>Lima, 1 de abril 2026 (ANDINA).-<\/strong> El Sexto Juzgado Especializado en lo Constitucional de Lima declar\u00f3 fundada en parte la demanda de h\u00e1beas corpus presentada a favor del expresidente Mart\u00edn Alberto Vizcarra Cornejo, al determinar la vulneraci\u00f3n de sus derechos fundamentales vinculados a la libertad personal, la debida motivaci\u00f3n y el principio de legalidad.<\/span><\/p>\n<p><span style=\"color: #000000;\">De acuerdo con el fallo, se \u201cdeclara fundada en parte la demanda de h\u00e1beas corpus interpuesto a favor de Martin Alberto Vizcarra Cornejo contra el Poder Judicial por la vulneraci\u00f3n a su derecho a la libertad, debida motivaci\u00f3n y el principio de legalidad\u201d.<\/span><\/p>\n<p><span style=\"color: #000000;\">Asimismo, la decisi\u00f3n dispone que se \u201cdeclara nula la resoluci\u00f3n N\u00b008 de fecha 26 de enero del 2026, emitida por la Tercera Sala Penal de Apelaciones Nacional; en consecuencia, se ordena que la sala superior antes se\u00f1alada emita una nueva decisi\u00f3n\u201d, en el marco de sus competencias.<\/span><\/p>\n<p><span style=\"color: #000000;\">En relaci\u00f3n con los costos del proceso, el juzgado estableci\u00f3 que se \u201cimpone el pago de costos procesales a la parte vencida\u201d, conforme a lo previsto en el C\u00f3digo Procesal Constitucional.<\/span><\/p>\n<p><span style=\"color: #000000;\">Finalmente, la resoluci\u00f3n precisa que \u201cconsentida y\/o ejecutoriada sea la presente resoluci\u00f3n se archive definitivamente en su oportunidad\u201d, dando por concluido el proceso en la v\u00eda constitucional una vez cumplidos los procedimientos correspondientes.<\/span><\/p>\n<p><a href=\"https:\/\/elinformanteperu.com\/wp-content\/uploads\/2025\/07\/martin-vizcarra5.jpg\"><img fetchpriority=\"high\" decoding=\"async\" class=\"size-large wp-image-139682 aligncenter\" src=\"https:\/\/elinformanteperu.com\/wp-content\/uploads\/2025\/07\/martin-vizcarra5-1024x683.jpg\" alt=\"\" width=\"615\" height=\"410\" srcset=\"https:\/\/elinformanteperu.com\/wp-content\/uploads\/2025\/07\/martin-vizcarra5-1024x683.jpg 1024w, https:\/\/elinformanteperu.com\/wp-content\/uploads\/2025\/07\/martin-vizcarra5-300x200.jpg 300w, https:\/\/elinformanteperu.com\/wp-content\/uploads\/2025\/07\/martin-vizcarra5-768x512.jpg 768w, https:\/\/elinformanteperu.com\/wp-content\/uploads\/2025\/07\/martin-vizcarra5-1536x1024.jpg 1536w, https:\/\/elinformanteperu.com\/wp-content\/uploads\/2025\/07\/martin-vizcarra5.jpg 1800w\" sizes=\"(max-width: 615px) 100vw, 615px\" \/><\/a><\/p>\n","protected":false},"excerpt":{"rendered":"<p>Juzgado ordena anular resoluci\u00f3n de Sala Penal y dispone emitir nuevo pronunciamiento Lima, 1 de abril 2026 (ANDINA).- El Sexto Juzgado Especializado en lo Constitucional de Lima declar\u00f3 fundada en parte la demanda de h\u00e1beas corpus presentada a favor del expresidente Mart\u00edn Alberto Vizcarra Cornejo, al determinar la vulneraci\u00f3n de sus derechos fundamentales vinculados a [&hellip;]<\/p>\n","protected":false},"author":1,"featured_media":148008,"comment_status":"closed","ping_status":"closed","sticky":false,"template":"","format":"standard","meta":{"rop_custom_images_group":[],"rop_custom_messages_group":[],"rop_publish_now":"initial","rop_publish_now_accounts":[],"rop_publish_now_history":[],"rop_publish_now_status":"pending","footnotes":""},"categories":[5],"tags":[289,163],"class_list":["post-148007","post","type-post","status-publish","format-standard","has-post-thumbnail","hentry","category-actualidad-informativa","tag-martin-vizcarra","tag-poder-judicial"],"_links":{"self":[{"href":"https:\/\/elinformanteperu.com\/index.php\/wp-json\/wp\/v2\/posts\/148007","targetHints":{"allow":["GET"]}}],"collection":[{"href":"https:\/\/elinformanteperu.com\/index.php\/wp-json\/wp\/v2\/posts"}],"about":[{"href":"https:\/\/elinformanteperu.com\/index.php\/wp-json\/wp\/v2\/types\/post"}],"author":[{"embeddable":true,"href":"https:\/\/elinformanteperu.com\/index.php\/wp-json\/wp\/v2\/users\/1"}],"replies":[{"embeddable":true,"href":"https:\/\/elinformanteperu.com\/index.php\/wp-json\/wp\/v2\/comments?post=148007"}],"version-history":[{"count":1,"href":"https:\/\/elinformanteperu.com\/index.php\/wp-json\/wp\/v2\/posts\/148007\/revisions"}],"predecessor-version":[{"id":148009,"href":"https:\/\/elinformanteperu.com\/index.php\/wp-json\/wp\/v2\/posts\/148007\/revisions\/148009"}],"wp:featuredmedia":[{"embeddable":true,"href":"https:\/\/elinformanteperu.com\/index.php\/wp-json\/wp\/v2\/media\/148008"}],"wp:attachment":[{"href":"https:\/\/elinformanteperu.com\/index.php\/wp-json\/wp\/v2\/media?parent=148007"}],"wp:term":[{"taxonomy":"category","embeddable":true,"href":"https:\/\/elinformanteperu.com\/index.php\/wp-json\/wp\/v2\/categories?post=148007"},{"taxonomy":"post_tag","embeddable":true,"href":"https:\/\/elinformanteperu.com\/index.php\/wp-json\/wp\/v2\/tags?post=148007"}],"curies":[{"name":"wp","href":"https:\/\/api.w.org\/{rel}","templated":true}]}}