{"id":147994,"date":"2026-04-01T19:49:20","date_gmt":"2026-04-02T00:49:20","guid":{"rendered":"https:\/\/elinformanteperu.com\/?p=147994"},"modified":"2026-04-01T19:49:20","modified_gmt":"2026-04-02T00:49:20","slug":"copa-del-mundo-2026-el-fin-de-muchos-anos-de-ausencia-para-varias-selecciones","status":"publish","type":"post","link":"https:\/\/elinformanteperu.com\/index.php\/2026\/04\/01\/copa-del-mundo-2026-el-fin-de-muchos-anos-de-ausencia-para-varias-selecciones\/","title":{"rendered":"Copa del Mundo 2026: El fin de muchos a\u00f1os de ausencia para varias selecciones"},"content":{"rendered":"<p><strong><span style=\"color: #000000;\">El Mundial del 2026 marcar\u00e1 el regreso de varias selecciones tras dec\u00e1das de ausencia.<\/span><\/strong><\/p>\n<p><span style=\"color: #000000;\"><strong>Lima, 1 de abril 2026 (ANDINA).-<\/strong> La Copa del Mundo 2026 ya conoce a sus 48 selecciones clasificadas para la pr\u00f3xima cita mundialista, una edici\u00f3n donde varios pa\u00edses marcar\u00e1n su regreso a un Mundial, habiendo dos que regresan tras m\u00e1s de medio siglo.<\/span><\/p>\n<p><span style=\"color: #000000;\">La cuenta regresiva para el inicio del Mundial de Centroam\u00e9rica 2026 comenz\u00f3, luego de que se conocieran a las 48 selecciones clasificadas. A solo 71 d\u00edas para la Copa del Mundo, la emoci\u00f3n ya se empieza a vivir en los diferentes pa\u00edses participantes, donde hay varios que har\u00e1n su regreso tras muchos a\u00f1os de ausencia.<\/span><\/p>\n<p><span style=\"color: #000000;\">Rep\u00fablica Democr\u00e1tica del Congo firm\u00f3 su regreso a un Mundial tras 52 a\u00f1os sin participar. El conjunto africano venci\u00f3 a Jamaica en la final del repechaje mundialista internacional por 1-0 y volver\u00e1 a una Copa del Mundo en el 2026.<\/span><\/p>\n<p><span style=\"color: #000000;\">La \u00faltima vez de RD Congo en un Mundial fue en Alemania 1974, cuando a\u00fan llevaba el nombre de Zaire. En aquella competici\u00f3n, la selecci\u00f3n africana qued\u00f3 eliminada en fase de grupos tras perder sus tres partidos, no marcar un solo gol y recibir 14 tantos en contra.<\/span><\/p>\n<p><span style=\"color: #000000;\">Al igual que RD Congo, Hait\u00ed regresar\u00e1 a una fiesta m\u00e1xima del f\u00fatbol luego de 52 a\u00f1os. El cuadro haitiano clasific\u00f3 de manera directa al Mundial tras quedar primero del Grupo C en las Eliminatorias de la Concacaf, con 11 puntos.<\/span><\/p>\n<p><span style=\"color: #000000;\">En Alemania 1974, Hait\u00ed corri\u00f3 con la misma suerte que RD Congo, ya que culminaron su participaci\u00f3n en fase de grupos al quedar \u00faltimos del Grupo 4 tras perder los tres partidos, y pudo anotar 2 goles.<\/span><\/p>\n<p><span style=\"color: #000000;\">Otra selecci\u00f3n que cort\u00f3 una larga sequ\u00eda fue el cuadro de Irak, pa\u00eds asi\u00e1tico que volver\u00e1 a una cita mundialista luego de 40 a\u00f1os de ausencia. El cuadro iraqu\u00ed consiui\u00f3 este logro luego de vencer a Bolivia en la final del repechaje internacional por 2-1.<\/span><\/p>\n<p><span style=\"color: #000000;\">Irak tuvo su \u00faltima participaci\u00f3n mundialista en M\u00e9xico 1986, edici\u00f3n donde se qued\u00f3 eliminado en fase de grupos tras hacer 0 puntos, en el grupo compartido con M\u00e9xico, Paraguay y B\u00e9lgica.<\/span><\/p>\n<p><span style=\"color: #000000;\">Ahora, hay tres selecciones que har\u00e1n su retorno a un Mundial luego de 28 a\u00f1os. Austria, Escocia y Noruega disputaron una Copa del Mundo por \u00faltima vez en Francia 1998, y ahora volver\u00e1n en la edici\u00f3n que se disputar\u00e1 en M\u00e9xico, Estados Unidos y Canad\u00e1.<\/span><\/p>\n<p><span style=\"color: #000000;\">De esa manera, figuras como Erling Haaland, Mart\u00edn Odegaard (Noruega), David Alaba, Marcel Sabitzer (Austria), Andrew Robertson y Scott McTominay (Escocia) ser\u00e1n parte de esta fiesta del f\u00fatbol.<\/span><\/p>\n<p><span style=\"color: #000000;\">De igual manera, hay pa\u00edses como\u00a0<strong>Turqu\u00eda (24 a\u00f1os) y Rep\u00fablica Checa (20 a\u00f1os)<\/strong>\u00a0que tambi\u00e9n ser\u00e1n parte de la pr\u00f3xima Copa del Mundo. Ambas selecciones vuelven a un Mundial tras m\u00e1s de dos d\u00e9cadas de ausencia.\u00a0<\/span><\/p>\n<p><a href=\"https:\/\/elinformanteperu.com\/wp-content\/uploads\/2025\/07\/copa-fifa4.jpg\"><img fetchpriority=\"high\" decoding=\"async\" class=\"size-large wp-image-140904 aligncenter\" src=\"https:\/\/elinformanteperu.com\/wp-content\/uploads\/2025\/07\/copa-fifa4-1024x682.jpg\" alt=\"\" width=\"615\" height=\"410\" srcset=\"https:\/\/elinformanteperu.com\/wp-content\/uploads\/2025\/07\/copa-fifa4-1024x682.jpg 1024w, https:\/\/elinformanteperu.com\/wp-content\/uploads\/2025\/07\/copa-fifa4-300x200.jpg 300w, https:\/\/elinformanteperu.com\/wp-content\/uploads\/2025\/07\/copa-fifa4-768x512.jpg 768w, https:\/\/elinformanteperu.com\/wp-content\/uploads\/2025\/07\/copa-fifa4-1536x1023.jpg 1536w, https:\/\/elinformanteperu.com\/wp-content\/uploads\/2025\/07\/copa-fifa4.jpg 1800w\" sizes=\"(max-width: 615px) 100vw, 615px\" \/><\/a><\/p>\n","protected":false},"excerpt":{"rendered":"<p>El Mundial del 2026 marcar\u00e1 el regreso de varias selecciones tras dec\u00e1das de ausencia. Lima, 1 de abril 2026 (ANDINA).- La Copa del Mundo 2026 ya conoce a sus 48 selecciones clasificadas para la pr\u00f3xima cita mundialista, una edici\u00f3n donde varios pa\u00edses marcar\u00e1n su regreso a un Mundial, habiendo dos que regresan tras m\u00e1s de [&hellip;]<\/p>\n","protected":false},"author":1,"featured_media":147995,"comment_status":"closed","ping_status":"closed","sticky":false,"template":"","format":"standard","meta":{"rop_custom_images_group":[],"rop_custom_messages_group":[],"rop_publish_now":"initial","rop_publish_now_accounts":[],"rop_publish_now_history":[],"rop_publish_now_status":"pending","footnotes":""},"categories":[8],"tags":[8508],"class_list":["post-147994","post","type-post","status-publish","format-standard","has-post-thumbnail","hentry","category-disciplinas-deportivas","tag-mundial-de-futbol-2026"],"_links":{"self":[{"href":"https:\/\/elinformanteperu.com\/index.php\/wp-json\/wp\/v2\/posts\/147994","targetHints":{"allow":["GET"]}}],"collection":[{"href":"https:\/\/elinformanteperu.com\/index.php\/wp-json\/wp\/v2\/posts"}],"about":[{"href":"https:\/\/elinformanteperu.com\/index.php\/wp-json\/wp\/v2\/types\/post"}],"author":[{"embeddable":true,"href":"https:\/\/elinformanteperu.com\/index.php\/wp-json\/wp\/v2\/users\/1"}],"replies":[{"embeddable":true,"href":"https:\/\/elinformanteperu.com\/index.php\/wp-json\/wp\/v2\/comments?post=147994"}],"version-history":[{"count":1,"href":"https:\/\/elinformanteperu.com\/index.php\/wp-json\/wp\/v2\/posts\/147994\/revisions"}],"predecessor-version":[{"id":147996,"href":"https:\/\/elinformanteperu.com\/index.php\/wp-json\/wp\/v2\/posts\/147994\/revisions\/147996"}],"wp:featuredmedia":[{"embeddable":true,"href":"https:\/\/elinformanteperu.com\/index.php\/wp-json\/wp\/v2\/media\/147995"}],"wp:attachment":[{"href":"https:\/\/elinformanteperu.com\/index.php\/wp-json\/wp\/v2\/media?parent=147994"}],"wp:term":[{"taxonomy":"category","embeddable":true,"href":"https:\/\/elinformanteperu.com\/index.php\/wp-json\/wp\/v2\/categories?post=147994"},{"taxonomy":"post_tag","embeddable":true,"href":"https:\/\/elinformanteperu.com\/index.php\/wp-json\/wp\/v2\/tags?post=147994"}],"curies":[{"name":"wp","href":"https:\/\/api.w.org\/{rel}","templated":true}]}}