{"id":147963,"date":"2026-04-01T19:07:49","date_gmt":"2026-04-02T00:07:49","guid":{"rendered":"https:\/\/elinformanteperu.com\/?p=147963"},"modified":"2026-04-01T19:07:49","modified_gmt":"2026-04-02T00:07:49","slug":"robert-lewandowski-tras-quedar-fuera-del-mundial-2026-hora-de-decir-adios","status":"publish","type":"post","link":"https:\/\/elinformanteperu.com\/index.php\/2026\/04\/01\/robert-lewandowski-tras-quedar-fuera-del-mundial-2026-hora-de-decir-adios\/","title":{"rendered":"Robert Lewandowski tras quedar fuera del Mundial 2026: \u2018hora de decir adi\u00f3s\u2019"},"content":{"rendered":"<p><strong><span style=\"color: #000000;\">El delantero de 37 a\u00f1os qued\u00f3 eliminado junto a la selecci\u00f3n de Polonia tras perder ante Suecia<\/span><\/strong><\/p>\n<p><span style=\"color: #000000;\"><strong>Varsovia, 31 de marzo 2026 (ANDINA).-<\/strong> Terminada la derrota por 3-2 contra Suecia, en la final de la repesca para el Mundial 2026, el delantero de la selecci\u00f3n de Polonia Robert Lewandowski, atacante del Barcelona, public\u00f3 una foto en su cuenta oficial en \u2018Instagram\u2019, al ritmo de la canci\u00f3n \u2018Time to say goodbye\u2019 (\u2018Hora de decir adi\u00f3s\u2019).<\/span><\/p>\n<p><span style=\"color: #000000;\">Sin texto, pero con mensaje, es la previsible despedida del futbolista del equipo nacional de su pa\u00eds a sus 37 a\u00f1os -cumplir\u00e1 38 en agosto-, con el que ha disputado 165 encuentros, incluidos 13 a lo largo de cuatro Eurocopas (2012, 2016, 2021 y 2024), y siete en dos Mundiales, en 2018 y 2022, aunque ahora se quedar\u00e1 fuera del tercero y \u00faltimo, al ser eliminado por Suecia este martes.<\/span><\/p>\n<p><span style=\"color: #000000;\">La selecci\u00f3n de Polonia espera la confirmaci\u00f3n del delantero. \u00abNo es momento para hablar de esas cosas justo despu\u00e9s del partido. Seguro que habr\u00e1 esa conversaci\u00f3n\u00bb, explic\u00f3 Jan Urban, su seleccionador, cuando fue preguntado por la continuidad o no de Lewandowski en la selecci\u00f3n del pa\u00eds.<\/span><\/p>\n<p><span style=\"color: #000000;\">\u00abQueremos saber la opini\u00f3n de Robert sobre si todav\u00eda quiere ayudar al equipo nacional o si tiene otros planes. Sin embargo, no por ahora, porque hay duelo y silencio en el vestuario. Y esto es algo normal\u00bb, a\u00f1adi\u00f3 en rueda de prensa, despu\u00e9s de la derrota por 3-2 con Suecia que aparta al equipo del Mundial 2026.<\/span><\/p>\n<blockquote class=\"twitter-tweet\">\n<p dir=\"ltr\" lang=\"es\">\u00bfEL FIN? Robert Lewandowski public\u00f3 esta foto en sus redes sociales, con la canci\u00f3n \u00abTime to Say Goodbye\u00bb (\u00abEs hora de decir adi\u00f3s\u00bb) \ud83c\udfb6<\/p>\n<p>\u274c A sus 37 a\u00f1os, no ir\u00e1 a la Copa del Mundo con Polonia <a href=\"https:\/\/t.co\/DHMI2D2efB\">pic.twitter.com\/DHMI2D2efB<\/a><\/p>\n<p>\u2014 SportsCenter (@SC_ESPN) <a href=\"https:\/\/twitter.com\/SC_ESPN\/status\/2039106782899978700?ref_src=twsrc%5Etfw\">March 31, 2026<\/a><\/p><\/blockquote>\n<p><script async src=\"https:\/\/platform.twitter.com\/widgets.js\" charset=\"utf-8\"><\/script><\/p>\n","protected":false},"excerpt":{"rendered":"<p>El delantero de 37 a\u00f1os qued\u00f3 eliminado junto a la selecci\u00f3n de Polonia tras perder ante Suecia Varsovia, 31 de marzo 2026 (ANDINA).- Terminada la derrota por 3-2 contra Suecia, en la final de la repesca para el Mundial 2026, el delantero de la selecci\u00f3n de Polonia Robert Lewandowski, atacante del Barcelona, public\u00f3 una foto [&hellip;]<\/p>\n","protected":false},"author":1,"featured_media":147964,"comment_status":"closed","ping_status":"closed","sticky":false,"template":"","format":"standard","meta":{"rop_custom_images_group":[],"rop_custom_messages_group":[],"rop_publish_now":"initial","rop_publish_now_accounts":[],"rop_publish_now_history":[],"rop_publish_now_status":"pending","footnotes":""},"categories":[8],"tags":[8508,3274,3919],"class_list":["post-147963","post","type-post","status-publish","format-standard","has-post-thumbnail","hentry","category-disciplinas-deportivas","tag-mundial-de-futbol-2026","tag-polonia","tag-robert-lewandowski"],"_links":{"self":[{"href":"https:\/\/elinformanteperu.com\/index.php\/wp-json\/wp\/v2\/posts\/147963","targetHints":{"allow":["GET"]}}],"collection":[{"href":"https:\/\/elinformanteperu.com\/index.php\/wp-json\/wp\/v2\/posts"}],"about":[{"href":"https:\/\/elinformanteperu.com\/index.php\/wp-json\/wp\/v2\/types\/post"}],"author":[{"embeddable":true,"href":"https:\/\/elinformanteperu.com\/index.php\/wp-json\/wp\/v2\/users\/1"}],"replies":[{"embeddable":true,"href":"https:\/\/elinformanteperu.com\/index.php\/wp-json\/wp\/v2\/comments?post=147963"}],"version-history":[{"count":1,"href":"https:\/\/elinformanteperu.com\/index.php\/wp-json\/wp\/v2\/posts\/147963\/revisions"}],"predecessor-version":[{"id":147965,"href":"https:\/\/elinformanteperu.com\/index.php\/wp-json\/wp\/v2\/posts\/147963\/revisions\/147965"}],"wp:featuredmedia":[{"embeddable":true,"href":"https:\/\/elinformanteperu.com\/index.php\/wp-json\/wp\/v2\/media\/147964"}],"wp:attachment":[{"href":"https:\/\/elinformanteperu.com\/index.php\/wp-json\/wp\/v2\/media?parent=147963"}],"wp:term":[{"taxonomy":"category","embeddable":true,"href":"https:\/\/elinformanteperu.com\/index.php\/wp-json\/wp\/v2\/categories?post=147963"},{"taxonomy":"post_tag","embeddable":true,"href":"https:\/\/elinformanteperu.com\/index.php\/wp-json\/wp\/v2\/tags?post=147963"}],"curies":[{"name":"wp","href":"https:\/\/api.w.org\/{rel}","templated":true}]}}