{"id":147960,"date":"2026-04-01T19:04:30","date_gmt":"2026-04-02T00:04:30","guid":{"rendered":"https:\/\/elinformanteperu.com\/?p=147960"},"modified":"2026-04-01T19:04:30","modified_gmt":"2026-04-02T00:04:30","slug":"italia-se-queda-fuera-del-mundial-como-en-2018-y-2022-bosnia-clasificada","status":"publish","type":"post","link":"https:\/\/elinformanteperu.com\/index.php\/2026\/04\/01\/italia-se-queda-fuera-del-mundial-como-en-2018-y-2022-bosnia-clasificada\/","title":{"rendered":"Italia se queda fuera del Mundial como en 2018 y 2022: Bosnia clasificada"},"content":{"rendered":"<p><strong><span style=\"color: #000000;\">Es la segunda vez que el conjunto bosnio jugar\u00e1 una Copa del Mundo luego del Brasil 2014<\/span><\/strong><\/p>\n<p><span style=\"color: #000000;\"><strong>Zenica, 31 de marzo 2026 (ANDINA).-<\/strong> Italia tendr\u00e1 que presenciar por televisi\u00f3n el Mundial de f\u00fatbol 2026 por tercera edici\u00f3n consecutiva tras su derrota en la final del repechaje europeo ante Bosnia (1-1, 4-1 en los penales), este martes en Zenica.<\/span><\/p>\n<p><span style=\"color: #000000;\">La Nazionale, tetracampeona del mundo, se adelant\u00f3 con un gol de Moise Kean (15&#8242;), pero los locales igualaron por el medio del delantero Haris Tabakovic (79&#8242;), antes de la expulsi\u00f3n del central azzurro Alessandro Bastoni en el minuto 41.<\/span><\/p>\n<p><span style=\"color: #000000;\">En la tanda fat\u00eddica, el arquero italiano Gianluigi Donnarumma no detuvo ninguno de los cuatro lanzamientos de los bosnios, que jugar\u00e1n el segundo Mundial de su historia.<\/span><\/p>\n<p><span style=\"color: #000000;\">La &#8216;Azzurra&#8217; no acude al Mundial desde 2014 y no supera una fase de grupos desde 2006. Ser\u00e1n, por tanto, al menos 16 a\u00f1os los que la tetracampeona del mundo no acuda a la gran cita. Los fallos de Pio Esposito y Cristante desde el punto de penalti condenaron la posibilidad de clasificaci\u00f3n.<\/span><\/p>\n<p><span style=\"color: #000000;\">Bosnia, cuya \u00fanica participaci\u00f3n en un Mundial data de 2014, viajar\u00e1 a Estados Unidos, M\u00e9xico y Canad\u00e1 encuadrada en el grupo B del Mundial junto a Canad\u00e1, Catar y Suiza.<\/span><\/p>\n<p><iframe title=\"AFUERA DEL MUNDIAL POR 3\u00b0 VEZ CONSECUTIVA: ITALIA CAY\u00d3 ANTE BOSNIA | Bosnia 1-1 Italia | RESUMEN\" width=\"615\" height=\"346\" src=\"https:\/\/www.youtube.com\/embed\/1UFkp2M_suw?feature=oembed\" frameborder=\"0\" allow=\"accelerometer; autoplay; clipboard-write; encrypted-media; gyroscope; picture-in-picture; web-share\" referrerpolicy=\"strict-origin-when-cross-origin\" allowfullscreen><\/iframe><\/p>\n<p>&nbsp;<\/p>\n","protected":false},"excerpt":{"rendered":"<p>Es la segunda vez que el conjunto bosnio jugar\u00e1 una Copa del Mundo luego del Brasil 2014 Zenica, 31 de marzo 2026 (ANDINA).- Italia tendr\u00e1 que presenciar por televisi\u00f3n el Mundial de f\u00fatbol 2026 por tercera edici\u00f3n consecutiva tras su derrota en la final del repechaje europeo ante Bosnia (1-1, 4-1 en los penales), este [&hellip;]<\/p>\n","protected":false},"author":1,"featured_media":147961,"comment_status":"closed","ping_status":"closed","sticky":false,"template":"","format":"standard","meta":{"rop_custom_images_group":[],"rop_custom_messages_group":[],"rop_publish_now":"initial","rop_publish_now_accounts":[],"rop_publish_now_history":[],"rop_publish_now_status":"pending","footnotes":""},"categories":[8],"tags":[],"class_list":["post-147960","post","type-post","status-publish","format-standard","has-post-thumbnail","hentry","category-disciplinas-deportivas"],"_links":{"self":[{"href":"https:\/\/elinformanteperu.com\/index.php\/wp-json\/wp\/v2\/posts\/147960","targetHints":{"allow":["GET"]}}],"collection":[{"href":"https:\/\/elinformanteperu.com\/index.php\/wp-json\/wp\/v2\/posts"}],"about":[{"href":"https:\/\/elinformanteperu.com\/index.php\/wp-json\/wp\/v2\/types\/post"}],"author":[{"embeddable":true,"href":"https:\/\/elinformanteperu.com\/index.php\/wp-json\/wp\/v2\/users\/1"}],"replies":[{"embeddable":true,"href":"https:\/\/elinformanteperu.com\/index.php\/wp-json\/wp\/v2\/comments?post=147960"}],"version-history":[{"count":1,"href":"https:\/\/elinformanteperu.com\/index.php\/wp-json\/wp\/v2\/posts\/147960\/revisions"}],"predecessor-version":[{"id":147962,"href":"https:\/\/elinformanteperu.com\/index.php\/wp-json\/wp\/v2\/posts\/147960\/revisions\/147962"}],"wp:featuredmedia":[{"embeddable":true,"href":"https:\/\/elinformanteperu.com\/index.php\/wp-json\/wp\/v2\/media\/147961"}],"wp:attachment":[{"href":"https:\/\/elinformanteperu.com\/index.php\/wp-json\/wp\/v2\/media?parent=147960"}],"wp:term":[{"taxonomy":"category","embeddable":true,"href":"https:\/\/elinformanteperu.com\/index.php\/wp-json\/wp\/v2\/categories?post=147960"},{"taxonomy":"post_tag","embeddable":true,"href":"https:\/\/elinformanteperu.com\/index.php\/wp-json\/wp\/v2\/tags?post=147960"}],"curies":[{"name":"wp","href":"https:\/\/api.w.org\/{rel}","templated":true}]}}