{"id":14794,"date":"2017-08-23T01:49:30","date_gmt":"2017-08-23T06:49:30","guid":{"rendered":"http:\/\/elinformanteperu.com\/?p=14794"},"modified":"2017-08-23T01:49:30","modified_gmt":"2017-08-23T06:49:30","slug":"evaluacion-a-maestros-no-es-negociable-ratifica-ministra-martens","status":"publish","type":"post","link":"https:\/\/elinformanteperu.com\/index.php\/2017\/08\/23\/evaluacion-a-maestros-no-es-negociable-ratifica-ministra-martens\/","title":{"rendered":"Evaluaci\u00f3n a maestros no es negociable, ratifica ministra Martens"},"content":{"rendered":"<p><strong><span style=\"color: #000000;\">La evaluaci\u00f3n a los maestros no es negociable, ratific\u00f3 la ministra de Educaci\u00f3n Maril\u00fa Martens, quien reiter\u00f3 que este proceso busca ser una herramienta para capacitar a los docentes.<\/span><\/strong><\/p>\n<p><span style=\"color: #000000;\"><strong>Lima, 22 Agosto 2017, (ANDINA).-<\/strong> La evaluaci\u00f3n a los maestros no es negociable, ratific\u00f3 la ministra de Educaci\u00f3n Maril\u00fa Martens, quien reiter\u00f3 que este proceso busca ser una herramienta para capacitar a los docentes y contribuir a mejorar la calidad de la educaci\u00f3n peruana.<\/span><\/p>\n<p><span style=\"color: #000000;\">\u201cLa evaluaci\u00f3n a los maestros no es negociable\u201d, manifest\u00f3 tras lamentar que los maestros no hayan aceptado levantar la huelga iniciada hace m\u00e1s de un mes en demanda de mejoras salariales y a pesar de los esfuerzos realizados por el gobierno.<\/span><\/p>\n<p><span style=\"color: #000000;\">Seg\u00fan dijo, luego de haber aceptado ayer firmar un acuerdo que terminar\u00eda con la medida de fuerza, los dirigentes sorpresivamente retrocedieron y decidieron mantener la huelga tras consultar con sus bases.<\/span><\/p>\n<p><span style=\"color: #000000;\">Al negar que la evaluaci\u00f3n tenga un car\u00e1cter punitivo o sea una herramienta para despedir, Martens explic\u00f3 que, si el maestro no pasa la primera y la segunda evaluaci\u00f3n, ser\u00e1 capacitado en las universidades sin que ello le cueste un solo sol, pues la inversi\u00f3n correr\u00e1 a cargo del Ministerio de Educaci\u00f3n.<\/span><\/p>\n<p><span style=\"color: #000000;\">\u201cPero en caso no pase una tercera evaluaci\u00f3n s\u00ed deber\u00e1 retirarse\u201d, ratific\u00f3 para luego subrayar que el norte principal de medidas como esta es asegurar que los ni\u00f1os peruanos reciban clases de los mejores docentes posibles.<\/span><\/p>\n<p><strong><span style=\"color: #000000;\">Pedido ilegal de Pedro Castillo<\/span><\/strong><\/p>\n<p><span style=\"color: #000000;\">Revel\u00f3 tambi\u00e9n que el dirigente Pedro Castillo, uno de los docentes que rechaza un acuerdo con el Ministerio de Educaci\u00f3n por el tema de las evaluaciones, buscaba que el gobierno emitiera una resoluci\u00f3n reconoci\u00e9ndolo como dirigente del magisterio e interlocutor oficial para negociar.<\/span><\/p>\n<p><span style=\"color: #000000;\">\u201cEso era ilegal y no pod\u00eda ser aceptado\u201d, coment\u00f3.<\/span><\/p>\n<p><span style=\"color: #000000;\">Asimismo, Martens enfatiz\u00f3 que no renunciar\u00e1 a su cargo, a pesar de las presiones que viene recibiendo de un sector de maestros.<\/span><\/p>\n<p><span style=\"color: #000000;\">\u201cNo voy a renunciar y menos en este momento que tengo tantas tareas que resolver, no soy una persona que deja las cosas a mitad de camino y menos si se trata de los ni\u00f1os del Per\u00fa con quienes tengo un gran compromiso\u201d, manifest\u00f3.<\/span><\/p>\n<p><span style=\"color: #000000;\">El di\u00e1logo entre el Ministerio de Educaci\u00f3n y los dirigentes de los docentes se rompi\u00f3 ayer justamente por la falta de acuerdo en el tema de las evaluaciones.<\/span><\/p>\n","protected":false},"excerpt":{"rendered":"<p>La evaluaci\u00f3n a los maestros no es negociable, ratific\u00f3 la ministra de Educaci\u00f3n Maril\u00fa Martens, quien reiter\u00f3 que este proceso busca ser una herramienta para capacitar a los docentes. Lima, 22 Agosto 2017, (ANDINA).- La evaluaci\u00f3n a los maestros no es negociable, ratific\u00f3 la ministra de Educaci\u00f3n Maril\u00fa Martens, quien reiter\u00f3 que este proceso busca [&hellip;]<\/p>\n","protected":false},"author":1,"featured_media":14795,"comment_status":"open","ping_status":"open","sticky":false,"template":"","format":"standard","meta":{"rop_custom_images_group":[],"rop_custom_messages_group":[],"rop_publish_now":"initial","rop_publish_now_accounts":[],"rop_publish_now_history":[],"rop_publish_now_status":"pending","footnotes":""},"categories":[5],"tags":[567,328],"class_list":["post-14794","post","type-post","status-publish","format-standard","has-post-thumbnail","hentry","category-actualidad-informativa","tag-marilu-martens","tag-ministerio-de-de-educacion"],"_links":{"self":[{"href":"https:\/\/elinformanteperu.com\/index.php\/wp-json\/wp\/v2\/posts\/14794","targetHints":{"allow":["GET"]}}],"collection":[{"href":"https:\/\/elinformanteperu.com\/index.php\/wp-json\/wp\/v2\/posts"}],"about":[{"href":"https:\/\/elinformanteperu.com\/index.php\/wp-json\/wp\/v2\/types\/post"}],"author":[{"embeddable":true,"href":"https:\/\/elinformanteperu.com\/index.php\/wp-json\/wp\/v2\/users\/1"}],"replies":[{"embeddable":true,"href":"https:\/\/elinformanteperu.com\/index.php\/wp-json\/wp\/v2\/comments?post=14794"}],"version-history":[{"count":1,"href":"https:\/\/elinformanteperu.com\/index.php\/wp-json\/wp\/v2\/posts\/14794\/revisions"}],"predecessor-version":[{"id":14796,"href":"https:\/\/elinformanteperu.com\/index.php\/wp-json\/wp\/v2\/posts\/14794\/revisions\/14796"}],"wp:featuredmedia":[{"embeddable":true,"href":"https:\/\/elinformanteperu.com\/index.php\/wp-json\/wp\/v2\/media\/14795"}],"wp:attachment":[{"href":"https:\/\/elinformanteperu.com\/index.php\/wp-json\/wp\/v2\/media?parent=14794"}],"wp:term":[{"taxonomy":"category","embeddable":true,"href":"https:\/\/elinformanteperu.com\/index.php\/wp-json\/wp\/v2\/categories?post=14794"},{"taxonomy":"post_tag","embeddable":true,"href":"https:\/\/elinformanteperu.com\/index.php\/wp-json\/wp\/v2\/tags?post=14794"}],"curies":[{"name":"wp","href":"https:\/\/api.w.org\/{rel}","templated":true}]}}