{"id":147919,"date":"2026-04-01T02:12:10","date_gmt":"2026-04-01T07:12:10","guid":{"rendered":"https:\/\/elinformanteperu.com\/?p=147919"},"modified":"2026-04-01T02:21:37","modified_gmt":"2026-04-01T07:21:37","slug":"yuyachicuy-vive-la-pascua-de-uripa-2026","status":"publish","type":"post","link":"https:\/\/elinformanteperu.com\/index.php\/2026\/04\/01\/yuyachicuy-vive-la-pascua-de-uripa-2026\/","title":{"rendered":"Yuyachicuy: vive la Pascua de Uripa 2026"},"content":{"rendered":"<p><span style=\"color: #000000;\"><strong>Lima, 31 de marzo 2026 (Por: Jeanette Garc\u00eda \/ El Informante Per\u00fa).-<\/strong> La Pascua de Uripa es una de las festividades m\u00e1s importantes de la regi\u00f3n Apur\u00edmac, que se celebrar\u00e1 en el distrito de Anco Huallo (provincia de Chincheros) del 5 al 10 de abril gracias a la gesti\u00f3n del Alcalde, Miguel Huacre Mendez, alcalde de la municipalidad distrital de Anco Huallo Uripa, ubicada en la provincia de Chincheros, regi\u00f3n de Apur\u00edmac; e instituciones Culturales de la provincia de Chincheros y Uripa.<\/span><\/p>\n<p><span style=\"color: #000000;\">Esta celebraci\u00f3n ha sido declarada Patrimonio Cultural de la Naci\u00f3n por representar la identidad y tradiciones ancestrales \u00fanicas a nivel nacional.<\/span><\/p>\n<p><span style=\"color: #000000;\">La Pascua de Uripa es una celebraci\u00f3n que combina la fe cristiana con danzas folcl\u00f3ricas, m\u00fasica y ferias gastron\u00f3micas. <\/span><span style=\"color: #000000;\">Durante estos d\u00edas Los pobladores y visitantes se re\u00fanen para celebrar la resurrecci\u00f3n de Cristo con pasacalles coloridos, concursos de danzas y orquestas en vivo.<\/span><\/p>\n<p><a href=\"https:\/\/elinformanteperu.com\/wp-content\/uploads\/2026\/04\/pascua-de-uripa-programa.jpg\"><img fetchpriority=\"high\" decoding=\"async\" class=\"wp-image-147921 aligncenter\" src=\"https:\/\/elinformanteperu.com\/wp-content\/uploads\/2026\/04\/pascua-de-uripa-programa.jpg\" alt=\"\" width=\"510\" height=\"630\" srcset=\"https:\/\/elinformanteperu.com\/wp-content\/uploads\/2026\/04\/pascua-de-uripa-programa.jpg 720w, https:\/\/elinformanteperu.com\/wp-content\/uploads\/2026\/04\/pascua-de-uripa-programa-243x300.jpg 243w\" sizes=\"(max-width: 510px) 100vw, 510px\" \/><\/a><span style=\"color: #000000;\">La fiesta suele seguir un cronograma tradicional que incluye:<\/span><\/p>\n<p><span style=\"color: #000000;\"><strong>&#8211; Vigilia Pascual:<\/strong> Se realiza en la iglesia San Pedro con la bendici\u00f3n del fuego.<\/span><\/p>\n<p><span style=\"color: #000000;\"><strong>&#8211; Domingo de Resurrecci\u00f3n:<\/strong> Inicio oficial de la fiesta en la plaza principal con el izamiento de banderas, seguido de un gran recorrido desde Chalwani hasta la Plaza de Armas de Ancco Huallo.<\/span><\/p>\n<p><span style=\"color: #000000;\"><strong>&#8211; Participaci\u00f3n de diversas agrupaciones culturales y comparsas,<\/strong> como la reconocida Pascua Sumaq Tusuy de Uripa, que compiten por premios en la plaza.<\/span><\/p>\n<p><span style=\"color: #000000;\"><strong>&#8211; Feria Gastron\u00f3mica:<\/strong> El lunes de Pascua se instalan ferias con platillos y bebidas t\u00edpicas como la chicha de jora.<\/span><\/p>\n<p><span style=\"color: #000000;\">La Pascua de Uripa, fue declarada Patrimonio Cultural de la Naci\u00f3n en diciembre de 2018 por el Ministerio de Cultura con el objetivo de preservar su valor inmaterial y promover su salvaguarda.<\/span><\/p>\n<p><span style=\"color: #000000;\">La festividad atrae a muchos visitantes y es una muestra de la rica cultura andina. Siendo una celebraci\u00f3n \u00fanica que muestra el sincretismo andino entre la resurrecci\u00f3n de Jes\u00fas con los ritos de fertilidad de la tierra,la cosecha de ma\u00edz,y el fin de la temporada de lluvias en la regi\u00f3n.<\/span><\/p>\n<p><a href=\"https:\/\/elinformanteperu.com\/wp-content\/uploads\/2026\/04\/pascua-de-uripa1.jpg\"><img decoding=\"async\" class=\"wp-image-147922 aligncenter\" src=\"https:\/\/elinformanteperu.com\/wp-content\/uploads\/2026\/04\/pascua-de-uripa1.jpg\" alt=\"\" width=\"516\" height=\"725\" srcset=\"https:\/\/elinformanteperu.com\/wp-content\/uploads\/2026\/04\/pascua-de-uripa1.jpg 683w, https:\/\/elinformanteperu.com\/wp-content\/uploads\/2026\/04\/pascua-de-uripa1-213x300.jpg 213w\" sizes=\"(max-width: 516px) 100vw, 516px\" \/><\/a><strong><span style=\"color: #000000;\">Los Yuki \u00ablos gigantes de Uripa\u00bb<\/span><\/strong><\/p>\n<p><span style=\"color: #000000;\">Los hermanos conocidos como los \u00abYuki\u00bb de Uripa, en Apur\u00edmac, son Yuki y Jordan Lizarme Pillaca. Son reconocidos por su baja estatura, midiendo aproximadamente entre 84 y 86 centimetros, se han hecho conocidos en la regi\u00f3n por sus talentos y su participaci\u00f3n en la danza.<\/span><\/p>\n<p><span style=\"color: #000000;\">Son tambi\u00e9n considerados los personajes emblem\u00e1ticos de la Pascua de Uripa, y a nivel internacional como los hermanos danzantes m\u00e1s peque\u00f1os del mundo. \u00abLos Yuki\u00bb demostrar\u00e1n todo su talento y destreza en la danza ataviada de sus vestimentas y huaracas.<\/span><\/p>\n<p><span style=\"color: #000000;\">La Asociaci\u00f3n de residentes de hijos de Uripa en Lima, la organizaci\u00f3n de comuneros de Uripa y las diversas instituciones culturales de la provincia de Chincheros e invitados de otras provincias participar\u00e1n en esta festividad.<\/span><\/p>\n<p><a href=\"https:\/\/elinformanteperu.com\/wp-content\/uploads\/2026\/04\/Festival-de-la-Pascua-de-Uripa-Apurimac2.jpg\"><img decoding=\"async\" class=\"size-large wp-image-147892 aligncenter\" src=\"https:\/\/elinformanteperu.com\/wp-content\/uploads\/2026\/04\/Festival-de-la-Pascua-de-Uripa-Apurimac2-1024x576.jpg\" alt=\"\" width=\"615\" height=\"346\" srcset=\"https:\/\/elinformanteperu.com\/wp-content\/uploads\/2026\/04\/Festival-de-la-Pascua-de-Uripa-Apurimac2-1024x576.jpg 1024w, https:\/\/elinformanteperu.com\/wp-content\/uploads\/2026\/04\/Festival-de-la-Pascua-de-Uripa-Apurimac2-300x169.jpg 300w, https:\/\/elinformanteperu.com\/wp-content\/uploads\/2026\/04\/Festival-de-la-Pascua-de-Uripa-Apurimac2-768x432.jpg 768w, https:\/\/elinformanteperu.com\/wp-content\/uploads\/2026\/04\/Festival-de-la-Pascua-de-Uripa-Apurimac2-1536x864.jpg 1536w, https:\/\/elinformanteperu.com\/wp-content\/uploads\/2026\/04\/Festival-de-la-Pascua-de-Uripa-Apurimac2-620x350.jpg 620w, https:\/\/elinformanteperu.com\/wp-content\/uploads\/2026\/04\/Festival-de-la-Pascua-de-Uripa-Apurimac2-935x526.jpg 935w, https:\/\/elinformanteperu.com\/wp-content\/uploads\/2026\/04\/Festival-de-la-Pascua-de-Uripa-Apurimac2.jpg 1600w\" sizes=\"(max-width: 615px) 100vw, 615px\" \/><\/a><\/p>\n<p><iframe title=\"Apur\u00edmac: Festival de la Pascua de Uripa, patrimonio cultural de la naci\u00f3n\" width=\"615\" height=\"346\" src=\"https:\/\/www.youtube.com\/embed\/9EGlKa7AuZE?feature=oembed\" frameborder=\"0\" allow=\"accelerometer; autoplay; clipboard-write; encrypted-media; gyroscope; picture-in-picture; web-share\" referrerpolicy=\"strict-origin-when-cross-origin\" allowfullscreen><\/iframe><\/p>\n<p>&nbsp;<\/p>\n","protected":false},"excerpt":{"rendered":"<p>Lima, 31 de marzo 2026 (Por: Jeanette Garc\u00eda \/ El Informante Per\u00fa).- La Pascua de Uripa es una de las festividades m\u00e1s importantes de la regi\u00f3n Apur\u00edmac, que se celebrar\u00e1 en el distrito de Anco Huallo (provincia de Chincheros) del 5 al 10 de abril gracias a la gesti\u00f3n del Alcalde, Miguel Huacre Mendez, alcalde [&hellip;]<\/p>\n","protected":false},"author":1,"featured_media":147920,"comment_status":"closed","ping_status":"closed","sticky":false,"template":"","format":"standard","meta":{"rop_custom_images_group":[],"rop_custom_messages_group":[],"rop_publish_now":"initial","rop_publish_now_accounts":[],"rop_publish_now_history":[],"rop_publish_now_status":"pending","footnotes":""},"categories":[10,5745],"tags":[717,8790],"class_list":["post-147919","post","type-post","status-publish","format-standard","has-post-thumbnail","hentry","category-actualidad-municipal","category-lo-ultimo","tag-apurimac","tag-pascua-de-uripa"],"_links":{"self":[{"href":"https:\/\/elinformanteperu.com\/index.php\/wp-json\/wp\/v2\/posts\/147919","targetHints":{"allow":["GET"]}}],"collection":[{"href":"https:\/\/elinformanteperu.com\/index.php\/wp-json\/wp\/v2\/posts"}],"about":[{"href":"https:\/\/elinformanteperu.com\/index.php\/wp-json\/wp\/v2\/types\/post"}],"author":[{"embeddable":true,"href":"https:\/\/elinformanteperu.com\/index.php\/wp-json\/wp\/v2\/users\/1"}],"replies":[{"embeddable":true,"href":"https:\/\/elinformanteperu.com\/index.php\/wp-json\/wp\/v2\/comments?post=147919"}],"version-history":[{"count":2,"href":"https:\/\/elinformanteperu.com\/index.php\/wp-json\/wp\/v2\/posts\/147919\/revisions"}],"predecessor-version":[{"id":147926,"href":"https:\/\/elinformanteperu.com\/index.php\/wp-json\/wp\/v2\/posts\/147919\/revisions\/147926"}],"wp:featuredmedia":[{"embeddable":true,"href":"https:\/\/elinformanteperu.com\/index.php\/wp-json\/wp\/v2\/media\/147920"}],"wp:attachment":[{"href":"https:\/\/elinformanteperu.com\/index.php\/wp-json\/wp\/v2\/media?parent=147919"}],"wp:term":[{"taxonomy":"category","embeddable":true,"href":"https:\/\/elinformanteperu.com\/index.php\/wp-json\/wp\/v2\/categories?post=147919"},{"taxonomy":"post_tag","embeddable":true,"href":"https:\/\/elinformanteperu.com\/index.php\/wp-json\/wp\/v2\/tags?post=147919"}],"curies":[{"name":"wp","href":"https:\/\/api.w.org\/{rel}","templated":true}]}}