{"id":147853,"date":"2026-03-31T00:53:55","date_gmt":"2026-03-31T05:53:55","guid":{"rendered":"https:\/\/elinformanteperu.com\/?p=147853"},"modified":"2026-03-31T00:53:55","modified_gmt":"2026-03-31T05:53:55","slug":"manolo-rojas-un-artista-reconocido-por-su-gran-corazon","status":"publish","type":"post","link":"https:\/\/elinformanteperu.com\/index.php\/2026\/03\/31\/manolo-rojas-un-artista-reconocido-por-su-gran-corazon\/","title":{"rendered":"Manolo Rojas: un artista reconocido por su gran coraz\u00f3n"},"content":{"rendered":"<p><span style=\"color: #000000;\"><strong>Lima, 31 de marzo 2026 (ANDINA).-<\/strong> Marcado por un talento \u00fanico, el artista huaralino Manolo Rojas Ib\u00e1\u00f1ez deja una estela de tristeza en la comicidad nacional tras su repentina partida a los 63 a\u00f1os. Hoy sus seguidores lo lloran no solo por su arte, sino por su don de gentes y gran humanidad.<\/span><\/p>\n<p><span style=\"color: #000000;\">Proveniente de una familia de clase humilde, Manolo Rojas no solo fue un comediante, imitador, actor, cantante y compositor peruano; sino por sobre todo un padre dedicado y un hombre de familia.<\/span><\/p>\n<p><span style=\"color: #000000;\">En sus inicios fue parte de una de las primeras generaciones de los c\u00f3micos ambulantes dando el salto a la televisi\u00f3n en espacios como Hola que tal, de Am\u00e9rica Televisi\u00f3n bajo la conducci\u00f3n del tambi\u00e9n comediante Rom\u00e1n \u00abRonco\u00bb G\u00e1mez.<\/span><\/p>\n<p><span style=\"color: #000000;\">\u00c9l ser\u00eda quien descubri\u00f3 su talento en la d\u00e9cada de los 80. Su carrera comenz\u00f3 a ir en ascenso y as\u00ed siguieron La M\u00e1quina de la Risa.<\/span><\/p>\n<p><span style=\"color: #000000;\">Sin embargo, el micr\u00f3fono radial siempre lo apasion\u00f3 y as\u00ed en paralelo integr\u00f3 el elenco del noticiero c\u00f3mico Lo bueno, lo malo y lo feo de la jornada de Radio Moderna.<\/span><\/p>\n<p><span style=\"color: #000000;\">En 1990 logra su pase a la Esquina de la televisi\u00f3n para ser parte del elenco de un espacio que logra la tambi\u00e9n actriz Roxana \u00c1valos que se llam\u00f3 La Guardia Serafina.<\/span><\/p>\n<p><a href=\"https:\/\/elinformanteperu.com\/wp-content\/uploads\/2026\/03\/manolo-rojas2.jpg\"><img fetchpriority=\"high\" decoding=\"async\" class=\"size-large wp-image-147855 aligncenter\" src=\"https:\/\/elinformanteperu.com\/wp-content\/uploads\/2026\/03\/manolo-rojas2-1024x683.jpg\" alt=\"\" width=\"615\" height=\"410\" srcset=\"https:\/\/elinformanteperu.com\/wp-content\/uploads\/2026\/03\/manolo-rojas2-1024x683.jpg 1024w, https:\/\/elinformanteperu.com\/wp-content\/uploads\/2026\/03\/manolo-rojas2-300x200.jpg 300w, https:\/\/elinformanteperu.com\/wp-content\/uploads\/2026\/03\/manolo-rojas2-768x512.jpg 768w, https:\/\/elinformanteperu.com\/wp-content\/uploads\/2026\/03\/manolo-rojas2-1536x1024.jpg 1536w, https:\/\/elinformanteperu.com\/wp-content\/uploads\/2026\/03\/manolo-rojas2.jpg 1800w\" sizes=\"(max-width: 615px) 100vw, 615px\" \/><\/a><span style=\"color: #000000;\">Ese ser\u00eda el paso para entrar por la puerta grande posteriormente al elenco de Risas y salsa. All\u00ed logr\u00f3 encumbrarse con las imitaciones a personajes como el gran Pepe Ludmir.<\/span><\/p>\n<p><span style=\"color: #000000;\">Tambi\u00e9n imitar\u00eda periodistas deportivos como Lucho Isusqui, el Tigre Navarro y a pol\u00edticos; incluso a personajes femeninos como Susy D\u00edaz.<\/span><\/p>\n<p><span style=\"color: #000000;\">Los int\u00e9rpretes como Juan Gabriel fueron parte de su repertorio as\u00ed como el Zambo Cavero y Luc\u00eda de la Cruz.<\/span><\/p>\n<p><span style=\"color: #000000;\">Pero ser\u00eda con la imitaci\u00f3n al \u00abBrother\u00bb Pablo, reconocida por el mismo evangelista Paul Finkenbinder, que incluso lo llev\u00f3 a visitar la iglesia y ser reconocido por el predicador ante su audiencia por mantenerlo vigente.<\/span><\/p>\n<p><span style=\"color: #000000;\">En el a\u00f1o 2001 incursion\u00f3 como productor en Austral Televisi\u00f3n junto a Arturo \u00c1lvarez, pero fue un breve espacio y se uni\u00f3 en el 2002 a la se\u00f1al de Am\u00e9rica Televisi\u00f3n. Sin embargo, tres a\u00f1os despu\u00e9s regresa a Panamericana TV.<\/span><\/p>\n<p><span style=\"color: #000000;\">Luego ser\u00eda parte de otros recordados espacios en el que destaca El Reventonazo de la Chola Chabuca en Am\u00e9rica Televisi\u00f3n. En paralelo se integr\u00f3 a RPP, donde fue parte de Los chistosos hasta la fecha.<\/span><\/p>\n<p><span style=\"color: #000000;\">La actuaci\u00f3n tambi\u00e9n fue parte de su vida y dio a conocer su vena actoral en cine y TV en la serie De vuelta al barrio como el Muqui, el curandero del barrio San Jos\u00e9 y en Al fondo hay sitio.<\/span><\/p>\n<p><span style=\"color: #000000;\">Tambi\u00e9n fue compositor y cuenta con m\u00e1s de 30 canciones registradas, algunas interpretadas por conocidas agrupaciones como Agua Bella, siendo algunas de \u00e9stas \u00abCoraz\u00f3n necio\u00bb, \u00abVen conmigo\u00bb (para la Telet\u00f3n 2008) y \u00abDo\u00f1a mentira\u00bb.<\/span><\/p>\n<p><span style=\"color: #000000;\">En febrero de 2022, lanz\u00f3 su primer sencillo \u00abPor enamorarme\u00bb. En paralelo, desarrollaba sus actividades profesionales sobre los escenarios y alistaba su especial art\u00edstico que iba a realizarse en breve.<\/span><\/p>\n<p><a href=\"https:\/\/elinformanteperu.com\/wp-content\/uploads\/2026\/03\/manolo-rojas1.webp\"><img decoding=\"async\" class=\"size-large wp-image-147856 aligncenter\" src=\"https:\/\/elinformanteperu.com\/wp-content\/uploads\/2026\/03\/manolo-rojas1-1024x743.webp\" alt=\"\" width=\"615\" height=\"446\" srcset=\"https:\/\/elinformanteperu.com\/wp-content\/uploads\/2026\/03\/manolo-rojas1-1024x743.webp 1024w, https:\/\/elinformanteperu.com\/wp-content\/uploads\/2026\/03\/manolo-rojas1-300x218.webp 300w, https:\/\/elinformanteperu.com\/wp-content\/uploads\/2026\/03\/manolo-rojas1-768x557.webp 768w, https:\/\/elinformanteperu.com\/wp-content\/uploads\/2026\/03\/manolo-rojas1-1536x1114.webp 1536w, https:\/\/elinformanteperu.com\/wp-content\/uploads\/2026\/03\/manolo-rojas1.webp 1800w\" sizes=\"(max-width: 615px) 100vw, 615px\" \/><\/a><\/p>\n","protected":false},"excerpt":{"rendered":"<p>Lima, 31 de marzo 2026 (ANDINA).- Marcado por un talento \u00fanico, el artista huaralino Manolo Rojas Ib\u00e1\u00f1ez deja una estela de tristeza en la comicidad nacional tras su repentina partida a los 63 a\u00f1os. Hoy sus seguidores lo lloran no solo por su arte, sino por su don de gentes y gran humanidad. Proveniente de [&hellip;]<\/p>\n","protected":false},"author":1,"featured_media":147854,"comment_status":"closed","ping_status":"closed","sticky":false,"template":"","format":"standard","meta":{"rop_custom_images_group":[],"rop_custom_messages_group":[],"rop_publish_now":"initial","rop_publish_now_accounts":[],"rop_publish_now_history":[],"rop_publish_now_status":"pending","footnotes":""},"categories":[70],"tags":[],"class_list":["post-147853","post","type-post","status-publish","format-standard","has-post-thumbnail","hentry","category-farandula"],"_links":{"self":[{"href":"https:\/\/elinformanteperu.com\/index.php\/wp-json\/wp\/v2\/posts\/147853","targetHints":{"allow":["GET"]}}],"collection":[{"href":"https:\/\/elinformanteperu.com\/index.php\/wp-json\/wp\/v2\/posts"}],"about":[{"href":"https:\/\/elinformanteperu.com\/index.php\/wp-json\/wp\/v2\/types\/post"}],"author":[{"embeddable":true,"href":"https:\/\/elinformanteperu.com\/index.php\/wp-json\/wp\/v2\/users\/1"}],"replies":[{"embeddable":true,"href":"https:\/\/elinformanteperu.com\/index.php\/wp-json\/wp\/v2\/comments?post=147853"}],"version-history":[{"count":1,"href":"https:\/\/elinformanteperu.com\/index.php\/wp-json\/wp\/v2\/posts\/147853\/revisions"}],"predecessor-version":[{"id":147857,"href":"https:\/\/elinformanteperu.com\/index.php\/wp-json\/wp\/v2\/posts\/147853\/revisions\/147857"}],"wp:featuredmedia":[{"embeddable":true,"href":"https:\/\/elinformanteperu.com\/index.php\/wp-json\/wp\/v2\/media\/147854"}],"wp:attachment":[{"href":"https:\/\/elinformanteperu.com\/index.php\/wp-json\/wp\/v2\/media?parent=147853"}],"wp:term":[{"taxonomy":"category","embeddable":true,"href":"https:\/\/elinformanteperu.com\/index.php\/wp-json\/wp\/v2\/categories?post=147853"},{"taxonomy":"post_tag","embeddable":true,"href":"https:\/\/elinformanteperu.com\/index.php\/wp-json\/wp\/v2\/tags?post=147853"}],"curies":[{"name":"wp","href":"https:\/\/api.w.org\/{rel}","templated":true}]}}