{"id":147850,"date":"2026-03-27T03:07:00","date_gmt":"2026-03-27T08:07:00","guid":{"rendered":"https:\/\/elinformanteperu.com\/?p=147850"},"modified":"2026-03-27T03:07:13","modified_gmt":"2026-03-27T08:07:13","slug":"a-las-entidades-educativas-no-se-les-puede-aplicar-las-disposiciones-de-la-ley-27809-ley-general-del-sistema-concursal","status":"publish","type":"post","link":"https:\/\/elinformanteperu.com\/index.php\/2026\/03\/27\/a-las-entidades-educativas-no-se-les-puede-aplicar-las-disposiciones-de-la-ley-27809-ley-general-del-sistema-concursal\/","title":{"rendered":"A las entidades educativas no se les puede aplicar las disposiciones de la ley 27809, Ley General del Sistema Concursal"},"content":{"rendered":"<p><span style=\"color: #000000;\"><strong>Lima, 26 de marzo 2026 (El Informante Per\u00fa).-<\/strong> La Sala Primera del Tribunal Constitucional (TC) considera que a las entidades educativas de todos los niveles no se les pueden aplicar las disposiciones de la Ley 27809, Ley General del Sistema Concursal, m\u00e1s all\u00e1 de tratarse de entidades que se dedican a actividades comerciales lucrativas de prestaci\u00f3n de servicios o venta de bienes, debido a que desarrollan una actividad que tiene una especial regulaci\u00f3n constitucional, conforme al segundo p\u00e1rrafo del art\u00edculo 138 de la Constituci\u00f3n Pol\u00edtica.<\/span><\/p>\n<p><span style=\"color: #000000;\">Por ello, el Instituto Nacional de Defensa de la Competencia y de la Protecci\u00f3n de la Propiedad Intelectual (Indecopi) carece de competencia para tramitar las solicitudes de proceso concursal contra una entidad educativa, porque puede afectar indirectamente a un importante colectivo de estudiantes.<\/span><\/p>\n<p><span style=\"color: #000000;\">As\u00ed lo estableci\u00f3 en la sentencia reca\u00edda en el expediente N.\u00b0 04791-2024-AA\/TC, que declara fundada la demanda de la Universidad Alas Peruanas contra Indecopi y nula la Resoluci\u00f3n 3804-2020\/CCO-INDECOPI, del 26 de octubre de 2020, y su confirmatoria, la Resoluci\u00f3n 0280-2021\/SCO-INDECOPI, del 1 de junio de 2021.<\/span><\/p>\n<p><span style=\"color: #000000;\">Asimismo, declara que no es aplicable a esta universidad la Ley General del Sistema Concursal y que Indecopi carece de competencia para someter a un procedimiento concursal a la entidad demandante, por cuanto presta el servicio de educaci\u00f3n superior.<\/span><\/p>\n<p><span style=\"color: #000000;\">En los fundamentos, la Sala Primera detalla que la educaci\u00f3n es reconocida en nuestra Constituci\u00f3n Pol\u00edtica como un elemento esencial en la formaci\u00f3n y desarrollo de la persona humana y su dignidad. Su relevancia constitucional no solo se limita a la promoci\u00f3n del conocimiento para la vida profesional, sino tambi\u00e9n para otros \u00e1mbitos de la vida humana.<\/span><\/p>\n<p><span style=\"color: #000000;\">Sobre la educaci\u00f3n universitaria, el art\u00edculo 18 de la Constituci\u00f3n indica que tiene como fines la formaci\u00f3n profesional, la difusi\u00f3n cultural, la creaci\u00f3n intelectual y art\u00edstica y la investigaci\u00f3n cient\u00edfica y tecnol\u00f3gica. El Estado garantiza la libertad de c\u00e1tedra y rechaza la intolerancia.<\/span><\/p>\n<p><span style=\"color: #000000;\">El TC concluye que la educaci\u00f3n es tambi\u00e9n un aut\u00e9ntico servicio p\u00fablico que explica una de las funciones-fines del Estado, cuya ejecuci\u00f3n puede operar directamente o a trav\u00e9s de terceros (entidades privadas), aunque siempre bajo fiscalizaci\u00f3n estatal. En ese entendido, resulta factible afirmar que las universidades privadas, en tanto a la prestaci\u00f3n del servicio de educaci\u00f3n, pueden ser entendidas como entidades de derecho privado que forman parte de la administraci\u00f3n p\u00fablica, conforme lo se\u00f1alado por el art\u00edculo 1 de la Ley 27444, Ley del Procedimiento Administrativo General.<\/span><\/p>\n<p><span style=\"color: #000000;\">La Sala Primera del TC est\u00e1 integrada por los magistrados Pedro Hern\u00e1ndez Ch\u00e1vez (presidente), Francisco Morales Saravia y Manuel Monteagudo Valdez. En esta sentencia fue convocado el magistrado C\u00e9sar Ochoa Cardich, a fin de que pueda dirimir la discordia suscitada por el voto singular del magistrado Monteagudo.<\/span><\/p>\n<p><span style=\"color: #000000;\"><strong>Enlace a la sentencia:<\/strong> <a href=\"https:\/\/www.tc.gob.pe\/jurisprudencia\/2026\/04791-2024-AA.pdf\"><strong>https:\/\/www.tc.gob.pe\/jurisprudencia\/2026\/04791-2024-AA.pdf<\/strong><\/a><\/span><\/p>\n","protected":false},"excerpt":{"rendered":"<p>Lima, 26 de marzo 2026 (El Informante Per\u00fa).- La Sala Primera del Tribunal Constitucional (TC) considera que a las entidades educativas de todos los niveles no se les pueden aplicar las disposiciones de la Ley 27809, Ley General del Sistema Concursal, m\u00e1s all\u00e1 de tratarse de entidades que se dedican a actividades comerciales lucrativas de [&hellip;]<\/p>\n","protected":false},"author":1,"featured_media":142366,"comment_status":"closed","ping_status":"closed","sticky":false,"template":"","format":"standard","meta":{"rop_custom_images_group":[],"rop_custom_messages_group":[],"rop_publish_now":"initial","rop_publish_now_accounts":[],"rop_publish_now_history":[],"rop_publish_now_status":"pending","footnotes":""},"categories":[10],"tags":[1402,1401],"class_list":["post-147850","post","type-post","status-publish","format-standard","has-post-thumbnail","hentry","category-actualidad-municipal","tag-tc","tag-tribunal-constitucional"],"_links":{"self":[{"href":"https:\/\/elinformanteperu.com\/index.php\/wp-json\/wp\/v2\/posts\/147850","targetHints":{"allow":["GET"]}}],"collection":[{"href":"https:\/\/elinformanteperu.com\/index.php\/wp-json\/wp\/v2\/posts"}],"about":[{"href":"https:\/\/elinformanteperu.com\/index.php\/wp-json\/wp\/v2\/types\/post"}],"author":[{"embeddable":true,"href":"https:\/\/elinformanteperu.com\/index.php\/wp-json\/wp\/v2\/users\/1"}],"replies":[{"embeddable":true,"href":"https:\/\/elinformanteperu.com\/index.php\/wp-json\/wp\/v2\/comments?post=147850"}],"version-history":[{"count":2,"href":"https:\/\/elinformanteperu.com\/index.php\/wp-json\/wp\/v2\/posts\/147850\/revisions"}],"predecessor-version":[{"id":147852,"href":"https:\/\/elinformanteperu.com\/index.php\/wp-json\/wp\/v2\/posts\/147850\/revisions\/147852"}],"wp:featuredmedia":[{"embeddable":true,"href":"https:\/\/elinformanteperu.com\/index.php\/wp-json\/wp\/v2\/media\/142366"}],"wp:attachment":[{"href":"https:\/\/elinformanteperu.com\/index.php\/wp-json\/wp\/v2\/media?parent=147850"}],"wp:term":[{"taxonomy":"category","embeddable":true,"href":"https:\/\/elinformanteperu.com\/index.php\/wp-json\/wp\/v2\/categories?post=147850"},{"taxonomy":"post_tag","embeddable":true,"href":"https:\/\/elinformanteperu.com\/index.php\/wp-json\/wp\/v2\/tags?post=147850"}],"curies":[{"name":"wp","href":"https:\/\/api.w.org\/{rel}","templated":true}]}}