{"id":147830,"date":"2026-03-27T02:36:30","date_gmt":"2026-03-27T07:36:30","guid":{"rendered":"https:\/\/elinformanteperu.com\/?p=147830"},"modified":"2026-03-27T02:36:30","modified_gmt":"2026-03-27T07:36:30","slug":"ninas-y-ninos-una-mirada-cruda-sobre-el-amor-la-violencia-y-la-memoria","status":"publish","type":"post","link":"https:\/\/elinformanteperu.com\/index.php\/2026\/03\/27\/ninas-y-ninos-una-mirada-cruda-sobre-el-amor-la-violencia-y-la-memoria\/","title":{"rendered":"\u00abNi\u00f1as y Ni\u00f1os\u00bb: una mirada cruda sobre el amor, la violencia y la memoria"},"content":{"rendered":"<p><strong><span style=\"color: #000000;\">El texto de Dennis Kelly llega a Lima con una propuesta que invita a reflexionar sobre la fragilidad de los v\u00ednculos humanos.<\/span><\/strong><\/p>\n<p><span style=\"color: #000000;\"><strong>Lima, 26 de marzo 2026 (El Informante Per\u00fa).-<\/strong> Ni\u00f1as y Ni\u00f1os, una impactante propuesta teatral inicia temporada del 2 al 19 de abril, en el Teatro De Luc\u00eda (Miraflores) de jueves a s\u00e1bado a las 8:00 p.m. y domingos a las 7:00 p.m., las entradas ya se encuentran disponibles en Joinnus (https:\/\/www.joinnus.com\/events\/theater\/lima-ninas-y-ninos-74546).<\/span><\/p>\n<p><span style=\"color: #000000;\">A trav\u00e9s de un mon\u00f3logo \u00edntimo y profundamente humano, la obra sigue a una mujer que reconstruye su vida frente al p\u00fablico, en un relato que transita entre el humor, la cotidianidad y una oscuridad que se revela de forma progresiva, convirtiendo una historia aparentemente com\u00fan en una experiencia esc\u00e9nica tan conmovedora como perturbadora.<\/span><\/p>\n<p><span style=\"color: #000000;\">Escrita por el prestigioso dramaturgo brit\u00e1nico Dennis Kelly, la obra pone en escena una mirada compleja sobre la violencia dentro del \u00e1mbito dom\u00e9stico, alej\u00e1ndose del tratamiento convencional para explorar sus ra\u00edces emocionales, sociales y humanas. En esta puesta, dirigida por Jorge Robinet y Nae Hanashiro, el relato no se centra \u00fanicamente en el horror, sino tambi\u00e9n en la posibilidad de reflexi\u00f3n, empat\u00eda y resignificaci\u00f3n del dolor.<\/span><\/p>\n<p><span style=\"color: #000000;\">Con una interpretaci\u00f3n potente de Vanessa Vizcarra, la obra se presenta como un ejercicio esc\u00e9nico que confronta al espectador con preguntas inc\u00f3modas sobre el amor, la familia y la capacidad humana tanto para construir como para destruir.<\/span><\/p>\n<p><span style=\"color: #000000;\">En un contexto donde la violencia y la salud emocional forman parte urgente de la conversaci\u00f3n p\u00fablica, Ni\u00f1as y Ni\u00f1os se posiciona como una obra necesaria que trasciende el escenario para abrir preguntas inc\u00f3modas y profundamente humanas.<\/span><\/p>\n<p><strong><span style=\"color: #000000;\">Datos de la obra:<\/span><\/strong><br \/>\n<span style=\"color: #000000;\"><strong>Temporada:<\/strong> Del 2 al 19 de abril<\/span><br \/>\n<span style=\"color: #000000;\"><strong>Lugar:<\/strong> Teatro De Luc\u00eda (Calle Bellavista 512, Miraflores)<\/span><br \/>\n<span style=\"color: #000000;\"><strong>Funciones:<\/strong> Jueves a s\u00e1bado \u2013 8:00 p.m. \/ Domingos \u2013 7:00 p.m.<\/span><br \/>\n<span style=\"color: #000000;\"><strong>Entradas:<\/strong> https:\/\/www.joinnus.com\/events\/theater\/lima-ninas-y-ninos-74546<\/span><br \/>\n<span style=\"color: #000000;\"><strong>Dramaturgia:<\/strong> Dennis Kelly<\/span><br \/>\n<span style=\"color: #000000;\"><strong>Elenco:<\/strong> Vanessa Vizcarra<\/span><br \/>\n<span style=\"color: #000000;\"><strong>Direcci\u00f3n:<\/strong> Jorge Robinet y Nae Hanashiro.<\/span><\/p>\n<p><a href=\"https:\/\/elinformanteperu.com\/wp-content\/uploads\/2026\/03\/ninas-y-ninos-teatro1.jpg\"><img fetchpriority=\"high\" decoding=\"async\" class=\"wp-image-147832 aligncenter\" src=\"https:\/\/elinformanteperu.com\/wp-content\/uploads\/2026\/03\/ninas-y-ninos-teatro1.jpg\" alt=\"\" width=\"419\" height=\"630\" srcset=\"https:\/\/elinformanteperu.com\/wp-content\/uploads\/2026\/03\/ninas-y-ninos-teatro1.jpg 591w, https:\/\/elinformanteperu.com\/wp-content\/uploads\/2026\/03\/ninas-y-ninos-teatro1-199x300.jpg 199w\" sizes=\"(max-width: 419px) 100vw, 419px\" \/><\/a><\/p>\n","protected":false},"excerpt":{"rendered":"<p>El texto de Dennis Kelly llega a Lima con una propuesta que invita a reflexionar sobre la fragilidad de los v\u00ednculos humanos. Lima, 26 de marzo 2026 (El Informante Per\u00fa).- Ni\u00f1as y Ni\u00f1os, una impactante propuesta teatral inicia temporada del 2 al 19 de abril, en el Teatro De Luc\u00eda (Miraflores) de jueves a s\u00e1bado [&hellip;]<\/p>\n","protected":false},"author":1,"featured_media":147831,"comment_status":"closed","ping_status":"closed","sticky":false,"template":"","format":"standard","meta":{"rop_custom_images_group":[],"rop_custom_messages_group":[],"rop_publish_now":"initial","rop_publish_now_accounts":[],"rop_publish_now_history":[],"rop_publish_now_status":"pending","footnotes":""},"categories":[70],"tags":[1277],"class_list":["post-147830","post","type-post","status-publish","format-standard","has-post-thumbnail","hentry","category-farandula","tag-teatro-de-lucia"],"_links":{"self":[{"href":"https:\/\/elinformanteperu.com\/index.php\/wp-json\/wp\/v2\/posts\/147830","targetHints":{"allow":["GET"]}}],"collection":[{"href":"https:\/\/elinformanteperu.com\/index.php\/wp-json\/wp\/v2\/posts"}],"about":[{"href":"https:\/\/elinformanteperu.com\/index.php\/wp-json\/wp\/v2\/types\/post"}],"author":[{"embeddable":true,"href":"https:\/\/elinformanteperu.com\/index.php\/wp-json\/wp\/v2\/users\/1"}],"replies":[{"embeddable":true,"href":"https:\/\/elinformanteperu.com\/index.php\/wp-json\/wp\/v2\/comments?post=147830"}],"version-history":[{"count":1,"href":"https:\/\/elinformanteperu.com\/index.php\/wp-json\/wp\/v2\/posts\/147830\/revisions"}],"predecessor-version":[{"id":147833,"href":"https:\/\/elinformanteperu.com\/index.php\/wp-json\/wp\/v2\/posts\/147830\/revisions\/147833"}],"wp:featuredmedia":[{"embeddable":true,"href":"https:\/\/elinformanteperu.com\/index.php\/wp-json\/wp\/v2\/media\/147831"}],"wp:attachment":[{"href":"https:\/\/elinformanteperu.com\/index.php\/wp-json\/wp\/v2\/media?parent=147830"}],"wp:term":[{"taxonomy":"category","embeddable":true,"href":"https:\/\/elinformanteperu.com\/index.php\/wp-json\/wp\/v2\/categories?post=147830"},{"taxonomy":"post_tag","embeddable":true,"href":"https:\/\/elinformanteperu.com\/index.php\/wp-json\/wp\/v2\/tags?post=147830"}],"curies":[{"name":"wp","href":"https:\/\/api.w.org\/{rel}","templated":true}]}}